{"id":54851,"date":"2024-03-28T11:04:04","date_gmt":"2024-03-28T10:04:04","guid":{"rendered":"http:\/\/turismevalles.com.mialias.net\/?p=54851"},"modified":"2024-03-28T11:04:05","modified_gmt":"2024-03-28T10:04:05","slug":"between-heaven-and-earth-romanesque-valles-oriental","status":"publish","type":"post","link":"https:\/\/turismevalles.com\/en\/between-heaven-and-earth-romanesque-valles-oriental\/","title":{"rendered":"Between Heaven and Earth"},"content":{"rendered":"\n<h2 class=\"gb-headline gb-headline-037c4a8a gb-headline-text\">Romanesque in Vall\u00e8s Oriental, to be between Heaven and Earth.<\/h2>\n\n\n\n<p>Since the beginning of humanity, people have looked to the sky to try to see beyond. All civilisations have had their religions, their gods, and their beliefs. In honour of these deities, temples have been built, artistic works created, and songs and prayers written. This is precisely what remains for posterity, what we humans have done to be between Heaven and Earth.<\/p>\n\n\n\n<p>There are several of these remains in El Vall\u00e8s Oriental, and not a few! From prehistoric dolmens and menhirs to churches built during the last century. But if we focus on the time of year we are in now, Easter, we think of the Romanesque churches and hermitages that have a special charm.<\/p>\n\n\n\n<p>In the region we have religious buildings that date back to the beginning of the last millennium, during the 10th and 11th centuries. Here is a small route with some examples of these Romanesque churches and hermitages in El Vall\u00e8s Oriental that, during the Easter holidays, you can visit. Following the romanesque in Vall\u00e8s Oriental you will be between Heaven and Earth. <\/p>\n\n\n\n<h2 class=\"gb-headline gb-headline-05fc74a7 gb-headline-text\">Romanesque in <a href=\"https:\/\/www.canovelles.cat\/\">Canovelles<\/a><\/h2>\n\n\n\n<p>Let&#8217;s begin with one of the most famous in the region, Sant F\u00e8lix de Canovelles. This 11th-century Romanesque church, also known as Sant Feliu, is one of the few early Romanesque buildings in Catalonia. . It is built with a single elongated nave with Lombard bands around the entire facade.<\/p>\n\n\n\n<h2 class=\"gb-headline gb-headline-de7d2874 gb-headline-text\">Romanesque in <a href=\"https:\/\/www.biguesiriells.cat\/ca\/index.htm\">Bigues i Riells del Fai<\/a><\/h2>\n\n\n\n<p>In the middle of the Bert\u00ed Cliffs we find the monumental complex of Sant Miquel del Fai, made up of the Priory House, in Gothic style and founded in 997, and the church of Sant Miquel, surrounded by a spectacular landscape formed thanks to the action of water. Sant Miquel del Fai is the most spacious and well-preserved troglodytic temple in Catalonia. To visit it, it is very important to consult the website (click <a href=\"https:\/\/parcs.diba.cat\/web\/cinglesberti\/\"><em>here<\/em><\/a>) for visiting hours and to book!<\/p>\n\n\n\n<h2 class=\"gb-headline gb-headline-79ac65fa gb-headline-text\">Romanesque in <a href=\"https:\/\/www.lagarriga.cat\/\">La Garriga<\/a><\/h2>\n\n\n\n<p>Very close to the centre of La Garriga is the church of La Doma. Apart from the old church, there are also the buildings around and the old cemetery. The oldest part of the present-day church is the central Romanesque nave, built in the 12th century, which preserves a magnificent Gothic altarpiece of Sant Esteve, from the end of the 15th century, an exceptional artistic piece that will not leave you untouched.<\/p>\n\n\n\t\t\t\t\t<div\n\t\t\t\t\t\tclass=\"wp-block-uagb-image-gallery uagb-block-4ce97464     \"\n\t\t\t\t\t\tstyle=\"\"\n\t\t\t\t\t>\n\t\t\t\t\t\t\t\t\t\t\t<div class=\"spectra-image-gallery spectra-image-gallery__layout--grid spectra-image-gallery__layout--grid-col-3 spectra-image-gallery__layout--grid-col-tab-3 spectra-image-gallery__layout--grid-col-mob-2\">\n\t\t\t\t\t\t\t\t\t\t\t<div class='spectra-image-gallery__media-wrapper' data-spectra-gallery-image-id='11010' tabindex=\"0\">\n\t\t\t\t\t\t\t<div class=\"spectra-image-gallery__media spectra-image-gallery__media--grid\">\n\t\t\t\t<picture>\n\t\t\t\t\t<source media=\"(min-width: 1024px)\" srcset=\"http:\/\/turismevalles.com\/wp-content\/uploads\/2019\/01\/a34ac-200px-canovelles-sant_feliu-7014-01-1.jpg\">\n\t\t\t\t\t<source media=\"(min-width: 768px)\" srcset=\"http:\/\/turismevalles.com\/wp-content\/uploads\/2019\/01\/a34ac-200px-canovelles-sant_feliu-7014-01-1.jpg\">\n\t\t\t\t\t<img decoding=\"async\" class=\"spectra-image-gallery__media-thumbnail spectra-image-gallery__media-thumbnail--grid\" src=\"http:\/\/turismevalles.com\/wp-content\/uploads\/2019\/01\/a34ac-200px-canovelles-sant_feliu-7014-01-1.jpg\" alt=\"\" loading=\"lazy\" \/>\n\t\t\t\t<\/picture>\n\t\t\t\t<div class=\"spectra-image-gallery__media-thumbnail-blurrer\"><\/div>\n\t\t\t\t\t\t\t\t\t\t\t<div class=\"spectra-image-gallery__media-thumbnail-caption-wrapper spectra-image-gallery__media-thumbnail-caption-wrapper--overlay\">\n\t\t\t\t\t\t\t\t\t\t\t<div class=\"spectra-image-gallery__media-thumbnail-caption spectra-image-gallery__media-thumbnail-caption--overlay\">\n\t\t\t\t\tSant F\u00e8lix de Canovelles\t\t\t\t<\/div>\n\t\t\t\t\t\t\t\t\t\t<\/div>\n\t\t\t\t\t\t\t\t\t<\/div>\n\t\t\t\t\t\t<\/div>\n\t\t\t\t\t\t<div class='spectra-image-gallery__media-wrapper' data-spectra-gallery-image-id='53913' tabindex=\"0\">\n\t\t\t\t\t\t\t<div class=\"spectra-image-gallery__media spectra-image-gallery__media--grid\">\n\t\t\t\t<picture>\n\t\t\t\t\t<source media=\"(min-width: 1024px)\" srcset=\"http:\/\/turismevalles.com\/wp-content\/uploads\/2023\/11\/StMiquelFai-XSM-1-1024x683.jpg\">\n\t\t\t\t\t<source media=\"(min-width: 768px)\" srcset=\"http:\/\/turismevalles.com\/wp-content\/uploads\/2023\/11\/StMiquelFai-XSM-1-1024x683.jpg\">\n\t\t\t\t\t<img decoding=\"async\" class=\"spectra-image-gallery__media-thumbnail spectra-image-gallery__media-thumbnail--grid\" src=\"http:\/\/turismevalles.com\/wp-content\/uploads\/2023\/11\/StMiquelFai-XSM-1-300x200.jpg\" alt=\"st miquel del fai\" loading=\"lazy\" \/>\n\t\t\t\t<\/picture>\n\t\t\t\t<div class=\"spectra-image-gallery__media-thumbnail-blurrer\"><\/div>\n\t\t\t\t\t\t\t\t\t\t\t<div class=\"spectra-image-gallery__media-thumbnail-caption-wrapper spectra-image-gallery__media-thumbnail-caption-wrapper--overlay\">\n\t\t\t\t\t\t\t\t\t\t\t<div class=\"spectra-image-gallery__media-thumbnail-caption spectra-image-gallery__media-thumbnail-caption--overlay\">\n\t\t\t\t\tSant Miquel del Fai\t\t\t\t<\/div>\n\t\t\t\t\t\t\t\t\t\t<\/div>\n\t\t\t\t\t\t\t\t\t<\/div>\n\t\t\t\t\t\t<\/div>\n\t\t\t\t\t\t<div class='spectra-image-gallery__media-wrapper' data-spectra-gallery-image-id='53928' tabindex=\"0\">\n\t\t\t\t\t\t\t<div class=\"spectra-image-gallery__media spectra-image-gallery__media--grid\">\n\t\t\t\t<picture>\n\t\t\t\t\t<source media=\"(min-width: 1024px)\" srcset=\"http:\/\/turismevalles.com\/wp-content\/uploads\/2024\/02\/LaDoma-AjGarriga-1024x950.jpg\">\n\t\t\t\t\t<source media=\"(min-width: 768px)\" srcset=\"http:\/\/turismevalles.com\/wp-content\/uploads\/2024\/02\/LaDoma-AjGarriga-1024x950.jpg\">\n\t\t\t\t\t<img decoding=\"async\" class=\"spectra-image-gallery__media-thumbnail spectra-image-gallery__media-thumbnail--grid\" src=\"http:\/\/turismevalles.com\/wp-content\/uploads\/2024\/02\/LaDoma-AjGarriga-300x278.jpg\" alt=\"la doma\" loading=\"lazy\" \/>\n\t\t\t\t<\/picture>\n\t\t\t\t<div class=\"spectra-image-gallery__media-thumbnail-blurrer\"><\/div>\n\t\t\t\t\t\t\t\t\t\t\t<div class=\"spectra-image-gallery__media-thumbnail-caption-wrapper spectra-image-gallery__media-thumbnail-caption-wrapper--overlay\">\n\t\t\t\t\t\t\t\t\t\t\t<div class=\"spectra-image-gallery__media-thumbnail-caption spectra-image-gallery__media-thumbnail-caption--overlay\">\n\t\t\t\t\tLa Doma de La Garriga\t\t\t\t<\/div>\n\t\t\t\t\t\t\t\t\t\t<\/div>\n\t\t\t\t\t\t\t\t\t<\/div>\n\t\t\t\t\t\t<\/div>\n\t\t\t\t\t\t<div class='spectra-image-gallery__media-wrapper' data-spectra-gallery-image-id='53969' tabindex=\"0\">\n\t\t\t\t\t\t\t<div class=\"spectra-image-gallery__media spectra-image-gallery__media--grid\">\n\t\t\t\t<picture>\n\t\t\t\t\t<source media=\"(min-width: 1024px)\" srcset=\"http:\/\/turismevalles.com\/wp-content\/uploads\/2024\/02\/StaJusta-XSM-1024x683.jpg\">\n\t\t\t\t\t<source media=\"(min-width: 768px)\" srcset=\"http:\/\/turismevalles.com\/wp-content\/uploads\/2024\/02\/StaJusta-XSM-1024x683.jpg\">\n\t\t\t\t\t<img decoding=\"async\" class=\"spectra-image-gallery__media-thumbnail spectra-image-gallery__media-thumbnail--grid\" src=\"http:\/\/turismevalles.com\/wp-content\/uploads\/2024\/02\/StaJusta-XSM-300x200.jpg\" alt=\"ermita rom\u00e0nica de santa justa i santa rufina\" loading=\"lazy\" \/>\n\t\t\t\t<\/picture>\n\t\t\t\t<div class=\"spectra-image-gallery__media-thumbnail-blurrer\"><\/div>\n\t\t\t\t\t\t\t\t\t\t\t<div class=\"spectra-image-gallery__media-thumbnail-caption-wrapper spectra-image-gallery__media-thumbnail-caption-wrapper--overlay\">\n\t\t\t\t\t\t\t\t\t\t\t<div class=\"spectra-image-gallery__media-thumbnail-caption spectra-image-gallery__media-thumbnail-caption--overlay\">\n\t\t\t\t\tSanta Justa i Santa Rufina\t\t\t\t<\/div>\n\t\t\t\t\t\t\t\t\t\t<\/div>\n\t\t\t\t\t\t\t\t\t<\/div>\n\t\t\t\t\t\t<\/div>\n\t\t\t\t\t\t<div class='spectra-image-gallery__media-wrapper' data-spectra-gallery-image-id='53983' tabindex=\"0\">\n\t\t\t\t\t\t\t<div class=\"spectra-image-gallery__media spectra-image-gallery__media--grid\">\n\t\t\t\t<picture>\n\t\t\t\t\t<source media=\"(min-width: 1024px)\" srcset=\"http:\/\/turismevalles.com\/wp-content\/uploads\/2024\/02\/StaMariaGallecsXSM-2-1024x546.jpg\">\n\t\t\t\t\t<source media=\"(min-width: 768px)\" srcset=\"http:\/\/turismevalles.com\/wp-content\/uploads\/2024\/02\/StaMariaGallecsXSM-2-1024x546.jpg\">\n\t\t\t\t\t<img decoding=\"async\" class=\"spectra-image-gallery__media-thumbnail spectra-image-gallery__media-thumbnail--grid\" src=\"http:\/\/turismevalles.com\/wp-content\/uploads\/2024\/02\/StaMariaGallecsXSM-2-300x160.jpg\" alt=\"sta maria gallecs\" loading=\"lazy\" \/>\n\t\t\t\t<\/picture>\n\t\t\t\t<div class=\"spectra-image-gallery__media-thumbnail-blurrer\"><\/div>\n\t\t\t\t\t\t\t\t\t\t\t<div class=\"spectra-image-gallery__media-thumbnail-caption-wrapper spectra-image-gallery__media-thumbnail-caption-wrapper--overlay\">\n\t\t\t\t\t\t\t\t\t\t\t<div class=\"spectra-image-gallery__media-thumbnail-caption spectra-image-gallery__media-thumbnail-caption--overlay\">\n\t\t\t\t\tSanta maria de Gallecs\t\t\t\t<\/div>\n\t\t\t\t\t\t\t\t\t\t<\/div>\n\t\t\t\t\t\t\t\t\t<\/div>\n\t\t\t\t\t\t<\/div>\n\t\t\t\t\t\t<div class='spectra-image-gallery__media-wrapper' data-spectra-gallery-image-id='54820' tabindex=\"0\">\n\t\t\t\t\t\t\t<div class=\"spectra-image-gallery__media spectra-image-gallery__media--grid\">\n\t\t\t\t<picture>\n\t\t\t\t\t<source media=\"(min-width: 1024px)\" srcset=\"http:\/\/turismevalles.com\/wp-content\/uploads\/2024\/03\/StaMariaTagamanent-Manel-Cuesta-1024x685.jpg\">\n\t\t\t\t\t<source media=\"(min-width: 768px)\" srcset=\"http:\/\/turismevalles.com\/wp-content\/uploads\/2024\/03\/StaMariaTagamanent-Manel-Cuesta-1024x685.jpg\">\n\t\t\t\t\t<img decoding=\"async\" class=\"spectra-image-gallery__media-thumbnail spectra-image-gallery__media-thumbnail--grid\" src=\"http:\/\/turismevalles.com\/wp-content\/uploads\/2024\/03\/StaMariaTagamanent-Manel-Cuesta-300x201.jpg\" alt=\"\" loading=\"lazy\" \/>\n\t\t\t\t<\/picture>\n\t\t\t\t<div class=\"spectra-image-gallery__media-thumbnail-blurrer\"><\/div>\n\t\t\t\t\t\t\t\t\t\t\t<div class=\"spectra-image-gallery__media-thumbnail-caption-wrapper spectra-image-gallery__media-thumbnail-caption-wrapper--overlay\">\n\t\t\t\t\t\t\t\t\t\t\t<div class=\"spectra-image-gallery__media-thumbnail-caption spectra-image-gallery__media-thumbnail-caption--overlay\">\n\t\t\t\t\tSanta Maria de Tagamanent\t\t\t\t<\/div>\n\t\t\t\t\t\t\t\t\t\t<\/div>\n\t\t\t\t\t\t\t\t\t<\/div>\n\t\t\t\t\t\t<\/div>\n\t\t\t\t\t\t\t\t\t\t<\/div>\n\t\t\t\t\t\t\t\t\t\t\t\t\t\t\t\t\t\t<\/div>\n\t\t\t\t\t\t\t\t\t\n\n\n<h2 class=\"gb-headline gb-headline-71569fed gb-headline-text\">Romanesque in <a href=\"https:\/\/www.llicamunt.cat\/\">Lli\u00e7\u00e0 d&#8217;Amunt<\/a><\/h2>\n\n\n\n<p>To the north of Lli\u00e7\u00e0 d&#8217;Amunt, in the middle of a small wood next to the road, is the Romanesque chapel of Santa Justa and Santa Rufina, with a belfry and apse with Lombard arches. The site on which the chapel stands is very old and was already inhabited in Roman times. It is not known when the Romanesque building was built, although it is mentioned as early as 1071. It has a very interesting peculiarity, the wall that closes the presbytery, which is very unusual in Catalonia.<\/p>\n\n\n\n<h2 class=\"gb-headline gb-headline-905a3d68 gb-headline-text\">Romanesque in <a href=\"https:\/\/www.molletvalles.cat\/\">Mollet del Vall\u00e8s<\/a><\/h2>\n\n\n\n<p>The Espai Rural de Gallecs is located in Mollet del Vall\u00e8s. In this unique and important area for the region, you will find Santa Maria de Gallecs, a Romanesque chapel dating from the 12th century, with origins in a pre-Romanesque building, mentioned as far back as 1007. In addition, around the hermitage, you will find farmhouses of great architectural interest. <\/p>\n\n\n\n<h2 class=\"gb-headline gb-headline-e88f709e gb-headline-text\">Romanesque in <a href=\"https:\/\/www.tagamanent.cat\/\">Tagamanent<\/a><\/h2>\n\n\n\n<p>Last but not least is the Romanesque church of Santa Maria de Tagamanent. Located at the top of the hill of the same name, it was an old rural chapel linked to the castle that no longer exists. This fortification is mentioned for the first time in 993, and the church in 1009. However, no traces of seeds remain. The current building, which dates from the 12th century, is the result of late alterations and reconstructions.<\/p>\n\n\n\n<h2 class=\"gb-headline gb-headline-3b71c5c9 gb-headline-text\">Now let&#8217;s enjoy!<\/h2>\n\n\n\n<p>We recommend that you check the dates and times of visits before you go to any of the sites. We also hope you enjoy them as much as possible, always respecting the environment and the neighbours. So get out of home and enjoy the Romanesque in El Vall\u00e8s Oriental at your own pace in order to be between Heaven and Earth!<\/p>\n\n\n\n<p>And don\u2019t forget to check the <a href=\"http:\/\/turismevalles.com\/events\/\">Turisme Vall\u00e8s agenda<\/a> for all the Easter Week events and activities that we have spread throughout the municipalities of the county!<\/p>\n","protected":false},"excerpt":{"rendered":"<p>Romanesque in Vall\u00e8s Oriental, to be between Heaven and Earth. Since the beginning of humanity, people have looked to the sky to try to see &#8230; <a title=\"Between Heaven and Earth\" class=\"read-more\" href=\"https:\/\/turismevalles.com\/en\/between-heaven-and-earth-romanesque-valles-oriental\/\" aria-label=\"More on Between Heaven and Earth\">Veure m\u00e9s<\/a><\/p>\n","protected":false},"author":5,"featured_media":54863,"comment_status":"open","ping_status":"closed","sticky":false,"template":"","format":"standard","meta":{"_acf_changed":false,"inline_featured_image":false,"_uag_custom_page_level_css":"","footnotes":""},"categories":[2589,2583,2585,2587,2590,2586,2588,2584,7],"tags":[1144,2591],"class_list":["post-54851","post","type-post","status-publish","format-standard","has-post-thumbnail","hentry","category-bigues-i-riells-en","category-canovelles-en","category-culture","category-la-garriga-en","category-llica-damunt-en","category-middle-ages","category-mollet-del-valles-en","category-tagamanent-en","category-uncategorized","tag-cultura-en","tag-romanesque","generate-columns","tablet-grid-50","mobile-grid-100","grid-parent","grid-33"],"acf":[],"yoast_head":"<!-- This site is optimized with the Yoast SEO plugin v26.4 - https:\/\/yoast.com\/wordpress\/plugins\/seo\/ -->\n<title>Between Heaven and Earth - Turisme Vall\u00e8s<\/title>\n<meta name=\"description\" content=\"All civilisations have had their religions. In honour of these deities, temples have been built to be between Heaven and Earth.\" \/>\n<meta name=\"robots\" content=\"index, follow, max-snippet:-1, max-image-preview:large, max-video-preview:-1\" \/>\n<link rel=\"canonical\" href=\"https:\/\/turismevalles.com\/entre-el-cel-i-la-terra-romanic-valles-oriental\/\" \/>\n<meta property=\"og:locale\" content=\"en_US\" \/>\n<meta property=\"og:type\" content=\"article\" \/>\n<meta property=\"og:title\" content=\"Between Heaven and Earth - Turisme Vall\u00e8s\" \/>\n<meta property=\"og:description\" content=\"All civilisations have had their religions. In honour of these deities, temples have been built to be between Heaven and Earth.\" \/>\n<meta property=\"og:url\" content=\"https:\/\/turismevalles.com\/entre-el-cel-i-la-terra-romanic-valles-oriental\/\" \/>\n<meta property=\"og:site_name\" content=\"Turisme Vall\u00e8s\" \/>\n<meta property=\"article:published_time\" content=\"2024-03-28T10:04:04+00:00\" \/>\n<meta property=\"article:modified_time\" content=\"2024-03-28T10:04:05+00:00\" \/>\n<meta property=\"og:image\" content=\"https:\/\/turismevalles.com\/wp-content\/uploads\/2024\/03\/Banner3-1024x576.png\" \/>\n\t<meta property=\"og:image:width\" content=\"1024\" \/>\n\t<meta property=\"og:image:height\" content=\"576\" \/>\n\t<meta property=\"og:image:type\" content=\"image\/png\" \/>\n<meta name=\"author\" content=\"Turisme Valles\" \/>\n<meta name=\"twitter:card\" content=\"summary_large_image\" \/>\n<meta name=\"twitter:label1\" content=\"Written by\" \/>\n\t<meta name=\"twitter:data1\" content=\"Turisme Valles\" \/>\n\t<meta name=\"twitter:label2\" content=\"Est. reading time\" \/>\n\t<meta name=\"twitter:data2\" content=\"5 minutes\" \/>\n<script type=\"application\/ld+json\" class=\"yoast-schema-graph\">{\"@context\":\"https:\/\/schema.org\",\"@graph\":[{\"@type\":\"Article\",\"@id\":\"https:\/\/turismevalles.com\/entre-el-cel-i-la-terra-romanic-valles-oriental\/#article\",\"isPartOf\":{\"@id\":\"https:\/\/turismevalles.com\/entre-el-cel-i-la-terra-romanic-valles-oriental\/\"},\"author\":{\"name\":\"Turisme Valles\",\"@id\":\"https:\/\/turismevalles.com\/en\/#\/schema\/person\/da3ada7244bbe32fad8e7e8236465a16\"},\"headline\":\"Between Heaven and Earth\",\"datePublished\":\"2024-03-28T10:04:04+00:00\",\"dateModified\":\"2024-03-28T10:04:05+00:00\",\"mainEntityOfPage\":{\"@id\":\"https:\/\/turismevalles.com\/entre-el-cel-i-la-terra-romanic-valles-oriental\/\"},\"wordCount\":743,\"commentCount\":0,\"publisher\":{\"@id\":\"https:\/\/turismevalles.com\/en\/#organization\"},\"image\":{\"@id\":\"https:\/\/turismevalles.com\/entre-el-cel-i-la-terra-romanic-valles-oriental\/#primaryimage\"},\"thumbnailUrl\":\"https:\/\/turismevalles.com\/wp-content\/uploads\/2024\/03\/Banner3.png\",\"keywords\":[\"Cultura\",\"Romanesque\"],\"articleSection\":[\"Bigues i Riells\",\"Canovelles\",\"Culture\",\"La Garriga\",\"Lli\u00e7\u00e0 d'Amunt\",\"Middle Ages\",\"Mollet del Vall\u00e8s\",\"Tagamanent\"],\"inLanguage\":\"en-US\",\"potentialAction\":[{\"@type\":\"CommentAction\",\"name\":\"Comment\",\"target\":[\"https:\/\/turismevalles.com\/entre-el-cel-i-la-terra-romanic-valles-oriental\/#respond\"]}]},{\"@type\":\"WebPage\",\"@id\":\"https:\/\/turismevalles.com\/entre-el-cel-i-la-terra-romanic-valles-oriental\/\",\"url\":\"https:\/\/turismevalles.com\/entre-el-cel-i-la-terra-romanic-valles-oriental\/\",\"name\":\"Between Heaven and Earth - Turisme Vall\u00e8s\",\"isPartOf\":{\"@id\":\"https:\/\/turismevalles.com\/en\/#website\"},\"primaryImageOfPage\":{\"@id\":\"https:\/\/turismevalles.com\/entre-el-cel-i-la-terra-romanic-valles-oriental\/#primaryimage\"},\"image\":{\"@id\":\"https:\/\/turismevalles.com\/entre-el-cel-i-la-terra-romanic-valles-oriental\/#primaryimage\"},\"thumbnailUrl\":\"https:\/\/turismevalles.com\/wp-content\/uploads\/2024\/03\/Banner3.png\",\"datePublished\":\"2024-03-28T10:04:04+00:00\",\"dateModified\":\"2024-03-28T10:04:05+00:00\",\"description\":\"All civilisations have had their religions. In honour of these deities, temples have been built to be between Heaven and Earth.\",\"breadcrumb\":{\"@id\":\"https:\/\/turismevalles.com\/entre-el-cel-i-la-terra-romanic-valles-oriental\/#breadcrumb\"},\"inLanguage\":\"en-US\",\"potentialAction\":[{\"@type\":\"ReadAction\",\"target\":[\"https:\/\/turismevalles.com\/entre-el-cel-i-la-terra-romanic-valles-oriental\/\"]}]},{\"@type\":\"ImageObject\",\"inLanguage\":\"en-US\",\"@id\":\"https:\/\/turismevalles.com\/entre-el-cel-i-la-terra-romanic-valles-oriental\/#primaryimage\",\"url\":\"https:\/\/turismevalles.com\/wp-content\/uploads\/2024\/03\/Banner3.png\",\"contentUrl\":\"https:\/\/turismevalles.com\/wp-content\/uploads\/2024\/03\/Banner3.png\",\"width\":4400,\"height\":2475,\"caption\":\"between heaven and earth\"},{\"@type\":\"BreadcrumbList\",\"@id\":\"https:\/\/turismevalles.com\/entre-el-cel-i-la-terra-romanic-valles-oriental\/#breadcrumb\",\"itemListElement\":[{\"@type\":\"ListItem\",\"position\":1,\"name\":\"Home\",\"item\":\"https:\/\/turismevalles.com\/en\/\"},{\"@type\":\"ListItem\",\"position\":2,\"name\":\"Between Heaven and Earth\"}]},{\"@type\":\"WebSite\",\"@id\":\"https:\/\/turismevalles.com\/en\/#website\",\"url\":\"https:\/\/turismevalles.com\/en\/\",\"name\":\"Turisme Vall\u00e8s\",\"description\":\"\",\"publisher\":{\"@id\":\"https:\/\/turismevalles.com\/en\/#organization\"},\"potentialAction\":[{\"@type\":\"SearchAction\",\"target\":{\"@type\":\"EntryPoint\",\"urlTemplate\":\"https:\/\/turismevalles.com\/en\/?s={search_term_string}\"},\"query-input\":{\"@type\":\"PropertyValueSpecification\",\"valueRequired\":true,\"valueName\":\"search_term_string\"}}],\"inLanguage\":\"en-US\"},{\"@type\":\"Organization\",\"@id\":\"https:\/\/turismevalles.com\/en\/#organization\",\"name\":\"Turisme Vall\u00e8s\",\"url\":\"https:\/\/turismevalles.com\/en\/\",\"logo\":{\"@type\":\"ImageObject\",\"inLanguage\":\"en-US\",\"@id\":\"https:\/\/turismevalles.com\/en\/#\/schema\/logo\/image\/\",\"url\":\"https:\/\/turismevalles.com\/wp-content\/uploads\/2020\/08\/cropped-logo_ca-2.png\",\"contentUrl\":\"https:\/\/turismevalles.com\/wp-content\/uploads\/2020\/08\/cropped-logo_ca-2.png\",\"width\":314,\"height\":85,\"caption\":\"Turisme Vall\u00e8s\"},\"image\":{\"@id\":\"https:\/\/turismevalles.com\/en\/#\/schema\/logo\/image\/\"}},{\"@type\":\"Person\",\"@id\":\"https:\/\/turismevalles.com\/en\/#\/schema\/person\/da3ada7244bbe32fad8e7e8236465a16\",\"name\":\"Turisme Valles\",\"image\":{\"@type\":\"ImageObject\",\"inLanguage\":\"en-US\",\"@id\":\"https:\/\/turismevalles.com\/en\/#\/schema\/person\/image\/\",\"url\":\"https:\/\/secure.gravatar.com\/avatar\/7e16883f64cc26bc17bd484e55e43f21867385a5cb8ebdc8b94540485c823a4b?s=96&d=mm&r=g\",\"contentUrl\":\"https:\/\/secure.gravatar.com\/avatar\/7e16883f64cc26bc17bd484e55e43f21867385a5cb8ebdc8b94540485c823a4b?s=96&d=mm&r=g\",\"caption\":\"Turisme Valles\"},\"url\":\"https:\/\/turismevalles.com\/en\/author\/turismevallesoriental\/\"}]}<\/script>\n<!-- \/ Yoast SEO plugin. -->","yoast_head_json":{"title":"Between Heaven and Earth - Turisme Vall\u00e8s","description":"All civilisations have had their religions. In honour of these deities, temples have been built to be between Heaven and Earth.","robots":{"index":"index","follow":"follow","max-snippet":"max-snippet:-1","max-image-preview":"max-image-preview:large","max-video-preview":"max-video-preview:-1"},"canonical":"https:\/\/turismevalles.com\/entre-el-cel-i-la-terra-romanic-valles-oriental\/","og_locale":"en_US","og_type":"article","og_title":"Between Heaven and Earth - Turisme Vall\u00e8s","og_description":"All civilisations have had their religions. In honour of these deities, temples have been built to be between Heaven and Earth.","og_url":"https:\/\/turismevalles.com\/entre-el-cel-i-la-terra-romanic-valles-oriental\/","og_site_name":"Turisme Vall\u00e8s","article_published_time":"2024-03-28T10:04:04+00:00","article_modified_time":"2024-03-28T10:04:05+00:00","og_image":[{"width":1024,"height":576,"url":"https:\/\/turismevalles.com\/wp-content\/uploads\/2024\/03\/Banner3-1024x576.png","type":"image\/png"}],"author":"Turisme Valles","twitter_card":"summary_large_image","twitter_misc":{"Written by":"Turisme Valles","Est. reading time":"5 minutes"},"schema":{"@context":"https:\/\/schema.org","@graph":[{"@type":"Article","@id":"https:\/\/turismevalles.com\/entre-el-cel-i-la-terra-romanic-valles-oriental\/#article","isPartOf":{"@id":"https:\/\/turismevalles.com\/entre-el-cel-i-la-terra-romanic-valles-oriental\/"},"author":{"name":"Turisme Valles","@id":"https:\/\/turismevalles.com\/en\/#\/schema\/person\/da3ada7244bbe32fad8e7e8236465a16"},"headline":"Between Heaven and Earth","datePublished":"2024-03-28T10:04:04+00:00","dateModified":"2024-03-28T10:04:05+00:00","mainEntityOfPage":{"@id":"https:\/\/turismevalles.com\/entre-el-cel-i-la-terra-romanic-valles-oriental\/"},"wordCount":743,"commentCount":0,"publisher":{"@id":"https:\/\/turismevalles.com\/en\/#organization"},"image":{"@id":"https:\/\/turismevalles.com\/entre-el-cel-i-la-terra-romanic-valles-oriental\/#primaryimage"},"thumbnailUrl":"https:\/\/turismevalles.com\/wp-content\/uploads\/2024\/03\/Banner3.png","keywords":["Cultura","Romanesque"],"articleSection":["Bigues i Riells","Canovelles","Culture","La Garriga","Lli\u00e7\u00e0 d'Amunt","Middle Ages","Mollet del Vall\u00e8s","Tagamanent"],"inLanguage":"en-US","potentialAction":[{"@type":"CommentAction","name":"Comment","target":["https:\/\/turismevalles.com\/entre-el-cel-i-la-terra-romanic-valles-oriental\/#respond"]}]},{"@type":"WebPage","@id":"https:\/\/turismevalles.com\/entre-el-cel-i-la-terra-romanic-valles-oriental\/","url":"https:\/\/turismevalles.com\/entre-el-cel-i-la-terra-romanic-valles-oriental\/","name":"Between Heaven and Earth - Turisme Vall\u00e8s","isPartOf":{"@id":"https:\/\/turismevalles.com\/en\/#website"},"primaryImageOfPage":{"@id":"https:\/\/turismevalles.com\/entre-el-cel-i-la-terra-romanic-valles-oriental\/#primaryimage"},"image":{"@id":"https:\/\/turismevalles.com\/entre-el-cel-i-la-terra-romanic-valles-oriental\/#primaryimage"},"thumbnailUrl":"https:\/\/turismevalles.com\/wp-content\/uploads\/2024\/03\/Banner3.png","datePublished":"2024-03-28T10:04:04+00:00","dateModified":"2024-03-28T10:04:05+00:00","description":"All civilisations have had their religions. In honour of these deities, temples have been built to be between Heaven and Earth.","breadcrumb":{"@id":"https:\/\/turismevalles.com\/entre-el-cel-i-la-terra-romanic-valles-oriental\/#breadcrumb"},"inLanguage":"en-US","potentialAction":[{"@type":"ReadAction","target":["https:\/\/turismevalles.com\/entre-el-cel-i-la-terra-romanic-valles-oriental\/"]}]},{"@type":"ImageObject","inLanguage":"en-US","@id":"https:\/\/turismevalles.com\/entre-el-cel-i-la-terra-romanic-valles-oriental\/#primaryimage","url":"https:\/\/turismevalles.com\/wp-content\/uploads\/2024\/03\/Banner3.png","contentUrl":"https:\/\/turismevalles.com\/wp-content\/uploads\/2024\/03\/Banner3.png","width":4400,"height":2475,"caption":"between heaven and earth"},{"@type":"BreadcrumbList","@id":"https:\/\/turismevalles.com\/entre-el-cel-i-la-terra-romanic-valles-oriental\/#breadcrumb","itemListElement":[{"@type":"ListItem","position":1,"name":"Home","item":"https:\/\/turismevalles.com\/en\/"},{"@type":"ListItem","position":2,"name":"Between Heaven and Earth"}]},{"@type":"WebSite","@id":"https:\/\/turismevalles.com\/en\/#website","url":"https:\/\/turismevalles.com\/en\/","name":"Turisme Vall\u00e8s","description":"","publisher":{"@id":"https:\/\/turismevalles.com\/en\/#organization"},"potentialAction":[{"@type":"SearchAction","target":{"@type":"EntryPoint","urlTemplate":"https:\/\/turismevalles.com\/en\/?s={search_term_string}"},"query-input":{"@type":"PropertyValueSpecification","valueRequired":true,"valueName":"search_term_string"}}],"inLanguage":"en-US"},{"@type":"Organization","@id":"https:\/\/turismevalles.com\/en\/#organization","name":"Turisme Vall\u00e8s","url":"https:\/\/turismevalles.com\/en\/","logo":{"@type":"ImageObject","inLanguage":"en-US","@id":"https:\/\/turismevalles.com\/en\/#\/schema\/logo\/image\/","url":"https:\/\/turismevalles.com\/wp-content\/uploads\/2020\/08\/cropped-logo_ca-2.png","contentUrl":"https:\/\/turismevalles.com\/wp-content\/uploads\/2020\/08\/cropped-logo_ca-2.png","width":314,"height":85,"caption":"Turisme Vall\u00e8s"},"image":{"@id":"https:\/\/turismevalles.com\/en\/#\/schema\/logo\/image\/"}},{"@type":"Person","@id":"https:\/\/turismevalles.com\/en\/#\/schema\/person\/da3ada7244bbe32fad8e7e8236465a16","name":"Turisme Valles","image":{"@type":"ImageObject","inLanguage":"en-US","@id":"https:\/\/turismevalles.com\/en\/#\/schema\/person\/image\/","url":"https:\/\/secure.gravatar.com\/avatar\/7e16883f64cc26bc17bd484e55e43f21867385a5cb8ebdc8b94540485c823a4b?s=96&d=mm&r=g","contentUrl":"https:\/\/secure.gravatar.com\/avatar\/7e16883f64cc26bc17bd484e55e43f21867385a5cb8ebdc8b94540485c823a4b?s=96&d=mm&r=g","caption":"Turisme Valles"},"url":"https:\/\/turismevalles.com\/en\/author\/turismevallesoriental\/"}]}},"uagb_featured_image_src":{"full":["https:\/\/turismevalles.com\/wp-content\/uploads\/2024\/03\/Banner3.png",4400,2475,false],"thumbnail":["https:\/\/turismevalles.com\/wp-content\/uploads\/2024\/03\/Banner3-150x150.png",150,150,true],"medium":["https:\/\/turismevalles.com\/wp-content\/uploads\/2024\/03\/Banner3-300x169.png",300,169,true],"medium_large":["https:\/\/turismevalles.com\/wp-content\/uploads\/2024\/03\/Banner3-768x432.png",768,432,true],"large":["https:\/\/turismevalles.com\/wp-content\/uploads\/2024\/03\/Banner3-1024x576.png",1024,576,true],"thumblist":["https:\/\/turismevalles.com\/wp-content\/uploads\/2024\/03\/Banner3-300x300.png",300,300,true],"meccarouselthumb":["https:\/\/turismevalles.com\/wp-content\/uploads\/2024\/03\/Banner3-474x324.png",474,324,true],"gridsquare":["https:\/\/turismevalles.com\/wp-content\/uploads\/2024\/03\/Banner3-391x260.png",391,260,true],"tileview":["https:\/\/turismevalles.com\/wp-content\/uploads\/2024\/03\/Banner3-300x400.png",300,400,true],"1536x1536":["https:\/\/turismevalles.com\/wp-content\/uploads\/2024\/03\/Banner3-1536x864.png",1536,864,true],"2048x2048":["https:\/\/turismevalles.com\/wp-content\/uploads\/2024\/03\/Banner3-2048x1152.png",2048,1152,true]},"uagb_author_info":{"display_name":"Turisme Valles","author_link":"https:\/\/turismevalles.com\/en\/author\/turismevallesoriental\/"},"uagb_comment_info":0,"uagb_excerpt":"Romanesque in Vall\u00e8s Oriental, to be between Heaven and Earth. Since the beginning of humanity, people have looked to the sky to try to see ... Veure m\u00e9s","_links":{"self":[{"href":"https:\/\/turismevalles.com\/en\/wp-json\/wp\/v2\/posts\/54851","targetHints":{"allow":["GET"]}}],"collection":[{"href":"https:\/\/turismevalles.com\/en\/wp-json\/wp\/v2\/posts"}],"about":[{"href":"https:\/\/turismevalles.com\/en\/wp-json\/wp\/v2\/types\/post"}],"author":[{"embeddable":true,"href":"https:\/\/turismevalles.com\/en\/wp-json\/wp\/v2\/users\/5"}],"replies":[{"embeddable":true,"href":"https:\/\/turismevalles.com\/en\/wp-json\/wp\/v2\/comments?post=54851"}],"version-history":[{"count":0,"href":"https:\/\/turismevalles.com\/en\/wp-json\/wp\/v2\/posts\/54851\/revisions"}],"wp:featuredmedia":[{"embeddable":true,"href":"https:\/\/turismevalles.com\/en\/wp-json\/wp\/v2\/media\/54863"}],"wp:attachment":[{"href":"https:\/\/turismevalles.com\/en\/wp-json\/wp\/v2\/media?parent=54851"}],"wp:term":[{"taxonomy":"category","embeddable":true,"href":"https:\/\/turismevalles.com\/en\/wp-json\/wp\/v2\/categories?post=54851"},{"taxonomy":"post_tag","embeddable":true,"href":"https:\/\/turismevalles.com\/en\/wp-json\/wp\/v2\/tags?post=54851"}],"curies":[{"name":"wp","href":"https:\/\/api.w.org\/{rel}","templated":true}]}}