{"id":46070,"date":"2024-02-01T14:36:13","date_gmt":"2024-02-01T13:36:13","guid":{"rendered":"http:\/\/turismevalles.com.mialias.net\/?p=46070"},"modified":"2024-02-01T14:36:14","modified_gmt":"2024-02-01T13:36:14","slug":"carnaval-carnaval-carnaval-en-el-valles","status":"publish","type":"post","link":"https:\/\/turismevalles.com\/es\/carnaval-carnaval-carnaval-en-el-valles\/","title":{"rendered":"Carnaval, carnaval&#8230; \u00a1Carnaval en el Vall\u00e8s!"},"content":{"rendered":"\n<h2 class=\"gb-headline gb-headline-d387a966 gb-headline-text\">Consulta la agenda del Carnaval del Vall\u00e8s Oriental!<\/h2>\n\n\n\n<p>\u201c<em>\u00a1Carnaval, carnaval! \u00a1Carnaval, te quiero!<\/em> Esta canci\u00f3n m\u00e1s o menos la ha o\u00eddo todo el mundo, y sobre todo en esta \u00e9poca en la que estamos del a\u00f1o. La gente m\u00e1s festiva sabe que una vez se acaban los turrones y polvorones&#8230; \u00a1llega el Carnaval! Y estar en Carnaval significa que toca bailar, escuchar m\u00fasica brasile\u00f1a, disfrazarse y, sobre todo, \u00a1toca disfrutar! Pues esta fiesta es para celebrar y estar de desenfreno antes de que llegue la Cuaresma, una \u00e9poca de tranquilidad y de calma, o al menos \u00e9ste es el origen del carnaval.<\/p>\n\n\n\n<p>De Carnaval, en nuestra comarca, encontramos referencias de hace muchos a\u00f1os; \u00a1m\u00e1s de 200 a\u00f1os atr\u00e1s! Y era precisamente por eso, por tener una \u00e9poca de libertad y de estar de fiesta antes de que vengan los 40 d\u00edas previos a la Semana Santa, donde tocaba ser prudente, no celebrar demasiado y comer s\u00f3lo ciertas cosas.<\/p>\n\n\n<div class=\"wp-block-image\">\n<figure class=\"aligncenter size-large is-resized\"><img loading=\"lazy\" decoding=\"async\" src=\"http:\/\/turismevalles.com\/wp-content\/uploads\/2024\/01\/La-Passada-de-lAscencio-61-Manel-Cuesta-edited-scaled.jpg\" alt=\"Carnaval en el Vall\u00e8s Oriental\" class=\"wp-image-45947\" style=\"width:858px;height:574px\" width=\"858\" height=\"574\" srcset=\"https:\/\/turismevalles.com\/wp-content\/uploads\/2024\/01\/La-Passada-de-lAscencio-61-Manel-Cuesta-edited-scaled.jpg 2560w, https:\/\/turismevalles.com\/wp-content\/uploads\/2024\/01\/La-Passada-de-lAscencio-61-Manel-Cuesta-edited-300x201.jpg 300w, https:\/\/turismevalles.com\/wp-content\/uploads\/2024\/01\/La-Passada-de-lAscencio-61-Manel-Cuesta-edited-1024x686.jpg 1024w, https:\/\/turismevalles.com\/wp-content\/uploads\/2024\/01\/La-Passada-de-lAscencio-61-Manel-Cuesta-edited-768x514.jpg 768w, https:\/\/turismevalles.com\/wp-content\/uploads\/2024\/01\/La-Passada-de-lAscencio-61-Manel-Cuesta-edited-1536x1028.jpg 1536w, https:\/\/turismevalles.com\/wp-content\/uploads\/2024\/01\/La-Passada-de-lAscencio-61-Manel-Cuesta-edited-2048x1371.jpg 2048w\" sizes=\"auto, (max-width: 858px) 100vw, 858px\" \/><figcaption class=\"wp-element-caption\">Carnaval en el Vall\u00e8s Oriental<\/figcaption><\/figure><\/div>\n\n\n<p>Pero dejemos la calma aparte, \u00a1que toca estar de fiesta y jolgorio! Con el regreso de la democracia, poco a poco se fue celebrando cada vez en m\u00e1s municipios esta fiesta. Mollet, Sant Celoni, Santa Maria de Palautordera, Granollers y otros muchos decidieron celebrar el Carnaval moderno (entendido moderno tal y como lo conocemos hoy en d\u00eda) y tener esta festividad como un acto destacado en su calendario anual.<\/p>\n\n\n\n<p>\u00a1R\u00faas, exhibiciones, comparsas, disfraces, concursos y nuestro baile de gitanas! Son algunos ejemplos de los eventos m\u00e1s destacados que tienen en la agenda muchos municipios del Vall\u00e8s Oriental. \u00a1Y os invitamos a que los disfrut\u00e9is vosotros mismos! \u00a1Venid a celebrar los carnavales que tenemos repartidos por toda la comarca y ver\u00e9is qu\u00e9 hace tan especial esta fiesta!<\/p>\n\n\n\n<h2 class=\"gb-headline gb-headline-6c4e0779 gb-headline-text\">\u00a1Viva el Carnaval y viva el Vall\u00e8s Oriental!<\/h2>\n\n\n\n<ul class=\"wp-block-list\">\n<li><a href=\"https:\/\/www.ametlla.cat\/actualitat\/noticies\/lametlla-es-prepara-per-celebrar-un-carnaval-amb-novetats.html\">Carnaval de l\u2019Ametlla del Vall\u00e8s<\/a><\/li>\n\n\n\n<li><a href=\"https:\/\/www.biguesiriells.cat\/ca\/actualitat-2\/agenda-1\/carnestoltes-familiar-bigues-999.htm\">Carnestoltes familiar de Bigues<\/a><\/li>\n\n\n\n<li><a href=\"https:\/\/www.biguesiriells.cat\/ca\/actualitat-2\/agenda-1\/carnestoltes-jove-1000.htm\">Carnestoltes jove de Bigues i Riells del Fai<\/a><\/li>\n\n\n\n<li><a href=\"https:\/\/www.biguesiriells.cat\/ca\/actualitat-2\/agenda-1\/carnestoltes-familiar-riells-del-fai-1001.htm\">Carnestoltes familiar de Riells del Fai<\/a><\/li>\n\n\n\n<li><a href=\"https:\/\/www.canovesisamalus.cat\/actualitat\/agenda-municipal\/4304-carnestoltes.html\">Carnestoltes de C\u00e0noves i Samal\u00fas<\/a><\/li>\n\n\n\n<li><a href=\"https:\/\/www.figaro-montmany.cat\/actualitat\/agenda\/3996-carnestoltes-2024.html\">Carnestoltes de Figar\u00f3 \u2013 Montmany<\/a><\/li>\n\n\n\n<li><a href=\"https:\/\/www.lagarriga.cat\/actualitat\/agenda\/17931-rua-de-carnaval\">Rua de Carnaval de La Garriga<\/a><\/li>\n\n\n\n<li><a href=\"https:\/\/www.lagarriga.cat\/actualitat\/agenda\/ballada-del-ball-de-gitanes-de-la-garriga\">Ball de Gitanes de La Garriga<\/a><\/li>\n\n\n\n<li><a href=\"https:\/\/www.granollers.cat\/agenda\/data\/2024-02-10\">Carnaval de Granollers<\/a><\/li>\n\n\n\n<li><a href=\"https:\/\/www.llagosta.cat\/actualitat\/agenda\/inscripcions-concurs-de-disfresses.html\">Carnaval de La Llagosta<\/a><\/li>\n\n\n\n<li><a href=\"https:\/\/www.llissadevall.cat\/actualitat\/noticies\/llica-de-vall-es-prepara-per-donar-la-benvinguda-al-carnestoltes.html\">Carnestoltes de Lli\u00e7\u00e0 de Vall<\/a><\/li>\n\n\n\n<li><a href=\"https:\/\/www.llinarsdelvalles.cat\/actualitat\/noticies\/el-8-de-febrer-sinicia-la-disbauxa-de-carnestoltes-a-llinars.html\">Carnestoltes de Llinars del Vall\u00e8s<\/a><\/li>\n\n\n\n<li><a href=\"https:\/\/www.martorelles.cat\/informat\/agenda\/13330-rua-de-carnestoltes.html\">Rua de Carnestoltes de Martorelles<\/a><\/li>\n\n\n\n<li><a href=\"https:\/\/www.molletvalles.cat\/ca\/actualitat\/agenda?search-text=&amp;category=ALL&amp;location=ALL&amp;date=2024-02-10\">Carnaval de Mollet del Vall\u00e8s<\/a><\/li>\n\n\n\n<li><a href=\"https:\/\/www.montornes.cat\/actualitat\/agenda\/2024\/02\/10\/carnaval-2024-rua-i-concurs-de-disfresses\">Carnaval de Montorn\u00e8s del Vall\u00e8s<\/a><\/li>\n\n\n\n<li><a href=\"https:\/\/www.parets.cat\/actualitat\/agenda\/11350-ball-de-carnaval-.html\">Carnaval de Parets del Vall\u00e8s<\/a><\/li>\n\n\n\n<li><a href=\"https:\/\/santceloni.cat\/31614\">Rua de Carnaval de Sant Celoni<\/a><\/li>\n\n\n\n<li><a href=\"https:\/\/santceloni.cat\/31616\">Festa de Gitanes de Sant Celoni<\/a><\/li>\n\n\n\n<li><a href=\"https:\/\/santceloni.cat\/31619\">Carnaval a la Batll\u00f2ria (Sant Celoni)<\/a><\/li>\n\n\n\n<li><a href=\"https:\/\/www.ser.cat\/actualitat\/noticies\/2024\/01\/18\/santa-eulalia-celebrara-la-festa-de-carnestoltes-el-10-de-febrer\">Carnestoltes de Santa Eul\u00e0lia de Ron\u00e7ana<\/a><\/li>\n\n\n\n<li><a href=\"https:\/\/www.vallgorguina.cat\/actualitat\/agenda\/carnestoltes-2024.html\">Carnestoltes de Vallgorguina<\/a><\/li>\n\n\n\n<li><a href=\"https:\/\/www.vilalbasasserra.cat\/actualitat\/agenda\/1562-carnestoltes.html\">Carnestoltes de Vilalba Sasserra<\/a><\/li>\n<\/ul>\n","protected":false},"excerpt":{"rendered":"<p>Consulta la agenda del Carnaval del Vall\u00e8s Oriental! \u201c\u00a1Carnaval, carnaval! \u00a1Carnaval, te quiero! Esta canci\u00f3n m\u00e1s o menos la ha o\u00eddo todo el mundo, y &#8230; <a title=\"Carnaval, carnaval&#8230; \u00a1Carnaval en el Vall\u00e8s!\" class=\"read-more\" href=\"https:\/\/turismevalles.com\/es\/carnaval-carnaval-carnaval-en-el-valles\/\" aria-label=\"M\u00e1s en Carnaval, carnaval&#8230; \u00a1Carnaval en el Vall\u00e8s!\">Veure m\u00e9s<\/a><\/p>\n","protected":false},"author":5,"featured_media":45950,"comment_status":"open","ping_status":"closed","sticky":false,"template":"","format":"standard","meta":{"_acf_changed":false,"inline_featured_image":false,"_uag_custom_page_level_css":"","footnotes":""},"categories":[2522,2523,114],"tags":[1158,1039,1086,1939,956],"class_list":["post-46070","post","type-post","status-publish","format-standard","has-post-thumbnail","hentry","category-cultura-es","category-ferias-y-fiestas","category-sin-categorizar","tag-activitats-en-familia-es","tag-cultura-es","tag-espectaculos","tag-festa-2-es","tag-fira-es","generate-columns","tablet-grid-50","mobile-grid-100","grid-parent","grid-33"],"acf":[],"yoast_head":"<!-- This site is optimized with the Yoast SEO plugin v26.4 - https:\/\/yoast.com\/wordpress\/plugins\/seo\/ -->\n<title>Carnaval, carnaval... \u00a1Carnaval en el Vall\u00e8s! - Turisme Vall\u00e8s<\/title>\n<meta name=\"description\" content=\"\u00a1Celebra los carnavales que tenemos repartidos por el Vall\u00e8s Oriental y ver\u00e1s qu\u00e9 hace tan especial esta fiesta!\" \/>\n<meta name=\"robots\" content=\"index, follow, max-snippet:-1, max-image-preview:large, max-video-preview:-1\" \/>\n<link rel=\"canonical\" href=\"https:\/\/turismevalles.com\/es\/carnaval-carnaval-carnaval-en-el-valles\/\" \/>\n<meta property=\"og:locale\" content=\"es_ES\" \/>\n<meta property=\"og:type\" content=\"article\" \/>\n<meta property=\"og:title\" content=\"Carnaval, carnaval... \u00a1Carnaval en el Vall\u00e8s! - Turisme Vall\u00e8s\" \/>\n<meta property=\"og:description\" content=\"\u00a1Celebra los carnavales que tenemos repartidos por el Vall\u00e8s Oriental y ver\u00e1s qu\u00e9 hace tan especial esta fiesta!\" \/>\n<meta property=\"og:url\" content=\"https:\/\/turismevalles.com\/es\/carnaval-carnaval-carnaval-en-el-valles\/\" \/>\n<meta property=\"og:site_name\" content=\"Turisme Vall\u00e8s\" \/>\n<meta property=\"article:published_time\" content=\"2024-02-01T13:36:13+00:00\" \/>\n<meta property=\"article:modified_time\" content=\"2024-02-01T13:36:14+00:00\" \/>\n<meta property=\"og:image\" content=\"https:\/\/turismevalles.com\/wp-content\/uploads\/2024\/01\/La-Passada-de-lAscencio-61-Manel-Cuesta-edited-scaled.jpg\" \/>\n\t<meta property=\"og:image:width\" content=\"2560\" \/>\n\t<meta property=\"og:image:height\" content=\"1714\" \/>\n\t<meta property=\"og:image:type\" content=\"image\/jpeg\" \/>\n<meta name=\"author\" content=\"Turisme Valles\" \/>\n<meta name=\"twitter:card\" content=\"summary_large_image\" \/>\n<meta name=\"twitter:label1\" content=\"Escrito por\" \/>\n\t<meta name=\"twitter:data1\" content=\"Turisme Valles\" \/>\n\t<meta name=\"twitter:label2\" content=\"Tiempo de lectura\" \/>\n\t<meta name=\"twitter:data2\" content=\"3 minutos\" \/>\n<script type=\"application\/ld+json\" class=\"yoast-schema-graph\">{\"@context\":\"https:\/\/schema.org\",\"@graph\":[{\"@type\":\"Article\",\"@id\":\"https:\/\/turismevalles.com\/es\/carnaval-carnaval-carnaval-en-el-valles\/#article\",\"isPartOf\":{\"@id\":\"https:\/\/turismevalles.com\/es\/carnaval-carnaval-carnaval-en-el-valles\/\"},\"author\":{\"name\":\"Turisme Valles\",\"@id\":\"https:\/\/turismevalles.com\/en\/#\/schema\/person\/da3ada7244bbe32fad8e7e8236465a16\"},\"headline\":\"Carnaval, carnaval&#8230; \u00a1Carnaval en el Vall\u00e8s!\",\"datePublished\":\"2024-02-01T13:36:13+00:00\",\"dateModified\":\"2024-02-01T13:36:14+00:00\",\"mainEntityOfPage\":{\"@id\":\"https:\/\/turismevalles.com\/es\/carnaval-carnaval-carnaval-en-el-valles\/\"},\"wordCount\":449,\"commentCount\":0,\"publisher\":{\"@id\":\"https:\/\/turismevalles.com\/en\/#organization\"},\"image\":{\"@id\":\"https:\/\/turismevalles.com\/es\/carnaval-carnaval-carnaval-en-el-valles\/#primaryimage\"},\"thumbnailUrl\":\"https:\/\/turismevalles.com\/wp-content\/uploads\/2024\/01\/La-Passada-de-lAscencio-61-Manel-Cuesta-edited-scaled.jpg\",\"keywords\":[\"Activitats en familia\",\"Cultura\",\"espect\u00e1culos\",\"Festa\",\"Fira\"],\"articleSection\":[\"Cultura\",\"Ferias y fiestas\",\"Sin categorizar\"],\"inLanguage\":\"es\",\"potentialAction\":[{\"@type\":\"CommentAction\",\"name\":\"Comment\",\"target\":[\"https:\/\/turismevalles.com\/es\/carnaval-carnaval-carnaval-en-el-valles\/#respond\"]}]},{\"@type\":\"WebPage\",\"@id\":\"https:\/\/turismevalles.com\/es\/carnaval-carnaval-carnaval-en-el-valles\/\",\"url\":\"https:\/\/turismevalles.com\/es\/carnaval-carnaval-carnaval-en-el-valles\/\",\"name\":\"Carnaval, carnaval... \u00a1Carnaval en el Vall\u00e8s! - Turisme Vall\u00e8s\",\"isPartOf\":{\"@id\":\"https:\/\/turismevalles.com\/en\/#website\"},\"primaryImageOfPage\":{\"@id\":\"https:\/\/turismevalles.com\/es\/carnaval-carnaval-carnaval-en-el-valles\/#primaryimage\"},\"image\":{\"@id\":\"https:\/\/turismevalles.com\/es\/carnaval-carnaval-carnaval-en-el-valles\/#primaryimage\"},\"thumbnailUrl\":\"https:\/\/turismevalles.com\/wp-content\/uploads\/2024\/01\/La-Passada-de-lAscencio-61-Manel-Cuesta-edited-scaled.jpg\",\"datePublished\":\"2024-02-01T13:36:13+00:00\",\"dateModified\":\"2024-02-01T13:36:14+00:00\",\"description\":\"\u00a1Celebra los carnavales que tenemos repartidos por el Vall\u00e8s Oriental y ver\u00e1s qu\u00e9 hace tan especial esta fiesta!\",\"breadcrumb\":{\"@id\":\"https:\/\/turismevalles.com\/es\/carnaval-carnaval-carnaval-en-el-valles\/#breadcrumb\"},\"inLanguage\":\"es\",\"potentialAction\":[{\"@type\":\"ReadAction\",\"target\":[\"https:\/\/turismevalles.com\/es\/carnaval-carnaval-carnaval-en-el-valles\/\"]}]},{\"@type\":\"ImageObject\",\"inLanguage\":\"es\",\"@id\":\"https:\/\/turismevalles.com\/es\/carnaval-carnaval-carnaval-en-el-valles\/#primaryimage\",\"url\":\"https:\/\/turismevalles.com\/wp-content\/uploads\/2024\/01\/La-Passada-de-lAscencio-61-Manel-Cuesta-edited-scaled.jpg\",\"contentUrl\":\"https:\/\/turismevalles.com\/wp-content\/uploads\/2024\/01\/La-Passada-de-lAscencio-61-Manel-Cuesta-edited-scaled.jpg\",\"width\":2560,\"height\":1714,\"caption\":\"SONY DSC\"},{\"@type\":\"BreadcrumbList\",\"@id\":\"https:\/\/turismevalles.com\/es\/carnaval-carnaval-carnaval-en-el-valles\/#breadcrumb\",\"itemListElement\":[{\"@type\":\"ListItem\",\"position\":1,\"name\":\"Inicio\",\"item\":\"https:\/\/turismevalles.com\/es\/\"},{\"@type\":\"ListItem\",\"position\":2,\"name\":\"Carnaval, carnaval&#8230; \u00a1Carnaval en el Vall\u00e8s!\"}]},{\"@type\":\"WebSite\",\"@id\":\"https:\/\/turismevalles.com\/en\/#website\",\"url\":\"https:\/\/turismevalles.com\/en\/\",\"name\":\"Turisme Vall\u00e8s\",\"description\":\"\",\"publisher\":{\"@id\":\"https:\/\/turismevalles.com\/en\/#organization\"},\"potentialAction\":[{\"@type\":\"SearchAction\",\"target\":{\"@type\":\"EntryPoint\",\"urlTemplate\":\"https:\/\/turismevalles.com\/en\/?s={search_term_string}\"},\"query-input\":{\"@type\":\"PropertyValueSpecification\",\"valueRequired\":true,\"valueName\":\"search_term_string\"}}],\"inLanguage\":\"es\"},{\"@type\":\"Organization\",\"@id\":\"https:\/\/turismevalles.com\/en\/#organization\",\"name\":\"Turisme Vall\u00e8s\",\"url\":\"https:\/\/turismevalles.com\/en\/\",\"logo\":{\"@type\":\"ImageObject\",\"inLanguage\":\"es\",\"@id\":\"https:\/\/turismevalles.com\/en\/#\/schema\/logo\/image\/\",\"url\":\"https:\/\/turismevalles.com\/wp-content\/uploads\/2020\/08\/cropped-logo_ca-2.png\",\"contentUrl\":\"https:\/\/turismevalles.com\/wp-content\/uploads\/2020\/08\/cropped-logo_ca-2.png\",\"width\":314,\"height\":85,\"caption\":\"Turisme Vall\u00e8s\"},\"image\":{\"@id\":\"https:\/\/turismevalles.com\/en\/#\/schema\/logo\/image\/\"}},{\"@type\":\"Person\",\"@id\":\"https:\/\/turismevalles.com\/en\/#\/schema\/person\/da3ada7244bbe32fad8e7e8236465a16\",\"name\":\"Turisme Valles\",\"image\":{\"@type\":\"ImageObject\",\"inLanguage\":\"es\",\"@id\":\"https:\/\/turismevalles.com\/en\/#\/schema\/person\/image\/\",\"url\":\"https:\/\/secure.gravatar.com\/avatar\/7e16883f64cc26bc17bd484e55e43f21867385a5cb8ebdc8b94540485c823a4b?s=96&d=mm&r=g\",\"contentUrl\":\"https:\/\/secure.gravatar.com\/avatar\/7e16883f64cc26bc17bd484e55e43f21867385a5cb8ebdc8b94540485c823a4b?s=96&d=mm&r=g\",\"caption\":\"Turisme Valles\"},\"url\":\"https:\/\/turismevalles.com\/es\/author\/turismevallesoriental\/\"}]}<\/script>\n<!-- \/ Yoast SEO plugin. -->","yoast_head_json":{"title":"Carnaval, carnaval... \u00a1Carnaval en el Vall\u00e8s! - Turisme Vall\u00e8s","description":"\u00a1Celebra los carnavales que tenemos repartidos por el Vall\u00e8s Oriental y ver\u00e1s qu\u00e9 hace tan especial esta fiesta!","robots":{"index":"index","follow":"follow","max-snippet":"max-snippet:-1","max-image-preview":"max-image-preview:large","max-video-preview":"max-video-preview:-1"},"canonical":"https:\/\/turismevalles.com\/es\/carnaval-carnaval-carnaval-en-el-valles\/","og_locale":"es_ES","og_type":"article","og_title":"Carnaval, carnaval... \u00a1Carnaval en el Vall\u00e8s! - Turisme Vall\u00e8s","og_description":"\u00a1Celebra los carnavales que tenemos repartidos por el Vall\u00e8s Oriental y ver\u00e1s qu\u00e9 hace tan especial esta fiesta!","og_url":"https:\/\/turismevalles.com\/es\/carnaval-carnaval-carnaval-en-el-valles\/","og_site_name":"Turisme Vall\u00e8s","article_published_time":"2024-02-01T13:36:13+00:00","article_modified_time":"2024-02-01T13:36:14+00:00","og_image":[{"width":2560,"height":1714,"url":"https:\/\/turismevalles.com\/wp-content\/uploads\/2024\/01\/La-Passada-de-lAscencio-61-Manel-Cuesta-edited-scaled.jpg","type":"image\/jpeg"}],"author":"Turisme Valles","twitter_card":"summary_large_image","twitter_misc":{"Escrito por":"Turisme Valles","Tiempo de lectura":"3 minutos"},"schema":{"@context":"https:\/\/schema.org","@graph":[{"@type":"Article","@id":"https:\/\/turismevalles.com\/es\/carnaval-carnaval-carnaval-en-el-valles\/#article","isPartOf":{"@id":"https:\/\/turismevalles.com\/es\/carnaval-carnaval-carnaval-en-el-valles\/"},"author":{"name":"Turisme Valles","@id":"https:\/\/turismevalles.com\/en\/#\/schema\/person\/da3ada7244bbe32fad8e7e8236465a16"},"headline":"Carnaval, carnaval&#8230; \u00a1Carnaval en el Vall\u00e8s!","datePublished":"2024-02-01T13:36:13+00:00","dateModified":"2024-02-01T13:36:14+00:00","mainEntityOfPage":{"@id":"https:\/\/turismevalles.com\/es\/carnaval-carnaval-carnaval-en-el-valles\/"},"wordCount":449,"commentCount":0,"publisher":{"@id":"https:\/\/turismevalles.com\/en\/#organization"},"image":{"@id":"https:\/\/turismevalles.com\/es\/carnaval-carnaval-carnaval-en-el-valles\/#primaryimage"},"thumbnailUrl":"https:\/\/turismevalles.com\/wp-content\/uploads\/2024\/01\/La-Passada-de-lAscencio-61-Manel-Cuesta-edited-scaled.jpg","keywords":["Activitats en familia","Cultura","espect\u00e1culos","Festa","Fira"],"articleSection":["Cultura","Ferias y fiestas","Sin categorizar"],"inLanguage":"es","potentialAction":[{"@type":"CommentAction","name":"Comment","target":["https:\/\/turismevalles.com\/es\/carnaval-carnaval-carnaval-en-el-valles\/#respond"]}]},{"@type":"WebPage","@id":"https:\/\/turismevalles.com\/es\/carnaval-carnaval-carnaval-en-el-valles\/","url":"https:\/\/turismevalles.com\/es\/carnaval-carnaval-carnaval-en-el-valles\/","name":"Carnaval, carnaval... \u00a1Carnaval en el Vall\u00e8s! - Turisme Vall\u00e8s","isPartOf":{"@id":"https:\/\/turismevalles.com\/en\/#website"},"primaryImageOfPage":{"@id":"https:\/\/turismevalles.com\/es\/carnaval-carnaval-carnaval-en-el-valles\/#primaryimage"},"image":{"@id":"https:\/\/turismevalles.com\/es\/carnaval-carnaval-carnaval-en-el-valles\/#primaryimage"},"thumbnailUrl":"https:\/\/turismevalles.com\/wp-content\/uploads\/2024\/01\/La-Passada-de-lAscencio-61-Manel-Cuesta-edited-scaled.jpg","datePublished":"2024-02-01T13:36:13+00:00","dateModified":"2024-02-01T13:36:14+00:00","description":"\u00a1Celebra los carnavales que tenemos repartidos por el Vall\u00e8s Oriental y ver\u00e1s qu\u00e9 hace tan especial esta fiesta!","breadcrumb":{"@id":"https:\/\/turismevalles.com\/es\/carnaval-carnaval-carnaval-en-el-valles\/#breadcrumb"},"inLanguage":"es","potentialAction":[{"@type":"ReadAction","target":["https:\/\/turismevalles.com\/es\/carnaval-carnaval-carnaval-en-el-valles\/"]}]},{"@type":"ImageObject","inLanguage":"es","@id":"https:\/\/turismevalles.com\/es\/carnaval-carnaval-carnaval-en-el-valles\/#primaryimage","url":"https:\/\/turismevalles.com\/wp-content\/uploads\/2024\/01\/La-Passada-de-lAscencio-61-Manel-Cuesta-edited-scaled.jpg","contentUrl":"https:\/\/turismevalles.com\/wp-content\/uploads\/2024\/01\/La-Passada-de-lAscencio-61-Manel-Cuesta-edited-scaled.jpg","width":2560,"height":1714,"caption":"SONY DSC"},{"@type":"BreadcrumbList","@id":"https:\/\/turismevalles.com\/es\/carnaval-carnaval-carnaval-en-el-valles\/#breadcrumb","itemListElement":[{"@type":"ListItem","position":1,"name":"Inicio","item":"https:\/\/turismevalles.com\/es\/"},{"@type":"ListItem","position":2,"name":"Carnaval, carnaval&#8230; \u00a1Carnaval en el Vall\u00e8s!"}]},{"@type":"WebSite","@id":"https:\/\/turismevalles.com\/en\/#website","url":"https:\/\/turismevalles.com\/en\/","name":"Turisme Vall\u00e8s","description":"","publisher":{"@id":"https:\/\/turismevalles.com\/en\/#organization"},"potentialAction":[{"@type":"SearchAction","target":{"@type":"EntryPoint","urlTemplate":"https:\/\/turismevalles.com\/en\/?s={search_term_string}"},"query-input":{"@type":"PropertyValueSpecification","valueRequired":true,"valueName":"search_term_string"}}],"inLanguage":"es"},{"@type":"Organization","@id":"https:\/\/turismevalles.com\/en\/#organization","name":"Turisme Vall\u00e8s","url":"https:\/\/turismevalles.com\/en\/","logo":{"@type":"ImageObject","inLanguage":"es","@id":"https:\/\/turismevalles.com\/en\/#\/schema\/logo\/image\/","url":"https:\/\/turismevalles.com\/wp-content\/uploads\/2020\/08\/cropped-logo_ca-2.png","contentUrl":"https:\/\/turismevalles.com\/wp-content\/uploads\/2020\/08\/cropped-logo_ca-2.png","width":314,"height":85,"caption":"Turisme Vall\u00e8s"},"image":{"@id":"https:\/\/turismevalles.com\/en\/#\/schema\/logo\/image\/"}},{"@type":"Person","@id":"https:\/\/turismevalles.com\/en\/#\/schema\/person\/da3ada7244bbe32fad8e7e8236465a16","name":"Turisme Valles","image":{"@type":"ImageObject","inLanguage":"es","@id":"https:\/\/turismevalles.com\/en\/#\/schema\/person\/image\/","url":"https:\/\/secure.gravatar.com\/avatar\/7e16883f64cc26bc17bd484e55e43f21867385a5cb8ebdc8b94540485c823a4b?s=96&d=mm&r=g","contentUrl":"https:\/\/secure.gravatar.com\/avatar\/7e16883f64cc26bc17bd484e55e43f21867385a5cb8ebdc8b94540485c823a4b?s=96&d=mm&r=g","caption":"Turisme Valles"},"url":"https:\/\/turismevalles.com\/es\/author\/turismevallesoriental\/"}]}},"uagb_featured_image_src":{"full":["https:\/\/turismevalles.com\/wp-content\/uploads\/2024\/01\/La-Passada-de-lAscencio-61-Manel-Cuesta-edited-scaled.jpg",2560,1714,false],"thumbnail":["https:\/\/turismevalles.com\/wp-content\/uploads\/2024\/01\/La-Passada-de-lAscencio-61-Manel-Cuesta-edited-150x150.jpg",150,150,true],"medium":["https:\/\/turismevalles.com\/wp-content\/uploads\/2024\/01\/La-Passada-de-lAscencio-61-Manel-Cuesta-edited-300x201.jpg",300,201,true],"medium_large":["https:\/\/turismevalles.com\/wp-content\/uploads\/2024\/01\/La-Passada-de-lAscencio-61-Manel-Cuesta-edited-768x514.jpg",768,514,true],"large":["https:\/\/turismevalles.com\/wp-content\/uploads\/2024\/01\/La-Passada-de-lAscencio-61-Manel-Cuesta-edited-1024x686.jpg",1024,686,true],"thumblist":["https:\/\/turismevalles.com\/wp-content\/uploads\/2024\/01\/La-Passada-de-lAscencio-61-Manel-Cuesta-edited-300x300.jpg",300,300,true],"meccarouselthumb":["https:\/\/turismevalles.com\/wp-content\/uploads\/2024\/01\/La-Passada-de-lAscencio-61-Manel-Cuesta-edited-474x324.jpg",474,324,true],"gridsquare":["https:\/\/turismevalles.com\/wp-content\/uploads\/2024\/01\/La-Passada-de-lAscencio-61-Manel-Cuesta-edited-391x260.jpg",391,260,true],"tileview":["https:\/\/turismevalles.com\/wp-content\/uploads\/2024\/01\/La-Passada-de-lAscencio-61-Manel-Cuesta-edited-300x400.jpg",300,400,true],"1536x1536":["https:\/\/turismevalles.com\/wp-content\/uploads\/2024\/01\/La-Passada-de-lAscencio-61-Manel-Cuesta-edited-1536x1028.jpg",1536,1028,true],"2048x2048":["https:\/\/turismevalles.com\/wp-content\/uploads\/2024\/01\/La-Passada-de-lAscencio-61-Manel-Cuesta-edited-2048x1371.jpg",2048,1371,true]},"uagb_author_info":{"display_name":"Turisme Valles","author_link":"https:\/\/turismevalles.com\/es\/author\/turismevallesoriental\/"},"uagb_comment_info":0,"uagb_excerpt":"Consulta la agenda del Carnaval del Vall\u00e8s Oriental! \u201c\u00a1Carnaval, carnaval! \u00a1Carnaval, te quiero! Esta canci\u00f3n m\u00e1s o menos la ha o\u00eddo todo el mundo, y ... Veure m\u00e9s","_links":{"self":[{"href":"https:\/\/turismevalles.com\/es\/wp-json\/wp\/v2\/posts\/46070","targetHints":{"allow":["GET"]}}],"collection":[{"href":"https:\/\/turismevalles.com\/es\/wp-json\/wp\/v2\/posts"}],"about":[{"href":"https:\/\/turismevalles.com\/es\/wp-json\/wp\/v2\/types\/post"}],"author":[{"embeddable":true,"href":"https:\/\/turismevalles.com\/es\/wp-json\/wp\/v2\/users\/5"}],"replies":[{"embeddable":true,"href":"https:\/\/turismevalles.com\/es\/wp-json\/wp\/v2\/comments?post=46070"}],"version-history":[{"count":0,"href":"https:\/\/turismevalles.com\/es\/wp-json\/wp\/v2\/posts\/46070\/revisions"}],"wp:featuredmedia":[{"embeddable":true,"href":"https:\/\/turismevalles.com\/es\/wp-json\/wp\/v2\/media\/45950"}],"wp:attachment":[{"href":"https:\/\/turismevalles.com\/es\/wp-json\/wp\/v2\/media?parent=46070"}],"wp:term":[{"taxonomy":"category","embeddable":true,"href":"https:\/\/turismevalles.com\/es\/wp-json\/wp\/v2\/categories?post=46070"},{"taxonomy":"post_tag","embeddable":true,"href":"https:\/\/turismevalles.com\/es\/wp-json\/wp\/v2\/tags?post=46070"}],"curies":[{"name":"wp","href":"https:\/\/api.w.org\/{rel}","templated":true}]}}