{"id":56303,"date":"2024-06-14T15:22:43","date_gmt":"2024-06-14T13:22:43","guid":{"rendered":"https:\/\/turismevalles.com\/el-valles-oriental-cuenta-ya-con-un-plan-estrategico-de-cicloturismo\/"},"modified":"2024-06-18T10:25:53","modified_gmt":"2024-06-18T08:25:53","slug":"el-valles-oriental-cuenta-ya-con-un-plan-estrategico-de-cicloturismo","status":"publish","type":"post","link":"https:\/\/turismevalles.com\/es\/el-valles-oriental-cuenta-ya-con-un-plan-estrategico-de-cicloturismo\/","title":{"rendered":"El Vall\u00e8s Oriental cuenta ya con un Plan Estrat\u00e9gico de Cicloturismo"},"content":{"rendered":"\n<h2 class=\"wp-block-heading\"><strong>La comarca del Vall\u00e8s Oriental cuenta, a partir de hoy, con un Plan Estrat\u00e9gico de Cicloturismo que pone en valor el patrimonio medioambiental y cultural vallesano. Este proyecto ha sido elaborado por el servicio de Turismo del Consell Comarcal y ofrece un itinerario atractivo y desafiante para el ciclista en la modalidad Gravel.<\/strong><\/h2>\n\n<p>Este proyecto se inici\u00f3 en 2022 y nace de la necesidad del sector tur\u00edstico de la comarca de tener una estrategia de turismo pedaleable en el territorio. Este tipo de turismo de movilidad lenta se alinea con el objetivo de fomentar un <strong>modelo tur\u00edstico responsable y sostenible en el Vall\u00e8s Oriental.<\/strong> <\/p>\n\n<p>Para la elaboraci\u00f3n de este Plan Estrat\u00e9gico, han trabajado conjuntamente las administraciones p\u00fablicas y entidades privadas, as\u00ed como empresas y ciudadan\u00eda vinculada al mundo del ciclismo en la comarca. Aparte, se ha realizado un an\u00e1lisis exhaustivo del ecosistema del cicloturismo catal\u00e1n y se ha trabajado con los t\u00e9cnicos del <a href=\"https:\/\/parcs.diba.cat\/web\/litoral\">Parc de la Serralada Litoral<\/a>, para dise\u00f1arlo con el m\u00ednimo impacto medioambiental posible. <\/p>\n\n<p>\u201cLo que nos diferencia de otros destinos tur\u00edsticos es este itinerario de Gravel. Hemos unido las rutas de monta\u00f1a y carretera que tenemos en el Vall\u00e8s Oriental y hemos creado un producto nuevo con esta modalidad que todav\u00eda no tiene un recorrido hist\u00f3rico y se est\u00e1 empezando a explotar\u201d destac\u00f3<strong>Alex Valiente, consejero de Turismo del Consell Comarcal <\/strong>en la presentaci\u00f3n de ayer en la Casa de la Cultura de Vallromanes. El <strong>presidente del Consell Comarcal, Emilio Cordero<\/strong>, anim\u00f3 a seguir trabajando: \u00abNo es el final, es el inicio de otras muchas propuestas que han ido surgiendo a ra\u00edz del Cicloturismo en la comarca\u00bb. <\/p>\n\n<p>La presentaci\u00f3n se complet\u00f3 con una mesa redonda para tratar la situaci\u00f3n del cicloturismo desde diferentes sectores. Participaron Toni Serra de la Uni\u00f3 Ciclista de Les Franqueses del Vall\u00e8s, Carles Barcons, director del Hotel Mol\u00ed de la Torre, Quim Vizca\u00edno Font, t\u00e9cnico de la Oficina de Marketing Tur\u00edstic de la Diputaci\u00f3 de Barcelona y C\u00e8lia Fernandez, T\u00e9cnica de Uso P\u00fablico del Parc de la Serralada Litoral. <strong>La empresa Inytur,<\/strong> quien ha desarrollado el trabajo del Plan Estrat\u00e9gico comparti\u00f3 los contenidos y conclusiones obtenidas. <\/p>\n\n<p>Este Plan Estrat\u00e9gico de Cicloturismo contiene numerosos recursos dirigidos a los distintos sectores de la comarca. \u00c9ste consta de un <strong>cat\u00e1logo<\/strong> donde se recoge informaci\u00f3n de la comarca del Vall\u00e9s Oriental explicando por qu\u00e9 es un destino ciclotur\u00edstico, una <strong>gu\u00eda de servicios<\/strong> enfocados a las necesidades ciclistas (con recopilaci\u00f3n de alojamientos, empresas de actividades, tiendas especializadas, etc.), una r<strong>ecopilaci\u00f3n de buenas pr\u00e1cticas<\/strong> de los ciclistas para mejorar la convivencia con otros usuarios de la v\u00eda p\u00fablica, y los ODS. Por otro lado, tambi\u00e9n se incluye un <strong>plan de acciones destinado al sector<\/strong> para abordar las necesidades detectadas en el territorio hacia el cicloturismo.<\/p>\n\t\t\t\t\t<div\n\t\t\t\t\t\tclass=\"wp-block-uagb-image-gallery uagb-block-8464dbb2     \"\n\t\t\t\t\t\tstyle=\"\"\n\t\t\t\t\t>\n\t\t\t\t\t\t\t\t\t\t\t<div class=\"spectra-image-gallery spectra-image-gallery__layout--grid spectra-image-gallery__layout--grid-col-3 spectra-image-gallery__layout--grid-col-tab-3 spectra-image-gallery__layout--grid-col-mob-2\">\n\t\t\t\t\t\t\t\t\t\t\t<div class='spectra-image-gallery__media-wrapper' data-spectra-gallery-image-id='56244' tabindex=\"0\">\n\t\t\t\t\t\t\t<div class=\"spectra-image-gallery__media spectra-image-gallery__media--grid\">\n\t\t\t\t<picture>\n\t\t\t\t\t<source media=\"(min-width: 1024px)\" srcset=\"https:\/\/turismevalles.com\/wp-content\/uploads\/2024\/06\/Diseno_sin_titulo__16_-1024x682.jpg\">\n\t\t\t\t\t<source media=\"(min-width: 768px)\" srcset=\"https:\/\/turismevalles.com\/wp-content\/uploads\/2024\/06\/Diseno_sin_titulo__16_-1024x682.jpg\">\n\t\t\t\t\t<img decoding=\"async\" class=\"spectra-image-gallery__media-thumbnail spectra-image-gallery__media-thumbnail--grid\" src=\"https:\/\/turismevalles.com\/wp-content\/uploads\/2024\/06\/Diseno_sin_titulo__16_-300x200.jpg\" alt=\"Presentaci\u00f3 Pla Estrat\u00e8gic de Cicloturisme del Vall\u00e8s Oriental\" loading=\"lazy\" \/>\n\t\t\t\t<\/picture>\n\t\t\t\t<div class=\"spectra-image-gallery__media-thumbnail-blurrer\"><\/div>\n\t\t\t\t\t\t\t\t\t\t\t<div class=\"spectra-image-gallery__media-thumbnail-caption-wrapper spectra-image-gallery__media-thumbnail-caption-wrapper--overlay\">\n\t\t\t\t\t\t\t\t\t\t\t<div class=\"spectra-image-gallery__media-thumbnail-caption spectra-image-gallery__media-thumbnail-caption--overlay\">\n\t\t\t\t\tPresentaci\u00f3 Pla Estrat\u00e8gic de Cicloturisme del Vall\u00e8s Oriental\t\t\t\t<\/div>\n\t\t\t\t\t\t\t\t\t\t<\/div>\n\t\t\t\t\t\t\t\t\t<\/div>\n\t\t\t\t\t\t<\/div>\n\t\t\t\t\t\t<div class='spectra-image-gallery__media-wrapper' data-spectra-gallery-image-id='56240' tabindex=\"0\">\n\t\t\t\t\t\t\t<div class=\"spectra-image-gallery__media spectra-image-gallery__media--grid\">\n\t\t\t\t<picture>\n\t\t\t\t\t<source media=\"(min-width: 1024px)\" srcset=\"https:\/\/turismevalles.com\/wp-content\/uploads\/2024\/06\/1000009443-1024x768.jpg\">\n\t\t\t\t\t<source media=\"(min-width: 768px)\" srcset=\"https:\/\/turismevalles.com\/wp-content\/uploads\/2024\/06\/1000009443-1024x768.jpg\">\n\t\t\t\t\t<img decoding=\"async\" class=\"spectra-image-gallery__media-thumbnail spectra-image-gallery__media-thumbnail--grid\" src=\"https:\/\/turismevalles.com\/wp-content\/uploads\/2024\/06\/1000009443-300x225.jpg\" alt=\"Presentaci\u00f3 Pla Estrat\u00e8gic de Cicloturisme del Vall\u00e8s Oriental\" loading=\"lazy\" \/>\n\t\t\t\t<\/picture>\n\t\t\t\t<div class=\"spectra-image-gallery__media-thumbnail-blurrer\"><\/div>\n\t\t\t\t\t\t\t\t\t\t\t<div class=\"spectra-image-gallery__media-thumbnail-caption-wrapper spectra-image-gallery__media-thumbnail-caption-wrapper--overlay\">\n\t\t\t\t\t\t\t\t\t\t\t<div class=\"spectra-image-gallery__media-thumbnail-caption spectra-image-gallery__media-thumbnail-caption--overlay\">\n\t\t\t\t\tPresentaci\u00f3 Pla Estrat\u00e8gic de Cicloturisme del Vall\u00e8s Oriental\t\t\t\t<\/div>\n\t\t\t\t\t\t\t\t\t\t<\/div>\n\t\t\t\t\t\t\t\t\t<\/div>\n\t\t\t\t\t\t<\/div>\n\t\t\t\t\t\t<div class='spectra-image-gallery__media-wrapper' data-spectra-gallery-image-id='56236' tabindex=\"0\">\n\t\t\t\t\t\t\t<div class=\"spectra-image-gallery__media spectra-image-gallery__media--grid\">\n\t\t\t\t<picture>\n\t\t\t\t\t<source media=\"(min-width: 1024px)\" srcset=\"https:\/\/turismevalles.com\/wp-content\/uploads\/2024\/06\/1000009418-1024x768.jpg\">\n\t\t\t\t\t<source media=\"(min-width: 768px)\" srcset=\"https:\/\/turismevalles.com\/wp-content\/uploads\/2024\/06\/1000009418-1024x768.jpg\">\n\t\t\t\t\t<img decoding=\"async\" class=\"spectra-image-gallery__media-thumbnail spectra-image-gallery__media-thumbnail--grid\" src=\"https:\/\/turismevalles.com\/wp-content\/uploads\/2024\/06\/1000009418-300x225.jpg\" alt=\"Presentaci\u00f3 Pla Estrat\u00e8gic de Cicloturisme del Vall\u00e8s Oriental\" loading=\"lazy\" \/>\n\t\t\t\t<\/picture>\n\t\t\t\t<div class=\"spectra-image-gallery__media-thumbnail-blurrer\"><\/div>\n\t\t\t\t\t\t\t\t\t\t\t<div class=\"spectra-image-gallery__media-thumbnail-caption-wrapper spectra-image-gallery__media-thumbnail-caption-wrapper--overlay\">\n\t\t\t\t\t\t\t\t\t\t\t<div class=\"spectra-image-gallery__media-thumbnail-caption spectra-image-gallery__media-thumbnail-caption--overlay\">\n\t\t\t\t\tPresentaci\u00f3 Pla Estrat\u00e8gic de Cicloturisme del Vall\u00e8s Oriental\t\t\t\t<\/div>\n\t\t\t\t\t\t\t\t\t\t<\/div>\n\t\t\t\t\t\t\t\t\t<\/div>\n\t\t\t\t\t\t<\/div>\n\t\t\t\t\t\t\t\t\t\t<\/div>\n\t\t\t\t\t\t\t\t\t\t\t\t\t\t\t\t\t\t<\/div>\n\t\t\t\t\t\t\t\t\t\n<h2 class=\"wp-block-heading\"><strong>Creaci\u00f3n de un itinerario de turismo pedaleable de modalidad Gravel<\/strong><\/h2>\n\n<p>La modalidad Gravel es un ciclismo de aventuras que se caracteriza por tener itinerarios que mezcla carreteras con senderos, pistas y caminos con desniveles y baches. Esta pr\u00e1ctica est\u00e1 ganando popularidad dentro del mundo pedaleable porque est\u00e1 en contacto con la naturaleza y tiene cierta dificultad.<\/p>\n\n<p>Esta ruta es circular y se ha dise\u00f1ado con la intenci\u00f3n de que los visitantes puedan ver la variedad de paisajes, municipios y productos locales vallesanos.<\/p>\n\n<p>La primera etapa comienza en Granollers, pero puede iniciarse en cualquier etapa. La ruta est\u00e1 dise\u00f1ada para realizarse en una semana y los municipios implicados tienen buena conexi\u00f3n en transporte p\u00fablico. Toda la informaci\u00f3n puede encontrarse en catal\u00e1n, castellano, ingl\u00e9s y franc\u00e9s. La edad recomendada es para personas mayores de 18 a\u00f1os con buen estado f\u00edsico.<\/p>\n\n<p>Para personas con diversidad funcional se est\u00e1 trabajando en un documento que contempla recursos para el ciclismo adaptado.<\/p>\n\t\t\t\t\t<div\n\t\t\t\t\t\tclass=\"wp-block-uagb-image-gallery uagb-block-06a793bf     \"\n\t\t\t\t\t\tstyle=\"\"\n\t\t\t\t\t>\n\t\t\t\t\t\t\t\t\t\t\t<div class=\"spectra-image-gallery spectra-image-gallery__layout--grid spectra-image-gallery__layout--grid-col-3 spectra-image-gallery__layout--grid-col-tab-3 spectra-image-gallery__layout--grid-col-mob-2\">\n\t\t\t\t\t\t\t\t\t\t\t<div class='spectra-image-gallery__media-wrapper' data-spectra-gallery-image-id='56248' tabindex=\"0\">\n\t\t\t\t\t\t\t<div class=\"spectra-image-gallery__media spectra-image-gallery__media--grid\">\n\t\t\t\t<picture>\n\t\t\t\t\t<source media=\"(min-width: 1024px)\" srcset=\"https:\/\/turismevalles.com\/wp-content\/uploads\/2024\/06\/XSM-0044-1024x683.jpg\">\n\t\t\t\t\t<source media=\"(min-width: 768px)\" srcset=\"https:\/\/turismevalles.com\/wp-content\/uploads\/2024\/06\/XSM-0044-1024x683.jpg\">\n\t\t\t\t\t<img decoding=\"async\" class=\"spectra-image-gallery__media-thumbnail spectra-image-gallery__media-thumbnail--grid\" src=\"https:\/\/turismevalles.com\/wp-content\/uploads\/2024\/06\/XSM-0044-300x200.jpg\" alt=\"Gravel al Vall\u00e8s Oriental\" loading=\"lazy\" \/>\n\t\t\t\t<\/picture>\n\t\t\t\t<div class=\"spectra-image-gallery__media-thumbnail-blurrer\"><\/div>\n\t\t\t\t\t\t\t\t\t\t\t<div class=\"spectra-image-gallery__media-thumbnail-caption-wrapper spectra-image-gallery__media-thumbnail-caption-wrapper--overlay\">\n\t\t\t\t\t\t\t\t\t\t\t<div class=\"spectra-image-gallery__media-thumbnail-caption spectra-image-gallery__media-thumbnail-caption--overlay\">\n\t\t\t\t\tGravel al Vall\u00e8s Oriental\t\t\t\t<\/div>\n\t\t\t\t\t\t\t\t\t\t<\/div>\n\t\t\t\t\t\t\t\t\t<\/div>\n\t\t\t\t\t\t<\/div>\n\t\t\t\t\t\t<div class='spectra-image-gallery__media-wrapper' data-spectra-gallery-image-id='56256' tabindex=\"0\">\n\t\t\t\t\t\t\t<div class=\"spectra-image-gallery__media spectra-image-gallery__media--grid\">\n\t\t\t\t<picture>\n\t\t\t\t\t<source media=\"(min-width: 1024px)\" srcset=\"https:\/\/turismevalles.com\/wp-content\/uploads\/2024\/06\/XSM-0101-1024x683.jpg\">\n\t\t\t\t\t<source media=\"(min-width: 768px)\" srcset=\"https:\/\/turismevalles.com\/wp-content\/uploads\/2024\/06\/XSM-0101-1024x683.jpg\">\n\t\t\t\t\t<img decoding=\"async\" class=\"spectra-image-gallery__media-thumbnail spectra-image-gallery__media-thumbnail--grid\" src=\"https:\/\/turismevalles.com\/wp-content\/uploads\/2024\/06\/XSM-0101-300x200.jpg\" alt=\"Gravel al Vall\u00e8s Oriental\" loading=\"lazy\" \/>\n\t\t\t\t<\/picture>\n\t\t\t\t<div class=\"spectra-image-gallery__media-thumbnail-blurrer\"><\/div>\n\t\t\t\t\t\t\t\t\t\t\t<div class=\"spectra-image-gallery__media-thumbnail-caption-wrapper spectra-image-gallery__media-thumbnail-caption-wrapper--overlay\">\n\t\t\t\t\t\t\t\t\t\t\t<div class=\"spectra-image-gallery__media-thumbnail-caption spectra-image-gallery__media-thumbnail-caption--overlay\">\n\t\t\t\t\tGravel al Vall\u00e8s Oriental\t\t\t\t<\/div>\n\t\t\t\t\t\t\t\t\t\t<\/div>\n\t\t\t\t\t\t\t\t\t<\/div>\n\t\t\t\t\t\t<\/div>\n\t\t\t\t\t\t<div class='spectra-image-gallery__media-wrapper' data-spectra-gallery-image-id='56260' tabindex=\"0\">\n\t\t\t\t\t\t\t<div class=\"spectra-image-gallery__media spectra-image-gallery__media--grid\">\n\t\t\t\t<picture>\n\t\t\t\t\t<source media=\"(min-width: 1024px)\" srcset=\"https:\/\/turismevalles.com\/wp-content\/uploads\/2024\/06\/XSM-0082-1024x683.jpg\">\n\t\t\t\t\t<source media=\"(min-width: 768px)\" srcset=\"https:\/\/turismevalles.com\/wp-content\/uploads\/2024\/06\/XSM-0082-1024x683.jpg\">\n\t\t\t\t\t<img decoding=\"async\" class=\"spectra-image-gallery__media-thumbnail spectra-image-gallery__media-thumbnail--grid\" src=\"https:\/\/turismevalles.com\/wp-content\/uploads\/2024\/06\/XSM-0082-300x200.jpg\" alt=\"Gravel al Vall\u00e8s Oriental\" loading=\"lazy\" \/>\n\t\t\t\t<\/picture>\n\t\t\t\t<div class=\"spectra-image-gallery__media-thumbnail-blurrer\"><\/div>\n\t\t\t\t\t\t\t\t\t\t\t<div class=\"spectra-image-gallery__media-thumbnail-caption-wrapper spectra-image-gallery__media-thumbnail-caption-wrapper--overlay\">\n\t\t\t\t\t\t\t\t\t\t\t<div class=\"spectra-image-gallery__media-thumbnail-caption spectra-image-gallery__media-thumbnail-caption--overlay\">\n\t\t\t\t\tGravel al Vall\u00e8s Oriental\t\t\t\t<\/div>\n\t\t\t\t\t\t\t\t\t\t<\/div>\n\t\t\t\t\t\t\t\t\t<\/div>\n\t\t\t\t\t\t<\/div>\n\t\t\t\t\t\t\t\t\t\t<\/div>\n\t\t\t\t\t\t\t\t\t\t\t\t\t\t\t\t\t\t<\/div>\n\t\t\t\t\t\t\t\t\t\n<h2 class=\"gb-headline gb-headline-f09e41a0 gb-headline-text\">RUTA GRAVEL DEL VALL\u00c8S ORIENTAL<\/h2>\n\n<div data-wp-interactive=\"core\/file\" class=\"wp-block-file\"><object data-wp-bind--hidden=\"!state.hasPdfPreview\" hidden class=\"wp-block-file__embed\" data=\"https:\/\/turismevalles.com\/wp-content\/uploads\/2024\/06\/03-RUTA-CAT.pdf\" type=\"application\/pdf\" style=\"width:100%;height:600px\" aria-label=\"Incrustado de RUTA GRAVEL DEL VALL\u00c8S ORIENTAL.\"><\/object><a id=\"wp-block-file--media-571a9717-68b1-41e5-a8f8-9b465862a17c\" href=\"https:\/\/turismevalles.com\/wp-content\/uploads\/2024\/06\/03-RUTA-CAT.pdf\">RUTA GRAVEL DEL VALL\u00c8S ORIENTAL<\/a><a href=\"https:\/\/turismevalles.com\/wp-content\/uploads\/2024\/06\/03-RUTA-CAT.pdf\" class=\"wp-block-file__button wp-element-button\" download=\"\" aria-describedby=\"wp-block-file--media-571a9717-68b1-41e5-a8f8-9b465862a17c\">Baja<\/a><\/div>\n\n<p><\/p>\n\n<h2 class=\"gb-headline gb-headline-c7e97489 gb-headline-text\">CAT\u00c1LOGO DE SERVICIOS POR EL CICLOTURISTA EN EL VALL\u00c8S ORIENTAL<\/h2>\n\n<div data-wp-interactive=\"core\/file\" class=\"wp-block-file\"><object data-wp-bind--hidden=\"!state.hasPdfPreview\" hidden class=\"wp-block-file__embed\" data=\"https:\/\/turismevalles.com\/wp-content\/uploads\/2024\/06\/02-CAT-CATALEG_compressed.pdf\" type=\"application\/pdf\" style=\"width:100%;height:650px\" aria-label=\"Incrustado de Cat\u00e0leg del serveis pel cicloturista al Vall\u00e8s Oriental.\"><\/object><a id=\"wp-block-file--media-2810f1e2-9aa2-44ee-92a3-b96761c214f8\" href=\"https:\/\/turismevalles.com\/wp-content\/uploads\/2024\/06\/02-CAT-CATALEG_compressed.pdf\">Cat\u00e1logo de servicios para el cicloturista en el Vall\u00e8s Oriental<\/a><a href=\"https:\/\/turismevalles.com\/wp-content\/uploads\/2024\/06\/02-CAT-CATALEG_compressed.pdf\" class=\"wp-block-file__button wp-element-button\" download=\"\" aria-describedby=\"wp-block-file--media-2810f1e2-9aa2-44ee-92a3-b96761c214f8\">Baja<\/a><\/div>\n\n<p><\/p>\n\n<h2 class=\"gb-headline gb-headline-f32a6291 gb-headline-text\">El cicloturismo en el Vall\u00e8s Oriental es noticia<\/h2>\n\n<p><strong><a href=\"https:\/\/el9nou.cat\/valles-oriental\/quiosc\/el-9-nou-del-valles-oriental-del-divendres-14-de-juny-de-2024\/\">EL 9 NOU 14 DE JUNIO DE 2024<\/a><\/strong><\/p>\n\n<figure class=\"wp-block-image size-full is-resized\"><img loading=\"lazy\" decoding=\"async\" width=\"587\" height=\"776\" src=\"https:\/\/turismevalles.com\/wp-content\/uploads\/2024\/06\/El-nou9.png\" alt=\"\" class=\"wp-image-56341\" style=\"width:356px;height:auto\" srcset=\"https:\/\/turismevalles.com\/wp-content\/uploads\/2024\/06\/El-nou9.png 587w, https:\/\/turismevalles.com\/wp-content\/uploads\/2024\/06\/El-nou9-227x300.png 227w\" sizes=\"auto, (max-width: 587px) 100vw, 587px\" \/><\/figure>\n\n<p><a href=\"https:\/\/www.somgranollers.cat\/hemeroteca\/2323\/somgranollers-453\"><strong>SOM GRANOLLERS 13 DE JUNIO DE 2024<\/strong><\/a><\/p>\n\n<figure class=\"wp-block-image size-full is-resized\"><img loading=\"lazy\" decoding=\"async\" width=\"791\" height=\"311\" src=\"https:\/\/turismevalles.com\/wp-content\/uploads\/2024\/06\/Som-Granollers-13juny.png\" alt=\"\" class=\"wp-image-56337\" style=\"width:605px;height:auto\" srcset=\"https:\/\/turismevalles.com\/wp-content\/uploads\/2024\/06\/Som-Granollers-13juny.png 791w, https:\/\/turismevalles.com\/wp-content\/uploads\/2024\/06\/Som-Granollers-13juny-300x118.png 300w, https:\/\/turismevalles.com\/wp-content\/uploads\/2024\/06\/Som-Granollers-13juny-768x302.png 768w\" sizes=\"auto, (max-width: 791px) 100vw, 791px\" \/><\/figure>\n\n<p><strong>SOM VALL\u00c8S 13 DE JUNIO DE 2024<\/strong><\/p>\n\n<p><strong><a href=\"https:\/\/www.somvalles.cat\/noticia\/96908\/el-valles-oriental-vol-atraure-turisme-de-bicicleta-amb-rutes-de-6-dies-i-passant-pel-circ\">El Vall\u00e8s Oriental quiere atraer el turismo de bicicleta con una ruta de 6 d\u00edas que pasa por el Circuito Barcelona &#8211; Catalunya<\/a><\/strong><\/p>\n\n<p><strong>VALL\u00c8S VISI\u00d3 13 DE JUNIO DE 2024<\/strong><\/p>\n\n<p><a href=\"https:\/\/www.vallesvisio.cat\/el-consell-comarcal-presenta-una-opcio-turistica-innovadora-per-coneixer-el-territori-en-bicicleta\/\"><strong>El Consell Comarcal presenta una opci\u00f3n tur\u00edstica innovadora para conocer el territorio en bicicleta<\/strong><\/a><strong><\/strong><\/p>\n\n<p><strong>3CAT 12 DE JUNIO DE 2024<\/strong><\/p>\n\n<p><a href=\"https:\/\/www.ccma.cat\/324\/el-valles-oriental-vol-atraure-turisme-de-bicicleta-amb-rutes-de-6-dies-i-passant-pel-circuit-de-barcelona-catalunya\/noticia\/3298026\/\"><strong>El Vall\u00e8s Oriental quiere atraer el turismo de bicicleta con una ruta de 6 d\u00edas que pasa por el Circuito Barcelona &#8211; Catalunya<\/strong><\/a><strong><\/strong><\/p>\n\n<p><strong>EL PERI\u00d3DICO 12 DE JUNIO DE 2024<\/strong><\/p>\n\n<p><a href=\"https:\/\/www.elperiodico.com\/es\/granollers\/20240612\/valles-oriental-quiere-atraer-turismo-103703151\"><strong>El Vall\u00e8s Oriental quiere atraer turismo de bicicleta con rutas de 6 d\u00edas y pasando por el Circuit de Barcelona-Catalunya<\/strong><\/a><strong><\/strong><\/p>\n\n<p><strong>EL PUNT AVUI 12 DE JUNIO DE 2024<\/strong><\/p>\n\n<p><a href=\"https:\/\/www.elpuntavui.cat\/economia\/article\/18-economia\/2428311-atraure-turisme-de-bicicleta-objectiu-del-valles-oriental.html\"><strong>Atraer turismo de bicicleta, objectivo del Vall\u00e8s Oriental<\/strong><\/a><strong><\/strong><\/p>\n\n<p><strong>NACI\u00d3 GRANOLLERS 12 de junio de 2024<\/strong><\/p>\n\n<p><a href=\"https:\/\/naciodigital.cat\/granollers\/societat\/valles-oriental-vol-atraure-turisme-bicicleta-parada-circuit-montmelo_1942679_102.html\"><strong>El Vall\u00e8s Oriental quiere atraer turismo de bicicleta con parada en el Circuito de Montmel\u00f3<\/strong><\/a><strong><\/strong><\/p>\n\n<p><strong>LINIAVALLES 12 DE JUNIO DE 2024<\/strong><\/p>\n\n<p><a href=\"https:\/\/liniaxarxa.cat\/liniavalles-vallesoriental\/noticies\/valles-oriental-aposta-turisme-bicicleta-rutes-circuit-montmelo\/\"><strong>El Vall\u00e8s Oriental apuesta por el turismo de bicicleta con rutas que pasan por el Circuito de Montmel\u00f3<\/strong><\/a><strong><\/strong><\/p>\n\n<p><strong>VOTV 12 DE JUNIO DE 2024<\/strong><\/p>\n\n<p>Reportaje sobre la presentaci\u00f3n del Plan Estrat\u00e9gico de Cicloturismo del Vall\u00e8s Oriental<\/p>\n\n<figure class=\"wp-block-embed is-type-video is-provider-youtube wp-block-embed-youtube wp-embed-aspect-16-9 wp-has-aspect-ratio\"><div class=\"wp-block-embed__wrapper\">\n<iframe loading=\"lazy\" title=\"VOTV - El Vall\u00e8s Oriental ja compta amb una ruta ciclotur\u00edstica per rec\u00f3rrer la comarca\" width=\"1200\" height=\"675\" src=\"https:\/\/www.youtube.com\/embed\/EKc_yKb369I?start=1&#038;feature=oembed\" frameborder=\"0\" allow=\"accelerometer; autoplay; clipboard-write; encrypted-media; gyroscope; picture-in-picture; web-share\" referrerpolicy=\"strict-origin-when-cross-origin\" allowfullscreen><\/iframe>\n<\/div><\/figure>\n","protected":false},"excerpt":{"rendered":"<p>La comarca del Vall\u00e8s Oriental cuenta, a partir de hoy, con un Plan Estrat\u00e9gico de Cicloturismo que pone en valor el patrimonio medioambiental y cultural &#8230; <a title=\"El Vall\u00e8s Oriental cuenta ya con un Plan Estrat\u00e9gico de Cicloturismo\" class=\"read-more\" href=\"https:\/\/turismevalles.com\/es\/el-valles-oriental-cuenta-ya-con-un-plan-estrategico-de-cicloturismo\/\" aria-label=\"M\u00e1s en El Vall\u00e8s Oriental cuenta ya con un Plan Estrat\u00e9gico de Cicloturismo\">Veure m\u00e9s<\/a><\/p>\n","protected":false},"author":5,"featured_media":56255,"comment_status":"open","ping_status":"closed","sticky":false,"template":"","format":"standard","meta":{"_acf_changed":false,"inline_featured_image":false,"_uag_custom_page_level_css":"","footnotes":""},"categories":[114],"tags":[2278,2649],"class_list":["post-56303","post","type-post","status-publish","format-standard","has-post-thumbnail","hentry","category-sin-categorizar","tag-cicloturisme-es","tag-gravel","generate-columns","tablet-grid-50","mobile-grid-100","grid-parent","grid-33"],"acf":[],"yoast_head":"<!-- This site is optimized with the Yoast SEO plugin v26.4 - https:\/\/yoast.com\/wordpress\/plugins\/seo\/ -->\n<title>El Vall\u00e8s Oriental cuenta ya con un Plan Estrat\u00e9gico de Cicloturismo - Turisme Vall\u00e8s<\/title>\n<meta name=\"description\" content=\"La comarca del Vall\u00e8s Oriental cuenta ya con un Plan Estrat\u00e9gico de Cicloturismo que pone en valor el patrimonio medio ambiental y cultural.\" \/>\n<meta name=\"robots\" content=\"index, follow, max-snippet:-1, max-image-preview:large, max-video-preview:-1\" \/>\n<link rel=\"canonical\" href=\"https:\/\/turismevalles.com\/el-valles-oriental-ja-compta-amb-un-pla-estrategic-de-cicloturisme\/\" \/>\n<meta property=\"og:locale\" content=\"es_ES\" \/>\n<meta property=\"og:type\" content=\"article\" \/>\n<meta property=\"og:title\" content=\"El Vall\u00e8s Oriental cuenta ya con un Plan Estrat\u00e9gico de Cicloturismo - Turisme Vall\u00e8s\" \/>\n<meta property=\"og:description\" content=\"La comarca del Vall\u00e8s Oriental cuenta ya con un Plan Estrat\u00e9gico de Cicloturismo que pone en valor el patrimonio medio ambiental y cultural.\" \/>\n<meta property=\"og:url\" content=\"https:\/\/turismevalles.com\/el-valles-oriental-ja-compta-amb-un-pla-estrategic-de-cicloturisme\/\" \/>\n<meta property=\"og:site_name\" content=\"Turisme Vall\u00e8s\" \/>\n<meta property=\"article:published_time\" content=\"2024-06-14T13:22:43+00:00\" \/>\n<meta property=\"article:modified_time\" content=\"2024-06-18T08:25:53+00:00\" \/>\n<meta property=\"og:image\" content=\"https:\/\/turismevalles.com\/wp-content\/uploads\/2024\/06\/XSM-0101.jpg\" \/>\n\t<meta property=\"og:image:width\" content=\"2400\" \/>\n\t<meta property=\"og:image:height\" content=\"1601\" \/>\n\t<meta property=\"og:image:type\" content=\"image\/jpeg\" \/>\n<meta name=\"author\" content=\"Turisme Valles\" \/>\n<meta name=\"twitter:card\" content=\"summary_large_image\" \/>\n<meta name=\"twitter:label1\" content=\"Escrito por\" \/>\n\t<meta name=\"twitter:data1\" content=\"Turisme Valles\" \/>\n\t<meta name=\"twitter:label2\" content=\"Tiempo de lectura\" \/>\n\t<meta name=\"twitter:data2\" content=\"5 minutos\" \/>\n<script type=\"application\/ld+json\" class=\"yoast-schema-graph\">{\"@context\":\"https:\/\/schema.org\",\"@graph\":[{\"@type\":\"Article\",\"@id\":\"https:\/\/turismevalles.com\/el-valles-oriental-ja-compta-amb-un-pla-estrategic-de-cicloturisme\/#article\",\"isPartOf\":{\"@id\":\"https:\/\/turismevalles.com\/el-valles-oriental-ja-compta-amb-un-pla-estrategic-de-cicloturisme\/\"},\"author\":{\"name\":\"Turisme Valles\",\"@id\":\"https:\/\/turismevalles.com\/en\/#\/schema\/person\/da3ada7244bbe32fad8e7e8236465a16\"},\"headline\":\"El Vall\u00e8s Oriental cuenta ya con un Plan Estrat\u00e9gico de Cicloturismo\",\"datePublished\":\"2024-06-14T13:22:43+00:00\",\"dateModified\":\"2024-06-18T08:25:53+00:00\",\"mainEntityOfPage\":{\"@id\":\"https:\/\/turismevalles.com\/el-valles-oriental-ja-compta-amb-un-pla-estrategic-de-cicloturisme\/\"},\"wordCount\":933,\"commentCount\":0,\"publisher\":{\"@id\":\"https:\/\/turismevalles.com\/en\/#organization\"},\"image\":{\"@id\":\"https:\/\/turismevalles.com\/el-valles-oriental-ja-compta-amb-un-pla-estrategic-de-cicloturisme\/#primaryimage\"},\"thumbnailUrl\":\"https:\/\/turismevalles.com\/wp-content\/uploads\/2024\/06\/XSM-0101.jpg\",\"keywords\":[\"cicloturisme\",\"Gravel\"],\"articleSection\":[\"Sin categorizar\"],\"inLanguage\":\"es\",\"potentialAction\":[{\"@type\":\"CommentAction\",\"name\":\"Comment\",\"target\":[\"https:\/\/turismevalles.com\/el-valles-oriental-ja-compta-amb-un-pla-estrategic-de-cicloturisme\/#respond\"]}]},{\"@type\":\"WebPage\",\"@id\":\"https:\/\/turismevalles.com\/el-valles-oriental-ja-compta-amb-un-pla-estrategic-de-cicloturisme\/\",\"url\":\"https:\/\/turismevalles.com\/el-valles-oriental-ja-compta-amb-un-pla-estrategic-de-cicloturisme\/\",\"name\":\"El Vall\u00e8s Oriental cuenta ya con un Plan Estrat\u00e9gico de Cicloturismo - Turisme Vall\u00e8s\",\"isPartOf\":{\"@id\":\"https:\/\/turismevalles.com\/en\/#website\"},\"primaryImageOfPage\":{\"@id\":\"https:\/\/turismevalles.com\/el-valles-oriental-ja-compta-amb-un-pla-estrategic-de-cicloturisme\/#primaryimage\"},\"image\":{\"@id\":\"https:\/\/turismevalles.com\/el-valles-oriental-ja-compta-amb-un-pla-estrategic-de-cicloturisme\/#primaryimage\"},\"thumbnailUrl\":\"https:\/\/turismevalles.com\/wp-content\/uploads\/2024\/06\/XSM-0101.jpg\",\"datePublished\":\"2024-06-14T13:22:43+00:00\",\"dateModified\":\"2024-06-18T08:25:53+00:00\",\"description\":\"La comarca del Vall\u00e8s Oriental cuenta ya con un Plan Estrat\u00e9gico de Cicloturismo que pone en valor el patrimonio medio ambiental y cultural.\",\"breadcrumb\":{\"@id\":\"https:\/\/turismevalles.com\/el-valles-oriental-ja-compta-amb-un-pla-estrategic-de-cicloturisme\/#breadcrumb\"},\"inLanguage\":\"es\",\"potentialAction\":[{\"@type\":\"ReadAction\",\"target\":[\"https:\/\/turismevalles.com\/el-valles-oriental-ja-compta-amb-un-pla-estrategic-de-cicloturisme\/\"]}]},{\"@type\":\"ImageObject\",\"inLanguage\":\"es\",\"@id\":\"https:\/\/turismevalles.com\/el-valles-oriental-ja-compta-amb-un-pla-estrategic-de-cicloturisme\/#primaryimage\",\"url\":\"https:\/\/turismevalles.com\/wp-content\/uploads\/2024\/06\/XSM-0101.jpg\",\"contentUrl\":\"https:\/\/turismevalles.com\/wp-content\/uploads\/2024\/06\/XSM-0101.jpg\",\"width\":2400,\"height\":1601,\"caption\":\"Gravel al Vall\u00e8s Oriental\"},{\"@type\":\"BreadcrumbList\",\"@id\":\"https:\/\/turismevalles.com\/el-valles-oriental-ja-compta-amb-un-pla-estrategic-de-cicloturisme\/#breadcrumb\",\"itemListElement\":[{\"@type\":\"ListItem\",\"position\":1,\"name\":\"Inicio\",\"item\":\"https:\/\/turismevalles.com\/es\/\"},{\"@type\":\"ListItem\",\"position\":2,\"name\":\"El Vall\u00e8s Oriental cuenta ya con un Plan Estrat\u00e9gico de Cicloturismo\"}]},{\"@type\":\"WebSite\",\"@id\":\"https:\/\/turismevalles.com\/en\/#website\",\"url\":\"https:\/\/turismevalles.com\/en\/\",\"name\":\"Turisme Vall\u00e8s\",\"description\":\"\",\"publisher\":{\"@id\":\"https:\/\/turismevalles.com\/en\/#organization\"},\"potentialAction\":[{\"@type\":\"SearchAction\",\"target\":{\"@type\":\"EntryPoint\",\"urlTemplate\":\"https:\/\/turismevalles.com\/en\/?s={search_term_string}\"},\"query-input\":{\"@type\":\"PropertyValueSpecification\",\"valueRequired\":true,\"valueName\":\"search_term_string\"}}],\"inLanguage\":\"es\"},{\"@type\":\"Organization\",\"@id\":\"https:\/\/turismevalles.com\/en\/#organization\",\"name\":\"Turisme Vall\u00e8s\",\"url\":\"https:\/\/turismevalles.com\/en\/\",\"logo\":{\"@type\":\"ImageObject\",\"inLanguage\":\"es\",\"@id\":\"https:\/\/turismevalles.com\/en\/#\/schema\/logo\/image\/\",\"url\":\"https:\/\/turismevalles.com\/wp-content\/uploads\/2020\/08\/cropped-logo_ca-2.png\",\"contentUrl\":\"https:\/\/turismevalles.com\/wp-content\/uploads\/2020\/08\/cropped-logo_ca-2.png\",\"width\":314,\"height\":85,\"caption\":\"Turisme Vall\u00e8s\"},\"image\":{\"@id\":\"https:\/\/turismevalles.com\/en\/#\/schema\/logo\/image\/\"}},{\"@type\":\"Person\",\"@id\":\"https:\/\/turismevalles.com\/en\/#\/schema\/person\/da3ada7244bbe32fad8e7e8236465a16\",\"name\":\"Turisme Valles\",\"image\":{\"@type\":\"ImageObject\",\"inLanguage\":\"es\",\"@id\":\"https:\/\/turismevalles.com\/en\/#\/schema\/person\/image\/\",\"url\":\"https:\/\/secure.gravatar.com\/avatar\/7e16883f64cc26bc17bd484e55e43f21867385a5cb8ebdc8b94540485c823a4b?s=96&d=mm&r=g\",\"contentUrl\":\"https:\/\/secure.gravatar.com\/avatar\/7e16883f64cc26bc17bd484e55e43f21867385a5cb8ebdc8b94540485c823a4b?s=96&d=mm&r=g\",\"caption\":\"Turisme Valles\"},\"url\":\"https:\/\/turismevalles.com\/es\/author\/turismevallesoriental\/\"}]}<\/script>\n<!-- \/ Yoast SEO plugin. -->","yoast_head_json":{"title":"El Vall\u00e8s Oriental cuenta ya con un Plan Estrat\u00e9gico de Cicloturismo - Turisme Vall\u00e8s","description":"La comarca del Vall\u00e8s Oriental cuenta ya con un Plan Estrat\u00e9gico de Cicloturismo que pone en valor el patrimonio medio ambiental y cultural.","robots":{"index":"index","follow":"follow","max-snippet":"max-snippet:-1","max-image-preview":"max-image-preview:large","max-video-preview":"max-video-preview:-1"},"canonical":"https:\/\/turismevalles.com\/el-valles-oriental-ja-compta-amb-un-pla-estrategic-de-cicloturisme\/","og_locale":"es_ES","og_type":"article","og_title":"El Vall\u00e8s Oriental cuenta ya con un Plan Estrat\u00e9gico de Cicloturismo - Turisme Vall\u00e8s","og_description":"La comarca del Vall\u00e8s Oriental cuenta ya con un Plan Estrat\u00e9gico de Cicloturismo que pone en valor el patrimonio medio ambiental y cultural.","og_url":"https:\/\/turismevalles.com\/el-valles-oriental-ja-compta-amb-un-pla-estrategic-de-cicloturisme\/","og_site_name":"Turisme Vall\u00e8s","article_published_time":"2024-06-14T13:22:43+00:00","article_modified_time":"2024-06-18T08:25:53+00:00","og_image":[{"width":2400,"height":1601,"url":"https:\/\/turismevalles.com\/wp-content\/uploads\/2024\/06\/XSM-0101.jpg","type":"image\/jpeg"}],"author":"Turisme Valles","twitter_card":"summary_large_image","twitter_misc":{"Escrito por":"Turisme Valles","Tiempo de lectura":"5 minutos"},"schema":{"@context":"https:\/\/schema.org","@graph":[{"@type":"Article","@id":"https:\/\/turismevalles.com\/el-valles-oriental-ja-compta-amb-un-pla-estrategic-de-cicloturisme\/#article","isPartOf":{"@id":"https:\/\/turismevalles.com\/el-valles-oriental-ja-compta-amb-un-pla-estrategic-de-cicloturisme\/"},"author":{"name":"Turisme Valles","@id":"https:\/\/turismevalles.com\/en\/#\/schema\/person\/da3ada7244bbe32fad8e7e8236465a16"},"headline":"El Vall\u00e8s Oriental cuenta ya con un Plan Estrat\u00e9gico de Cicloturismo","datePublished":"2024-06-14T13:22:43+00:00","dateModified":"2024-06-18T08:25:53+00:00","mainEntityOfPage":{"@id":"https:\/\/turismevalles.com\/el-valles-oriental-ja-compta-amb-un-pla-estrategic-de-cicloturisme\/"},"wordCount":933,"commentCount":0,"publisher":{"@id":"https:\/\/turismevalles.com\/en\/#organization"},"image":{"@id":"https:\/\/turismevalles.com\/el-valles-oriental-ja-compta-amb-un-pla-estrategic-de-cicloturisme\/#primaryimage"},"thumbnailUrl":"https:\/\/turismevalles.com\/wp-content\/uploads\/2024\/06\/XSM-0101.jpg","keywords":["cicloturisme","Gravel"],"articleSection":["Sin categorizar"],"inLanguage":"es","potentialAction":[{"@type":"CommentAction","name":"Comment","target":["https:\/\/turismevalles.com\/el-valles-oriental-ja-compta-amb-un-pla-estrategic-de-cicloturisme\/#respond"]}]},{"@type":"WebPage","@id":"https:\/\/turismevalles.com\/el-valles-oriental-ja-compta-amb-un-pla-estrategic-de-cicloturisme\/","url":"https:\/\/turismevalles.com\/el-valles-oriental-ja-compta-amb-un-pla-estrategic-de-cicloturisme\/","name":"El Vall\u00e8s Oriental cuenta ya con un Plan Estrat\u00e9gico de Cicloturismo - Turisme Vall\u00e8s","isPartOf":{"@id":"https:\/\/turismevalles.com\/en\/#website"},"primaryImageOfPage":{"@id":"https:\/\/turismevalles.com\/el-valles-oriental-ja-compta-amb-un-pla-estrategic-de-cicloturisme\/#primaryimage"},"image":{"@id":"https:\/\/turismevalles.com\/el-valles-oriental-ja-compta-amb-un-pla-estrategic-de-cicloturisme\/#primaryimage"},"thumbnailUrl":"https:\/\/turismevalles.com\/wp-content\/uploads\/2024\/06\/XSM-0101.jpg","datePublished":"2024-06-14T13:22:43+00:00","dateModified":"2024-06-18T08:25:53+00:00","description":"La comarca del Vall\u00e8s Oriental cuenta ya con un Plan Estrat\u00e9gico de Cicloturismo que pone en valor el patrimonio medio ambiental y cultural.","breadcrumb":{"@id":"https:\/\/turismevalles.com\/el-valles-oriental-ja-compta-amb-un-pla-estrategic-de-cicloturisme\/#breadcrumb"},"inLanguage":"es","potentialAction":[{"@type":"ReadAction","target":["https:\/\/turismevalles.com\/el-valles-oriental-ja-compta-amb-un-pla-estrategic-de-cicloturisme\/"]}]},{"@type":"ImageObject","inLanguage":"es","@id":"https:\/\/turismevalles.com\/el-valles-oriental-ja-compta-amb-un-pla-estrategic-de-cicloturisme\/#primaryimage","url":"https:\/\/turismevalles.com\/wp-content\/uploads\/2024\/06\/XSM-0101.jpg","contentUrl":"https:\/\/turismevalles.com\/wp-content\/uploads\/2024\/06\/XSM-0101.jpg","width":2400,"height":1601,"caption":"Gravel al Vall\u00e8s Oriental"},{"@type":"BreadcrumbList","@id":"https:\/\/turismevalles.com\/el-valles-oriental-ja-compta-amb-un-pla-estrategic-de-cicloturisme\/#breadcrumb","itemListElement":[{"@type":"ListItem","position":1,"name":"Inicio","item":"https:\/\/turismevalles.com\/es\/"},{"@type":"ListItem","position":2,"name":"El Vall\u00e8s Oriental cuenta ya con un Plan Estrat\u00e9gico de Cicloturismo"}]},{"@type":"WebSite","@id":"https:\/\/turismevalles.com\/en\/#website","url":"https:\/\/turismevalles.com\/en\/","name":"Turisme Vall\u00e8s","description":"","publisher":{"@id":"https:\/\/turismevalles.com\/en\/#organization"},"potentialAction":[{"@type":"SearchAction","target":{"@type":"EntryPoint","urlTemplate":"https:\/\/turismevalles.com\/en\/?s={search_term_string}"},"query-input":{"@type":"PropertyValueSpecification","valueRequired":true,"valueName":"search_term_string"}}],"inLanguage":"es"},{"@type":"Organization","@id":"https:\/\/turismevalles.com\/en\/#organization","name":"Turisme Vall\u00e8s","url":"https:\/\/turismevalles.com\/en\/","logo":{"@type":"ImageObject","inLanguage":"es","@id":"https:\/\/turismevalles.com\/en\/#\/schema\/logo\/image\/","url":"https:\/\/turismevalles.com\/wp-content\/uploads\/2020\/08\/cropped-logo_ca-2.png","contentUrl":"https:\/\/turismevalles.com\/wp-content\/uploads\/2020\/08\/cropped-logo_ca-2.png","width":314,"height":85,"caption":"Turisme Vall\u00e8s"},"image":{"@id":"https:\/\/turismevalles.com\/en\/#\/schema\/logo\/image\/"}},{"@type":"Person","@id":"https:\/\/turismevalles.com\/en\/#\/schema\/person\/da3ada7244bbe32fad8e7e8236465a16","name":"Turisme Valles","image":{"@type":"ImageObject","inLanguage":"es","@id":"https:\/\/turismevalles.com\/en\/#\/schema\/person\/image\/","url":"https:\/\/secure.gravatar.com\/avatar\/7e16883f64cc26bc17bd484e55e43f21867385a5cb8ebdc8b94540485c823a4b?s=96&d=mm&r=g","contentUrl":"https:\/\/secure.gravatar.com\/avatar\/7e16883f64cc26bc17bd484e55e43f21867385a5cb8ebdc8b94540485c823a4b?s=96&d=mm&r=g","caption":"Turisme Valles"},"url":"https:\/\/turismevalles.com\/es\/author\/turismevallesoriental\/"}]}},"uagb_featured_image_src":{"full":["https:\/\/turismevalles.com\/wp-content\/uploads\/2024\/06\/XSM-0101.jpg",2400,1601,false],"thumbnail":["https:\/\/turismevalles.com\/wp-content\/uploads\/2024\/06\/XSM-0101-150x150.jpg",150,150,true],"medium":["https:\/\/turismevalles.com\/wp-content\/uploads\/2024\/06\/XSM-0101-300x200.jpg",300,200,true],"medium_large":["https:\/\/turismevalles.com\/wp-content\/uploads\/2024\/06\/XSM-0101-768x512.jpg",768,512,true],"large":["https:\/\/turismevalles.com\/wp-content\/uploads\/2024\/06\/XSM-0101-1024x683.jpg",1024,683,true],"thumblist":["https:\/\/turismevalles.com\/wp-content\/uploads\/2024\/06\/XSM-0101-300x300.jpg",300,300,true],"meccarouselthumb":["https:\/\/turismevalles.com\/wp-content\/uploads\/2024\/06\/XSM-0101-474x324.jpg",474,324,true],"gridsquare":["https:\/\/turismevalles.com\/wp-content\/uploads\/2024\/06\/XSM-0101-391x260.jpg",391,260,true],"tileview":["https:\/\/turismevalles.com\/wp-content\/uploads\/2024\/06\/XSM-0101-300x400.jpg",300,400,true],"1536x1536":["https:\/\/turismevalles.com\/wp-content\/uploads\/2024\/06\/XSM-0101-1536x1025.jpg",1536,1025,true],"2048x2048":["https:\/\/turismevalles.com\/wp-content\/uploads\/2024\/06\/XSM-0101-2048x1366.jpg",2048,1366,true]},"uagb_author_info":{"display_name":"Turisme Valles","author_link":"https:\/\/turismevalles.com\/es\/author\/turismevallesoriental\/"},"uagb_comment_info":0,"uagb_excerpt":"La comarca del Vall\u00e8s Oriental cuenta, a partir de hoy, con un Plan Estrat\u00e9gico de Cicloturismo que pone en valor el patrimonio medioambiental y cultural ... Veure m\u00e9s","_links":{"self":[{"href":"https:\/\/turismevalles.com\/es\/wp-json\/wp\/v2\/posts\/56303","targetHints":{"allow":["GET"]}}],"collection":[{"href":"https:\/\/turismevalles.com\/es\/wp-json\/wp\/v2\/posts"}],"about":[{"href":"https:\/\/turismevalles.com\/es\/wp-json\/wp\/v2\/types\/post"}],"author":[{"embeddable":true,"href":"https:\/\/turismevalles.com\/es\/wp-json\/wp\/v2\/users\/5"}],"replies":[{"embeddable":true,"href":"https:\/\/turismevalles.com\/es\/wp-json\/wp\/v2\/comments?post=56303"}],"version-history":[{"count":0,"href":"https:\/\/turismevalles.com\/es\/wp-json\/wp\/v2\/posts\/56303\/revisions"}],"wp:featuredmedia":[{"embeddable":true,"href":"https:\/\/turismevalles.com\/es\/wp-json\/wp\/v2\/media\/56255"}],"wp:attachment":[{"href":"https:\/\/turismevalles.com\/es\/wp-json\/wp\/v2\/media?parent=56303"}],"wp:term":[{"taxonomy":"category","embeddable":true,"href":"https:\/\/turismevalles.com\/es\/wp-json\/wp\/v2\/categories?post=56303"},{"taxonomy":"post_tag","embeddable":true,"href":"https:\/\/turismevalles.com\/es\/wp-json\/wp\/v2\/tags?post=56303"}],"curies":[{"name":"wp","href":"https:\/\/api.w.org\/{rel}","templated":true}]}}