{"id":57143,"date":"2024-07-18T14:10:37","date_gmt":"2024-07-18T12:10:37","guid":{"rendered":"https:\/\/turismevalles.com\/primer-descubrimiento-del-entorno-del-programa-puntos-de-informacion-turistica-en-el-valles-oriental-2024\/"},"modified":"2024-07-18T14:10:38","modified_gmt":"2024-07-18T12:10:38","slug":"primer-descubrimiento-del-entorno-del-programa-puntos-de-informacion-turistica-en-el-valles-oriental-2024","status":"publish","type":"post","link":"https:\/\/turismevalles.com\/es\/primer-descubrimiento-del-entorno-del-programa-puntos-de-informacion-turistica-en-el-valles-oriental-2024\/","title":{"rendered":"Primer \u201cDescubrimiento del Entorno\u201d del Programa Puntos de Informaci\u00f3n Tur\u00edstica en el Vall\u00e8s Oriental 2024"},"content":{"rendered":"\n<h2 class=\"wp-block-heading\">Celler de Can Roda de Santa Maria de Martorelles, mi\u00e9rcoles, 29 de mayo 2024<\/h2>\n\n<p>El pasado mi\u00e9rcoles 29 de mayo 2024 en el <a href=\"https:\/\/cellercanroda.cat\/ca\/\" target=\"_blank\" rel=\"noreferrer noopener\">C<\/a><a href=\"https:\/\/cellercanroda.cat\/ca\/\">eller de Can Roda<\/a> de Santa Mar\u00eda de Martorelles se celebr\u00f3 el primer descubrimiento del entorno del programa Puntos de Informaci\u00f3n Tur\u00edstica del Vall\u00e8s Oriental con la participaci\u00f3n de 7 empresas privadas (restaurantes, bodega, alojamientos , empresas de actividades tur\u00edsticas) y de 11 entes p\u00fablicos ( bibliotecas, oficinas de turismo, centros culturales, oficina atenci\u00f3n a la ciudadan\u00eda). En este encuentro asisten tanto empresas y entes p\u00fablicos, sean Nuevas Adhesiones y quien Renova.<\/p>\n\n<p>Este proyecto, impulsado por la Diputaci\u00f3n de Barcelona y coordinada por el Servicio de Turismo del Consell Comarcal del Vall\u00e8s Oriental, se dirige a entes p\u00fablicos y privados, siempre y cuando hagan una atenci\u00f3n al p\u00fablico: sean con visitantes, usuarios y turistas que reciba establecimiento.<\/p>\n\n<p>La actividad se desarroll\u00f3, primero haciendo una bienvenida por parte de \u00c0lex Valiente, consejero de Turismo del Consell Comarcal del Vall\u00e8s Oriental y de la Pepi, propietaria del Celler de Can Roda a las 25 personas asistentes.<\/p>\n\n<div class=\"wp-block-uagb-image uagb-block-c6693227 wp-block-uagb-image--layout-default wp-block-uagb-image--effect-static wp-block-uagb-image--align-none\"><figure class=\"wp-block-uagb-image__figure\"><img decoding=\"async\" srcset=\"https:\/\/turismevalles.com\/wp-content\/uploads\/2024\/07\/290524_CanRoda_1-1024x683.jpg ,https:\/\/turismevalles.com\/wp-content\/uploads\/2024\/07\/290524_CanRoda_1.jpg 780w, https:\/\/turismevalles.com\/wp-content\/uploads\/2024\/07\/290524_CanRoda_1.jpg 360w\" sizes=\"auto, (max-width: 480px) 150px\" src=\"https:\/\/turismevalles.com\/wp-content\/uploads\/2024\/07\/290524_CanRoda_1-1024x683.jpg\" alt=\"can roda pit\" class=\"uag-image-57132\" width=\"873\" height=\"582\" title=\"can roda pit\" loading=\"lazy\" role=\"img\"><\/figure><\/div>\n\n<h2 class=\"wp-block-heading\">Desde el Servicio de Turismo se explica las novedades de este a\u00f1o respecto al programa y son:<\/h2>\n\n<p><strong>1) Darse de alta en la Plataforma de Diputaci\u00f3n de Barcelona:<br\/><\/strong>Previamente, tanto quien Renueva como si es Nueva Adhesi\u00f3n, han sido informadas las empresas y entes p\u00fablicos interesados \u200b\u200bque por formar parte de la red de Puntos de Informaci\u00f3n Tur\u00edstica, deben darse de alta en la Sede Electr\u00f3nica de la Diputaci\u00f3n de Barcelona. Una de las ventajas de registrarse es ofrecer m\u00e1s visibilidad a trav\u00e9s de la web. Asimismo, cuenta con la ventaja de profesionalizar m\u00e1s el programa Puntos de Informaci\u00f3n Tur\u00edstica, ofreciendo m\u00e1s herramientas para el desarrollo de los establecimientos que se adhieran en el programa.<\/p>\n\n<p><strong>2) Manual de uso interno de \u201cBuenas Pr\u00e1cticas a la atenci\u00f3n del p\u00fablico\u201d:<br\/><\/strong> Desde los Servicios de Turismo de la Diputaci\u00f3n de Barcelona se est\u00e1 confeccionando un \u201cManual de Buenas Pr\u00e1cticas para la atenci\u00f3n al visitante , cliente y turista\u201d. Este manual dirigido a los Puntos de Informaci\u00f3n Tur\u00edstica ser\u00e1 una herramienta m\u00e1s de uso interno.<\/p>\n\n<p><strong>3) Nuevas C\u00e1psulas de formaci\u00f3n on-line:<br\/><\/strong> Este a\u00f1o el programa de formaci\u00f3n en formato on-line se sigue realizando a partir de las c\u00e1psulas autoconsumibles desde mayo hasta octubre 2024. La novedad de formaci\u00f3n de este 2024 son: Caja de Herramientas Gratuitas de Google por el Turismo con un paquete de 6 videos, un ejemplo de estas vidas ser\u00eda, \u201cMejora la experiencia del viajero con Google Maps, Google My Maps y Google translate\u201d. As\u00ed como tambi\u00e9n, existe una nueva formaci\u00f3n, la \u201cCreaci\u00f3n de experiencias universales en el Medio Natural\u201d, aparte, hay m\u00e1s formaciones a elegir y son del a\u00f1o pasado.<\/p>\n\n<p>Una vez hecha las explicaciones de las novedades de este a\u00f1o, iniciamos la ronda de presentaciones donde cada empresa y ente p\u00fablico han expuesto cu\u00e1les son las actividades dirigidas al p\u00fablico final y en caso de que no organicen ninguna actividad, pues, nos puedan hacer llegar cu\u00e1les son las demandas del visitante turista en su establecimiento.<\/p>\n\n<p>Mencionar que la exposici\u00f3n de las actividades que se est\u00e1n llevando a cabo desde los diferentes Puntos de Informaci\u00f3n Tur\u00edstica ha sido de un gran provecho ya que refuerza el objetivo de crear red haciendo interacci\u00f3n entre unos y otros a fin de posibles colectores. \u00b7laboraciones conjuntas.<\/p>\n\n<h2 class=\"wp-block-heading\">Un ejemplo<\/h2>\n\n<p>Algunas bibliotecas organizan el \u201cClub de Lectura\u201d y en algunos casos la literatura escogida est\u00e1 relacionada con el Vino y de ah\u00ed se ha contemplado la posibilidad de realizar una jornada de lectura en los vi\u00f1edos de Can Roda. \u00c9sta ser\u00eda una colaboraci\u00f3n p\u00fablico-privada.<\/p>\n\n<div class=\"wp-block-uagb-image uagb-block-6373a1b4 wp-block-uagb-image--layout-default wp-block-uagb-image--effect-static wp-block-uagb-image--align-none\"><figure class=\"wp-block-uagb-image__figure\"><img decoding=\"async\" srcset=\"https:\/\/turismevalles.com\/wp-content\/uploads\/2024\/07\/YDRAY-EDD62F20-70A2-484E-9153-D7B37C15F4F8-1024x768.jpg ,https:\/\/turismevalles.com\/wp-content\/uploads\/2024\/07\/YDRAY-EDD62F20-70A2-484E-9153-D7B37C15F4F8-scaled.jpg 780w, https:\/\/turismevalles.com\/wp-content\/uploads\/2024\/07\/YDRAY-EDD62F20-70A2-484E-9153-D7B37C15F4F8-scaled.jpg 360w\" sizes=\"auto, (max-width: 480px) 150px\" src=\"https:\/\/turismevalles.com\/wp-content\/uploads\/2024\/07\/YDRAY-EDD62F20-70A2-484E-9153-D7B37C15F4F8-1024x768.jpg\" alt=\"can roda pit 1\" class=\"uag-image-57136\" width=\"797\" height=\"598\" title=\"YDRAY-EDD62F20-70A2-484E-9153-D7B37C15F4F8\" loading=\"lazy\" role=\"img\"><\/figure><\/div>\n\n<h2 class=\"wp-block-heading\">Visita y Cata<\/h2>\n\n<p>Despu\u00e9s de esta reuni\u00f3n, Pepi nos ha hecho una visita guiada por la bodega y acto seguido Rosa, propietaria tambi\u00e9n del Celler, nos hizo una cata de Vinos ( blancos y tintos) con diferentes tipos de chocolates de proximidad as\u00ed como tambi\u00e9n en todo el mundo. Aparte, de cata de vinos con chocolates, tambi\u00e9n los hacen con quesos o asado. La valoraci\u00f3n de todas las personas asistentes al descubrimiento del entorno ha sido muy positiva y con ganas de que surjan iniciativas conjuntas entre los diferentes Puntos de Informaci\u00f3n Tur\u00edstica del Vall\u00e8s Oriental.<br\/>La pr\u00f3xima salida de descubrimiento del entorno de los <a href=\"https:\/\/turismevalles.com\/es\/punts-dinformacio-turistica\/\" target=\"_blank\" rel=\"noreferrer noopener\">Puntos de Informaci\u00f3n Tur\u00edstica<\/a> est\u00e1 programada para el martes d\u00eda 15 de octubre de 2024 en Cardedeu.<\/p>\n","protected":false},"excerpt":{"rendered":"<p>Celler de Can Roda de Santa Maria de Martorelles, mi\u00e9rcoles, 29 de mayo 2024 El pasado mi\u00e9rcoles 29 de mayo 2024 en el Celler de &#8230; <a title=\"Primer \u201cDescubrimiento del Entorno\u201d del Programa Puntos de Informaci\u00f3n Tur\u00edstica en el Vall\u00e8s Oriental 2024\" class=\"read-more\" href=\"https:\/\/turismevalles.com\/es\/primer-descubrimiento-del-entorno-del-programa-puntos-de-informacion-turistica-en-el-valles-oriental-2024\/\" aria-label=\"M\u00e1s en Primer \u201cDescubrimiento del Entorno\u201d del Programa Puntos de Informaci\u00f3n Tur\u00edstica en el Vall\u00e8s Oriental 2024\">Veure m\u00e9s<\/a><\/p>\n","protected":false},"author":5,"featured_media":57130,"comment_status":"open","ping_status":"closed","sticky":false,"template":"","format":"standard","meta":{"_acf_changed":false,"inline_featured_image":false,"_uag_custom_page_level_css":"","footnotes":""},"categories":[2676],"tags":[2677],"class_list":["post-57143","post","type-post","status-publish","format-standard","has-post-thumbnail","hentry","category-puntos-de-informacion-turistica","tag-puntos-de-informacion-turistica","generate-columns","tablet-grid-50","mobile-grid-100","grid-parent","grid-33"],"acf":[],"yoast_head":"<!-- This site is optimized with the Yoast SEO plugin v26.4 - https:\/\/yoast.com\/wordpress\/plugins\/seo\/ -->\n<title>Primer \u201cDescubrimiento del Entorno\u201d del Programa Puntos de Informaci\u00f3n Tur\u00edstica en el Vall\u00e8s Oriental 2024 - Turisme Vall\u00e8s<\/title>\n<meta name=\"description\" content=\"El mi\u00e9rcoles 29 de mayo 2024 en el Celler de Can Roda se celebr\u00f3 el primer descubrimiento del entorno de los Puntos de Informaci\u00f3n Tur\u00edstica\" \/>\n<meta name=\"robots\" content=\"index, follow, max-snippet:-1, max-image-preview:large, max-video-preview:-1\" \/>\n<link rel=\"canonical\" href=\"https:\/\/turismevalles.com\/primera-descoberta-de-lentorn-del-programa-punts-dinformacio-turistica-alvalles-oriental-2024\/\" \/>\n<meta property=\"og:locale\" content=\"es_ES\" \/>\n<meta property=\"og:type\" content=\"article\" \/>\n<meta property=\"og:title\" content=\"Primer \u201cDescubrimiento del Entorno\u201d del Programa Puntos de Informaci\u00f3n Tur\u00edstica en el Vall\u00e8s Oriental 2024 - Turisme Vall\u00e8s\" \/>\n<meta property=\"og:description\" content=\"El mi\u00e9rcoles 29 de mayo 2024 en el Celler de Can Roda se celebr\u00f3 el primer descubrimiento del entorno de los Puntos de Informaci\u00f3n Tur\u00edstica\" \/>\n<meta property=\"og:url\" content=\"https:\/\/turismevalles.com\/primera-descoberta-de-lentorn-del-programa-punts-dinformacio-turistica-alvalles-oriental-2024\/\" \/>\n<meta property=\"og:site_name\" content=\"Turisme Vall\u00e8s\" \/>\n<meta property=\"article:published_time\" content=\"2024-07-18T12:10:37+00:00\" \/>\n<meta property=\"article:modified_time\" content=\"2024-07-18T12:10:38+00:00\" \/>\n<meta property=\"og:image\" content=\"https:\/\/turismevalles.com\/wp-content\/uploads\/2024\/07\/29052024_CanRoda_3-1.jpg\" \/>\n\t<meta property=\"og:image:width\" content=\"2046\" \/>\n\t<meta property=\"og:image:height\" content=\"1093\" \/>\n\t<meta property=\"og:image:type\" content=\"image\/jpeg\" \/>\n<meta name=\"author\" content=\"Turisme Valles\" \/>\n<meta name=\"twitter:card\" content=\"summary_large_image\" \/>\n<meta name=\"twitter:label1\" content=\"Escrito por\" \/>\n\t<meta name=\"twitter:data1\" content=\"Turisme Valles\" \/>\n\t<meta name=\"twitter:label2\" content=\"Tiempo de lectura\" \/>\n\t<meta name=\"twitter:data2\" content=\"4 minutos\" \/>\n<script type=\"application\/ld+json\" class=\"yoast-schema-graph\">{\"@context\":\"https:\/\/schema.org\",\"@graph\":[{\"@type\":\"Article\",\"@id\":\"https:\/\/turismevalles.com\/primera-descoberta-de-lentorn-del-programa-punts-dinformacio-turistica-alvalles-oriental-2024\/#article\",\"isPartOf\":{\"@id\":\"https:\/\/turismevalles.com\/primera-descoberta-de-lentorn-del-programa-punts-dinformacio-turistica-alvalles-oriental-2024\/\"},\"author\":{\"name\":\"Turisme Valles\",\"@id\":\"https:\/\/turismevalles.com\/en\/#\/schema\/person\/da3ada7244bbe32fad8e7e8236465a16\"},\"headline\":\"Primer \u201cDescubrimiento del Entorno\u201d del Programa Puntos de Informaci\u00f3n Tur\u00edstica en el Vall\u00e8s Oriental 2024\",\"datePublished\":\"2024-07-18T12:10:37+00:00\",\"dateModified\":\"2024-07-18T12:10:38+00:00\",\"mainEntityOfPage\":{\"@id\":\"https:\/\/turismevalles.com\/primera-descoberta-de-lentorn-del-programa-punts-dinformacio-turistica-alvalles-oriental-2024\/\"},\"wordCount\":797,\"commentCount\":0,\"publisher\":{\"@id\":\"https:\/\/turismevalles.com\/en\/#organization\"},\"image\":{\"@id\":\"https:\/\/turismevalles.com\/primera-descoberta-de-lentorn-del-programa-punts-dinformacio-turistica-alvalles-oriental-2024\/#primaryimage\"},\"thumbnailUrl\":\"https:\/\/turismevalles.com\/wp-content\/uploads\/2024\/07\/29052024_CanRoda_3-1.jpg\",\"keywords\":[\"Puntos de Informaci\u00f3n Tur\u00edstica\"],\"articleSection\":[\"Puntos de Informaci\u00f3n Tur\u00edstica\"],\"inLanguage\":\"es\",\"potentialAction\":[{\"@type\":\"CommentAction\",\"name\":\"Comment\",\"target\":[\"https:\/\/turismevalles.com\/primera-descoberta-de-lentorn-del-programa-punts-dinformacio-turistica-alvalles-oriental-2024\/#respond\"]}]},{\"@type\":\"WebPage\",\"@id\":\"https:\/\/turismevalles.com\/primera-descoberta-de-lentorn-del-programa-punts-dinformacio-turistica-alvalles-oriental-2024\/\",\"url\":\"https:\/\/turismevalles.com\/primera-descoberta-de-lentorn-del-programa-punts-dinformacio-turistica-alvalles-oriental-2024\/\",\"name\":\"Primer \u201cDescubrimiento del Entorno\u201d del Programa Puntos de Informaci\u00f3n Tur\u00edstica en el Vall\u00e8s Oriental 2024 - Turisme Vall\u00e8s\",\"isPartOf\":{\"@id\":\"https:\/\/turismevalles.com\/en\/#website\"},\"primaryImageOfPage\":{\"@id\":\"https:\/\/turismevalles.com\/primera-descoberta-de-lentorn-del-programa-punts-dinformacio-turistica-alvalles-oriental-2024\/#primaryimage\"},\"image\":{\"@id\":\"https:\/\/turismevalles.com\/primera-descoberta-de-lentorn-del-programa-punts-dinformacio-turistica-alvalles-oriental-2024\/#primaryimage\"},\"thumbnailUrl\":\"https:\/\/turismevalles.com\/wp-content\/uploads\/2024\/07\/29052024_CanRoda_3-1.jpg\",\"datePublished\":\"2024-07-18T12:10:37+00:00\",\"dateModified\":\"2024-07-18T12:10:38+00:00\",\"description\":\"El mi\u00e9rcoles 29 de mayo 2024 en el Celler de Can Roda se celebr\u00f3 el primer descubrimiento del entorno de los Puntos de Informaci\u00f3n Tur\u00edstica\",\"breadcrumb\":{\"@id\":\"https:\/\/turismevalles.com\/primera-descoberta-de-lentorn-del-programa-punts-dinformacio-turistica-alvalles-oriental-2024\/#breadcrumb\"},\"inLanguage\":\"es\",\"potentialAction\":[{\"@type\":\"ReadAction\",\"target\":[\"https:\/\/turismevalles.com\/primera-descoberta-de-lentorn-del-programa-punts-dinformacio-turistica-alvalles-oriental-2024\/\"]}]},{\"@type\":\"ImageObject\",\"inLanguage\":\"es\",\"@id\":\"https:\/\/turismevalles.com\/primera-descoberta-de-lentorn-del-programa-punts-dinformacio-turistica-alvalles-oriental-2024\/#primaryimage\",\"url\":\"https:\/\/turismevalles.com\/wp-content\/uploads\/2024\/07\/29052024_CanRoda_3-1.jpg\",\"contentUrl\":\"https:\/\/turismevalles.com\/wp-content\/uploads\/2024\/07\/29052024_CanRoda_3-1.jpg\",\"width\":2046,\"height\":1093,\"caption\":\"can roda descoberta pit\"},{\"@type\":\"BreadcrumbList\",\"@id\":\"https:\/\/turismevalles.com\/primera-descoberta-de-lentorn-del-programa-punts-dinformacio-turistica-alvalles-oriental-2024\/#breadcrumb\",\"itemListElement\":[{\"@type\":\"ListItem\",\"position\":1,\"name\":\"Inicio\",\"item\":\"https:\/\/turismevalles.com\/es\/\"},{\"@type\":\"ListItem\",\"position\":2,\"name\":\"Primer \u201cDescubrimiento del Entorno\u201d del Programa Puntos de Informaci\u00f3n Tur\u00edstica en el Vall\u00e8s Oriental 2024\"}]},{\"@type\":\"WebSite\",\"@id\":\"https:\/\/turismevalles.com\/en\/#website\",\"url\":\"https:\/\/turismevalles.com\/en\/\",\"name\":\"Turisme Vall\u00e8s\",\"description\":\"\",\"publisher\":{\"@id\":\"https:\/\/turismevalles.com\/en\/#organization\"},\"potentialAction\":[{\"@type\":\"SearchAction\",\"target\":{\"@type\":\"EntryPoint\",\"urlTemplate\":\"https:\/\/turismevalles.com\/en\/?s={search_term_string}\"},\"query-input\":{\"@type\":\"PropertyValueSpecification\",\"valueRequired\":true,\"valueName\":\"search_term_string\"}}],\"inLanguage\":\"es\"},{\"@type\":\"Organization\",\"@id\":\"https:\/\/turismevalles.com\/en\/#organization\",\"name\":\"Turisme Vall\u00e8s\",\"url\":\"https:\/\/turismevalles.com\/en\/\",\"logo\":{\"@type\":\"ImageObject\",\"inLanguage\":\"es\",\"@id\":\"https:\/\/turismevalles.com\/en\/#\/schema\/logo\/image\/\",\"url\":\"https:\/\/turismevalles.com\/wp-content\/uploads\/2020\/08\/cropped-logo_ca-2.png\",\"contentUrl\":\"https:\/\/turismevalles.com\/wp-content\/uploads\/2020\/08\/cropped-logo_ca-2.png\",\"width\":314,\"height\":85,\"caption\":\"Turisme Vall\u00e8s\"},\"image\":{\"@id\":\"https:\/\/turismevalles.com\/en\/#\/schema\/logo\/image\/\"}},{\"@type\":\"Person\",\"@id\":\"https:\/\/turismevalles.com\/en\/#\/schema\/person\/da3ada7244bbe32fad8e7e8236465a16\",\"name\":\"Turisme Valles\",\"image\":{\"@type\":\"ImageObject\",\"inLanguage\":\"es\",\"@id\":\"https:\/\/turismevalles.com\/en\/#\/schema\/person\/image\/\",\"url\":\"https:\/\/secure.gravatar.com\/avatar\/7e16883f64cc26bc17bd484e55e43f21867385a5cb8ebdc8b94540485c823a4b?s=96&d=mm&r=g\",\"contentUrl\":\"https:\/\/secure.gravatar.com\/avatar\/7e16883f64cc26bc17bd484e55e43f21867385a5cb8ebdc8b94540485c823a4b?s=96&d=mm&r=g\",\"caption\":\"Turisme Valles\"},\"url\":\"https:\/\/turismevalles.com\/es\/author\/turismevallesoriental\/\"}]}<\/script>\n<!-- \/ Yoast SEO plugin. -->","yoast_head_json":{"title":"Primer \u201cDescubrimiento del Entorno\u201d del Programa Puntos de Informaci\u00f3n Tur\u00edstica en el Vall\u00e8s Oriental 2024 - Turisme Vall\u00e8s","description":"El mi\u00e9rcoles 29 de mayo 2024 en el Celler de Can Roda se celebr\u00f3 el primer descubrimiento del entorno de los Puntos de Informaci\u00f3n Tur\u00edstica","robots":{"index":"index","follow":"follow","max-snippet":"max-snippet:-1","max-image-preview":"max-image-preview:large","max-video-preview":"max-video-preview:-1"},"canonical":"https:\/\/turismevalles.com\/primera-descoberta-de-lentorn-del-programa-punts-dinformacio-turistica-alvalles-oriental-2024\/","og_locale":"es_ES","og_type":"article","og_title":"Primer \u201cDescubrimiento del Entorno\u201d del Programa Puntos de Informaci\u00f3n Tur\u00edstica en el Vall\u00e8s Oriental 2024 - Turisme Vall\u00e8s","og_description":"El mi\u00e9rcoles 29 de mayo 2024 en el Celler de Can Roda se celebr\u00f3 el primer descubrimiento del entorno de los Puntos de Informaci\u00f3n Tur\u00edstica","og_url":"https:\/\/turismevalles.com\/primera-descoberta-de-lentorn-del-programa-punts-dinformacio-turistica-alvalles-oriental-2024\/","og_site_name":"Turisme Vall\u00e8s","article_published_time":"2024-07-18T12:10:37+00:00","article_modified_time":"2024-07-18T12:10:38+00:00","og_image":[{"width":2046,"height":1093,"url":"https:\/\/turismevalles.com\/wp-content\/uploads\/2024\/07\/29052024_CanRoda_3-1.jpg","type":"image\/jpeg"}],"author":"Turisme Valles","twitter_card":"summary_large_image","twitter_misc":{"Escrito por":"Turisme Valles","Tiempo de lectura":"4 minutos"},"schema":{"@context":"https:\/\/schema.org","@graph":[{"@type":"Article","@id":"https:\/\/turismevalles.com\/primera-descoberta-de-lentorn-del-programa-punts-dinformacio-turistica-alvalles-oriental-2024\/#article","isPartOf":{"@id":"https:\/\/turismevalles.com\/primera-descoberta-de-lentorn-del-programa-punts-dinformacio-turistica-alvalles-oriental-2024\/"},"author":{"name":"Turisme Valles","@id":"https:\/\/turismevalles.com\/en\/#\/schema\/person\/da3ada7244bbe32fad8e7e8236465a16"},"headline":"Primer \u201cDescubrimiento del Entorno\u201d del Programa Puntos de Informaci\u00f3n Tur\u00edstica en el Vall\u00e8s Oriental 2024","datePublished":"2024-07-18T12:10:37+00:00","dateModified":"2024-07-18T12:10:38+00:00","mainEntityOfPage":{"@id":"https:\/\/turismevalles.com\/primera-descoberta-de-lentorn-del-programa-punts-dinformacio-turistica-alvalles-oriental-2024\/"},"wordCount":797,"commentCount":0,"publisher":{"@id":"https:\/\/turismevalles.com\/en\/#organization"},"image":{"@id":"https:\/\/turismevalles.com\/primera-descoberta-de-lentorn-del-programa-punts-dinformacio-turistica-alvalles-oriental-2024\/#primaryimage"},"thumbnailUrl":"https:\/\/turismevalles.com\/wp-content\/uploads\/2024\/07\/29052024_CanRoda_3-1.jpg","keywords":["Puntos de Informaci\u00f3n Tur\u00edstica"],"articleSection":["Puntos de Informaci\u00f3n Tur\u00edstica"],"inLanguage":"es","potentialAction":[{"@type":"CommentAction","name":"Comment","target":["https:\/\/turismevalles.com\/primera-descoberta-de-lentorn-del-programa-punts-dinformacio-turistica-alvalles-oriental-2024\/#respond"]}]},{"@type":"WebPage","@id":"https:\/\/turismevalles.com\/primera-descoberta-de-lentorn-del-programa-punts-dinformacio-turistica-alvalles-oriental-2024\/","url":"https:\/\/turismevalles.com\/primera-descoberta-de-lentorn-del-programa-punts-dinformacio-turistica-alvalles-oriental-2024\/","name":"Primer \u201cDescubrimiento del Entorno\u201d del Programa Puntos de Informaci\u00f3n Tur\u00edstica en el Vall\u00e8s Oriental 2024 - Turisme Vall\u00e8s","isPartOf":{"@id":"https:\/\/turismevalles.com\/en\/#website"},"primaryImageOfPage":{"@id":"https:\/\/turismevalles.com\/primera-descoberta-de-lentorn-del-programa-punts-dinformacio-turistica-alvalles-oriental-2024\/#primaryimage"},"image":{"@id":"https:\/\/turismevalles.com\/primera-descoberta-de-lentorn-del-programa-punts-dinformacio-turistica-alvalles-oriental-2024\/#primaryimage"},"thumbnailUrl":"https:\/\/turismevalles.com\/wp-content\/uploads\/2024\/07\/29052024_CanRoda_3-1.jpg","datePublished":"2024-07-18T12:10:37+00:00","dateModified":"2024-07-18T12:10:38+00:00","description":"El mi\u00e9rcoles 29 de mayo 2024 en el Celler de Can Roda se celebr\u00f3 el primer descubrimiento del entorno de los Puntos de Informaci\u00f3n Tur\u00edstica","breadcrumb":{"@id":"https:\/\/turismevalles.com\/primera-descoberta-de-lentorn-del-programa-punts-dinformacio-turistica-alvalles-oriental-2024\/#breadcrumb"},"inLanguage":"es","potentialAction":[{"@type":"ReadAction","target":["https:\/\/turismevalles.com\/primera-descoberta-de-lentorn-del-programa-punts-dinformacio-turistica-alvalles-oriental-2024\/"]}]},{"@type":"ImageObject","inLanguage":"es","@id":"https:\/\/turismevalles.com\/primera-descoberta-de-lentorn-del-programa-punts-dinformacio-turistica-alvalles-oriental-2024\/#primaryimage","url":"https:\/\/turismevalles.com\/wp-content\/uploads\/2024\/07\/29052024_CanRoda_3-1.jpg","contentUrl":"https:\/\/turismevalles.com\/wp-content\/uploads\/2024\/07\/29052024_CanRoda_3-1.jpg","width":2046,"height":1093,"caption":"can roda descoberta pit"},{"@type":"BreadcrumbList","@id":"https:\/\/turismevalles.com\/primera-descoberta-de-lentorn-del-programa-punts-dinformacio-turistica-alvalles-oriental-2024\/#breadcrumb","itemListElement":[{"@type":"ListItem","position":1,"name":"Inicio","item":"https:\/\/turismevalles.com\/es\/"},{"@type":"ListItem","position":2,"name":"Primer \u201cDescubrimiento del Entorno\u201d del Programa Puntos de Informaci\u00f3n Tur\u00edstica en el Vall\u00e8s Oriental 2024"}]},{"@type":"WebSite","@id":"https:\/\/turismevalles.com\/en\/#website","url":"https:\/\/turismevalles.com\/en\/","name":"Turisme Vall\u00e8s","description":"","publisher":{"@id":"https:\/\/turismevalles.com\/en\/#organization"},"potentialAction":[{"@type":"SearchAction","target":{"@type":"EntryPoint","urlTemplate":"https:\/\/turismevalles.com\/en\/?s={search_term_string}"},"query-input":{"@type":"PropertyValueSpecification","valueRequired":true,"valueName":"search_term_string"}}],"inLanguage":"es"},{"@type":"Organization","@id":"https:\/\/turismevalles.com\/en\/#organization","name":"Turisme Vall\u00e8s","url":"https:\/\/turismevalles.com\/en\/","logo":{"@type":"ImageObject","inLanguage":"es","@id":"https:\/\/turismevalles.com\/en\/#\/schema\/logo\/image\/","url":"https:\/\/turismevalles.com\/wp-content\/uploads\/2020\/08\/cropped-logo_ca-2.png","contentUrl":"https:\/\/turismevalles.com\/wp-content\/uploads\/2020\/08\/cropped-logo_ca-2.png","width":314,"height":85,"caption":"Turisme Vall\u00e8s"},"image":{"@id":"https:\/\/turismevalles.com\/en\/#\/schema\/logo\/image\/"}},{"@type":"Person","@id":"https:\/\/turismevalles.com\/en\/#\/schema\/person\/da3ada7244bbe32fad8e7e8236465a16","name":"Turisme Valles","image":{"@type":"ImageObject","inLanguage":"es","@id":"https:\/\/turismevalles.com\/en\/#\/schema\/person\/image\/","url":"https:\/\/secure.gravatar.com\/avatar\/7e16883f64cc26bc17bd484e55e43f21867385a5cb8ebdc8b94540485c823a4b?s=96&d=mm&r=g","contentUrl":"https:\/\/secure.gravatar.com\/avatar\/7e16883f64cc26bc17bd484e55e43f21867385a5cb8ebdc8b94540485c823a4b?s=96&d=mm&r=g","caption":"Turisme Valles"},"url":"https:\/\/turismevalles.com\/es\/author\/turismevallesoriental\/"}]}},"uagb_featured_image_src":{"full":["https:\/\/turismevalles.com\/wp-content\/uploads\/2024\/07\/29052024_CanRoda_3-1.jpg",2046,1093,false],"thumbnail":["https:\/\/turismevalles.com\/wp-content\/uploads\/2024\/07\/29052024_CanRoda_3-1-150x150.jpg",150,150,true],"medium":["https:\/\/turismevalles.com\/wp-content\/uploads\/2024\/07\/29052024_CanRoda_3-1-300x160.jpg",300,160,true],"medium_large":["https:\/\/turismevalles.com\/wp-content\/uploads\/2024\/07\/29052024_CanRoda_3-1-768x410.jpg",768,410,true],"large":["https:\/\/turismevalles.com\/wp-content\/uploads\/2024\/07\/29052024_CanRoda_3-1-1024x547.jpg",1024,547,true],"thumblist":["https:\/\/turismevalles.com\/wp-content\/uploads\/2024\/07\/29052024_CanRoda_3-1-300x300.jpg",300,300,true],"meccarouselthumb":["https:\/\/turismevalles.com\/wp-content\/uploads\/2024\/07\/29052024_CanRoda_3-1-474x324.jpg",474,324,true],"gridsquare":["https:\/\/turismevalles.com\/wp-content\/uploads\/2024\/07\/29052024_CanRoda_3-1-391x260.jpg",391,260,true],"tileview":["https:\/\/turismevalles.com\/wp-content\/uploads\/2024\/07\/29052024_CanRoda_3-1-300x400.jpg",300,400,true],"1536x1536":["https:\/\/turismevalles.com\/wp-content\/uploads\/2024\/07\/29052024_CanRoda_3-1-1536x821.jpg",1536,821,true],"2048x2048":["https:\/\/turismevalles.com\/wp-content\/uploads\/2024\/07\/29052024_CanRoda_3-1.jpg",2046,1093,false]},"uagb_author_info":{"display_name":"Turisme Valles","author_link":"https:\/\/turismevalles.com\/es\/author\/turismevallesoriental\/"},"uagb_comment_info":0,"uagb_excerpt":"Celler de Can Roda de Santa Maria de Martorelles, mi\u00e9rcoles, 29 de mayo 2024 El pasado mi\u00e9rcoles 29 de mayo 2024 en el Celler de ... Veure m\u00e9s","_links":{"self":[{"href":"https:\/\/turismevalles.com\/es\/wp-json\/wp\/v2\/posts\/57143","targetHints":{"allow":["GET"]}}],"collection":[{"href":"https:\/\/turismevalles.com\/es\/wp-json\/wp\/v2\/posts"}],"about":[{"href":"https:\/\/turismevalles.com\/es\/wp-json\/wp\/v2\/types\/post"}],"author":[{"embeddable":true,"href":"https:\/\/turismevalles.com\/es\/wp-json\/wp\/v2\/users\/5"}],"replies":[{"embeddable":true,"href":"https:\/\/turismevalles.com\/es\/wp-json\/wp\/v2\/comments?post=57143"}],"version-history":[{"count":0,"href":"https:\/\/turismevalles.com\/es\/wp-json\/wp\/v2\/posts\/57143\/revisions"}],"wp:featuredmedia":[{"embeddable":true,"href":"https:\/\/turismevalles.com\/es\/wp-json\/wp\/v2\/media\/57130"}],"wp:attachment":[{"href":"https:\/\/turismevalles.com\/es\/wp-json\/wp\/v2\/media?parent=57143"}],"wp:term":[{"taxonomy":"category","embeddable":true,"href":"https:\/\/turismevalles.com\/es\/wp-json\/wp\/v2\/categories?post=57143"},{"taxonomy":"post_tag","embeddable":true,"href":"https:\/\/turismevalles.com\/es\/wp-json\/wp\/v2\/tags?post=57143"}],"curies":[{"name":"wp","href":"https:\/\/api.w.org\/{rel}","templated":true}]}}