{"id":60412,"date":"2025-01-22T11:52:15","date_gmt":"2025-01-22T10:52:15","guid":{"rendered":"https:\/\/turismevalles.com\/el-valles-oriental-se-promociona-en-fitur-2025-la-principal-feria-internacional-de-turismo\/"},"modified":"2025-01-22T11:52:15","modified_gmt":"2025-01-22T10:52:15","slug":"el-valles-oriental-se-promociona-en-fitur-2025-la-principal-feria-internacional-de-turismo","status":"publish","type":"post","link":"https:\/\/turismevalles.com\/es\/el-valles-oriental-se-promociona-en-fitur-2025-la-principal-feria-internacional-de-turismo\/","title":{"rendered":"El Vall\u00e8s Oriental se promociona en FITUR 2025, la principal feria internacional de turismo"},"content":{"rendered":"\n<div class=\"wp-block-uagb-advanced-heading uagb-block-2e673392\"><h1 class=\"uagb-heading-text\">El Vall\u00e8s Oriental se promociona en FITUR 2025, la principal feria internacional de turismo<\/h1><\/div>\n\n<div class=\"wp-block-uagb-advanced-heading uagb-block-0cc7cb08\"><h2 class=\"uagb-heading-text\"><strong>El Servicio de Turismo del Consell Comarcal del Vall\u00e8s Oriental participa, del 22 al 26 de enero, en la <a href=\"https:\/\/www.ifema.es\/fitur\">Feria Internacional de Turismo (FITUR) de Madrid<\/a>, uno de los eventos m\u00e1s destacados del sector tur\u00edstico mundial. Esta presencia tiene por objetivo dar a conocer los atractivos tur\u00edsticos de la comarca y establecer sinergias con profesionales del sector. <\/strong><\/h2><\/div>\n<div class=\"wp-block-image\">\n<figure class=\"alignright size-large is-resized\"><img loading=\"lazy\" decoding=\"async\" width=\"768\" height=\"1024\" src=\"https:\/\/turismevalles.com\/wp-content\/uploads\/2025\/01\/WhatsApp-Image-2025-01-21-at-17.06.01-1-768x1024.jpeg\" alt=\"\" class=\"wp-image-60407\" style=\"width:438px;height:auto\" srcset=\"https:\/\/turismevalles.com\/wp-content\/uploads\/2025\/01\/WhatsApp-Image-2025-01-21-at-17.06.01-1-768x1024.jpeg 768w, https:\/\/turismevalles.com\/wp-content\/uploads\/2025\/01\/WhatsApp-Image-2025-01-21-at-17.06.01-1-225x300.jpeg 225w, https:\/\/turismevalles.com\/wp-content\/uploads\/2025\/01\/WhatsApp-Image-2025-01-21-at-17.06.01-1-300x400.jpeg 300w, https:\/\/turismevalles.com\/wp-content\/uploads\/2025\/01\/WhatsApp-Image-2025-01-21-at-17.06.01-1-1152x1536.jpeg 1152w, https:\/\/turismevalles.com\/wp-content\/uploads\/2025\/01\/WhatsApp-Image-2025-01-21-at-17.06.01-1.jpeg 1200w\" sizes=\"auto, (max-width: 768px) 100vw, 768px\" \/><\/figure><\/div>\n<p>El Vall\u00e8s Oriental estar\u00e1 representado bajo la marca Costa Barcelona. Este espacio promueve un turismo descentralizado y sostenible, destacando valores como autenticidad, tradici\u00f3n y singularidad. <\/p>\n\n<p>Adem\u00e1s, el presidente del Consell Comarcal, Emilio Cordero, junto con el consejero de Turismo, \u00c0lex Valiente, estar\u00e1n presentes para representar al Vall\u00e8s Oriental en este punto de encuentro global. Durante su estancia, asistir\u00e1n a diversas reuniones y presentaciones para fomentar proyectos estrat\u00e9gicos vinculados al territorio.  <\/p>\n\n<p>Entre estos, destaca el Plan Estrat\u00e9gico de Cicloturismo del Vall\u00e9s Oriental y la <a href=\"https:\/\/turismevalles.com\/es\/ruta-gravel-del-valles-oriental\/\">Ruta Gravel del Vall\u00e9s Oriental<\/a>, una apuesta por el turismo sostenible y deportivo, y la gu\u00eda \u00ab<a href=\"https:\/\/turismevalles.com\/es\/el-valles-oriental-a-tu-ritmo\/\">El Vall\u00e8s Oriental en tu Ritmo<\/a>\u00ab, que ofrece 12 rutas por la comarca que se pueden hacer de forma pausada, fomentando la filosof\u00eda del \u00abslowtourism\u00bb<br\/><br\/><br\/><br\/><br\/><\/p>\n\n<p>FITUR es una plataforma clave para impulsar el turismo del Vall\u00e8s Oriental y posicionar la comarca como destino ideal para disfrutar de experiencias diversas a lo largo de todo el a\u00f1o. La feria es tambi\u00e9n una oportunidad \u00fanica para difundir los valores de sostenibilidad y calidad que definen al turismo de la comarca, gracias a programas como los <a href=\"https:\/\/turismevalles.com\/es\/punts-dinformacio-turistica\/\">Puntos de Informaci\u00f3n Tur\u00edstica<\/a> o el <a href=\"https:\/\/turismevalles.com\/es\/valles_oriental\/compromiso-para-la-sostenibilidad-biosphere\/\">Programa Compromiso por la Sostenibilidad Tur\u00edstica Comarcas de Barcelona Biosphere<\/a>. <\/p>\n\n<p>Con su participaci\u00f3n en FITUR 2025, el Consell Comarcal reafirma el compromiso de promover una oferta tur\u00edstica que combine patrimonio natural, cultura, gastronom\u00eda y deporte, con el objetivo de atraer visitantes y potenciar el desarrollo econ\u00f3mico del territorio.<\/p>\n\n<p><\/p>\n","protected":false},"excerpt":{"rendered":"<p>El Vall\u00e8s Oriental se promociona en FITUR 2025, la principal feria internacional de turismo El Servicio de Turismo del Consell Comarcal del Vall\u00e8s Oriental participa, &#8230; <a title=\"El Vall\u00e8s Oriental se promociona en FITUR 2025, la principal feria internacional de turismo\" class=\"read-more\" href=\"https:\/\/turismevalles.com\/es\/el-valles-oriental-se-promociona-en-fitur-2025-la-principal-feria-internacional-de-turismo\/\" aria-label=\"M\u00e1s en El Vall\u00e8s Oriental se promociona en FITUR 2025, la principal feria internacional de turismo\">Veure m\u00e9s<\/a><\/p>\n","protected":false},"author":5,"featured_media":60406,"comment_status":"open","ping_status":"closed","sticky":false,"template":"","format":"standard","meta":{"_acf_changed":false,"inline_featured_image":false,"_uag_custom_page_level_css":"","footnotes":""},"categories":[114],"tags":[956],"class_list":["post-60412","post","type-post","status-publish","format-standard","has-post-thumbnail","hentry","category-sin-categorizar","tag-fira-es","generate-columns","tablet-grid-50","mobile-grid-100","grid-parent","grid-33"],"acf":[],"yoast_head":"<!-- This site is optimized with the Yoast SEO plugin v26.4 - https:\/\/yoast.com\/wordpress\/plugins\/seo\/ -->\n<title>El Vall\u00e8s Oriental se promociona en FITUR 2025, la principal feria internacional de turismo - Turisme Vall\u00e8s<\/title>\n<meta name=\"description\" content=\"El Vall\u00e8s Oriental se promociona en FITUR 2025, la principal feria internacional de turismo\" \/>\n<meta name=\"robots\" content=\"index, follow, max-snippet:-1, max-image-preview:large, max-video-preview:-1\" \/>\n<link rel=\"canonical\" href=\"https:\/\/turismevalles.com\/es\/el-valles-oriental-se-promociona-en-fitur-2025-la-principal-feria-internacional-de-turismo\/\" \/>\n<meta property=\"og:locale\" content=\"es_ES\" \/>\n<meta property=\"og:type\" content=\"article\" \/>\n<meta property=\"og:title\" content=\"El Vall\u00e8s Oriental se promociona en FITUR 2025, la principal feria internacional de turismo - Turisme Vall\u00e8s\" \/>\n<meta property=\"og:description\" content=\"El Vall\u00e8s Oriental se promociona en FITUR 2025, la principal feria internacional de turismo\" \/>\n<meta property=\"og:url\" content=\"https:\/\/turismevalles.com\/es\/el-valles-oriental-se-promociona-en-fitur-2025-la-principal-feria-internacional-de-turismo\/\" \/>\n<meta property=\"og:site_name\" content=\"Turisme Vall\u00e8s\" \/>\n<meta property=\"article:published_time\" content=\"2025-01-22T10:52:15+00:00\" \/>\n<meta property=\"og:image\" content=\"https:\/\/turismevalles.com\/wp-content\/uploads\/2025\/01\/WhatsApp-Image-2025-01-21-at-17.06.01-e1737536385752.jpeg\" \/>\n\t<meta property=\"og:image:width\" content=\"1200\" \/>\n\t<meta property=\"og:image:height\" content=\"1600\" \/>\n\t<meta property=\"og:image:type\" content=\"image\/jpeg\" \/>\n<meta name=\"author\" content=\"Turisme Valles\" \/>\n<meta name=\"twitter:card\" content=\"summary_large_image\" \/>\n<meta name=\"twitter:label1\" content=\"Escrito por\" \/>\n\t<meta name=\"twitter:data1\" content=\"Turisme Valles\" \/>\n\t<meta name=\"twitter:label2\" content=\"Tiempo de lectura\" \/>\n\t<meta name=\"twitter:data2\" content=\"2 minutos\" \/>\n<script type=\"application\/ld+json\" class=\"yoast-schema-graph\">{\"@context\":\"https:\/\/schema.org\",\"@graph\":[{\"@type\":\"Article\",\"@id\":\"https:\/\/turismevalles.com\/es\/el-valles-oriental-se-promociona-en-fitur-2025-la-principal-feria-internacional-de-turismo\/#article\",\"isPartOf\":{\"@id\":\"https:\/\/turismevalles.com\/es\/el-valles-oriental-se-promociona-en-fitur-2025-la-principal-feria-internacional-de-turismo\/\"},\"author\":{\"name\":\"Turisme Valles\",\"@id\":\"https:\/\/turismevalles.com\/en\/#\/schema\/person\/da3ada7244bbe32fad8e7e8236465a16\"},\"headline\":\"El Vall\u00e8s Oriental se promociona en FITUR 2025, la principal feria internacional de turismo\",\"datePublished\":\"2025-01-22T10:52:15+00:00\",\"mainEntityOfPage\":{\"@id\":\"https:\/\/turismevalles.com\/es\/el-valles-oriental-se-promociona-en-fitur-2025-la-principal-feria-internacional-de-turismo\/\"},\"wordCount\":344,\"commentCount\":0,\"publisher\":{\"@id\":\"https:\/\/turismevalles.com\/en\/#organization\"},\"image\":{\"@id\":\"https:\/\/turismevalles.com\/es\/el-valles-oriental-se-promociona-en-fitur-2025-la-principal-feria-internacional-de-turismo\/#primaryimage\"},\"thumbnailUrl\":\"https:\/\/turismevalles.com\/wp-content\/uploads\/2025\/01\/WhatsApp-Image-2025-01-21-at-17.06.01-e1737536385752.jpeg\",\"keywords\":[\"Fira\"],\"articleSection\":[\"Sin categorizar\"],\"inLanguage\":\"es\",\"potentialAction\":[{\"@type\":\"CommentAction\",\"name\":\"Comment\",\"target\":[\"https:\/\/turismevalles.com\/es\/el-valles-oriental-se-promociona-en-fitur-2025-la-principal-feria-internacional-de-turismo\/#respond\"]}]},{\"@type\":\"WebPage\",\"@id\":\"https:\/\/turismevalles.com\/es\/el-valles-oriental-se-promociona-en-fitur-2025-la-principal-feria-internacional-de-turismo\/\",\"url\":\"https:\/\/turismevalles.com\/es\/el-valles-oriental-se-promociona-en-fitur-2025-la-principal-feria-internacional-de-turismo\/\",\"name\":\"El Vall\u00e8s Oriental se promociona en FITUR 2025, la principal feria internacional de turismo - Turisme Vall\u00e8s\",\"isPartOf\":{\"@id\":\"https:\/\/turismevalles.com\/en\/#website\"},\"primaryImageOfPage\":{\"@id\":\"https:\/\/turismevalles.com\/es\/el-valles-oriental-se-promociona-en-fitur-2025-la-principal-feria-internacional-de-turismo\/#primaryimage\"},\"image\":{\"@id\":\"https:\/\/turismevalles.com\/es\/el-valles-oriental-se-promociona-en-fitur-2025-la-principal-feria-internacional-de-turismo\/#primaryimage\"},\"thumbnailUrl\":\"https:\/\/turismevalles.com\/wp-content\/uploads\/2025\/01\/WhatsApp-Image-2025-01-21-at-17.06.01-e1737536385752.jpeg\",\"datePublished\":\"2025-01-22T10:52:15+00:00\",\"description\":\"El Vall\u00e8s Oriental se promociona en FITUR 2025, la principal feria internacional de turismo\",\"breadcrumb\":{\"@id\":\"https:\/\/turismevalles.com\/es\/el-valles-oriental-se-promociona-en-fitur-2025-la-principal-feria-internacional-de-turismo\/#breadcrumb\"},\"inLanguage\":\"es\",\"potentialAction\":[{\"@type\":\"ReadAction\",\"target\":[\"https:\/\/turismevalles.com\/es\/el-valles-oriental-se-promociona-en-fitur-2025-la-principal-feria-internacional-de-turismo\/\"]}]},{\"@type\":\"ImageObject\",\"inLanguage\":\"es\",\"@id\":\"https:\/\/turismevalles.com\/es\/el-valles-oriental-se-promociona-en-fitur-2025-la-principal-feria-internacional-de-turismo\/#primaryimage\",\"url\":\"https:\/\/turismevalles.com\/wp-content\/uploads\/2025\/01\/WhatsApp-Image-2025-01-21-at-17.06.01-e1737536385752.jpeg\",\"contentUrl\":\"https:\/\/turismevalles.com\/wp-content\/uploads\/2025\/01\/WhatsApp-Image-2025-01-21-at-17.06.01-e1737536385752.jpeg\",\"width\":1200,\"height\":1600,\"caption\":\"Fitur\"},{\"@type\":\"BreadcrumbList\",\"@id\":\"https:\/\/turismevalles.com\/es\/el-valles-oriental-se-promociona-en-fitur-2025-la-principal-feria-internacional-de-turismo\/#breadcrumb\",\"itemListElement\":[{\"@type\":\"ListItem\",\"position\":1,\"name\":\"Inicio\",\"item\":\"https:\/\/turismevalles.com\/es\/\"},{\"@type\":\"ListItem\",\"position\":2,\"name\":\"El Vall\u00e8s Oriental se promociona en FITUR 2025, la principal feria internacional de turismo\"}]},{\"@type\":\"WebSite\",\"@id\":\"https:\/\/turismevalles.com\/en\/#website\",\"url\":\"https:\/\/turismevalles.com\/en\/\",\"name\":\"Turisme Vall\u00e8s\",\"description\":\"\",\"publisher\":{\"@id\":\"https:\/\/turismevalles.com\/en\/#organization\"},\"potentialAction\":[{\"@type\":\"SearchAction\",\"target\":{\"@type\":\"EntryPoint\",\"urlTemplate\":\"https:\/\/turismevalles.com\/en\/?s={search_term_string}\"},\"query-input\":{\"@type\":\"PropertyValueSpecification\",\"valueRequired\":true,\"valueName\":\"search_term_string\"}}],\"inLanguage\":\"es\"},{\"@type\":\"Organization\",\"@id\":\"https:\/\/turismevalles.com\/en\/#organization\",\"name\":\"Turisme Vall\u00e8s\",\"url\":\"https:\/\/turismevalles.com\/en\/\",\"logo\":{\"@type\":\"ImageObject\",\"inLanguage\":\"es\",\"@id\":\"https:\/\/turismevalles.com\/en\/#\/schema\/logo\/image\/\",\"url\":\"https:\/\/turismevalles.com\/wp-content\/uploads\/2020\/08\/cropped-logo_ca-2.png\",\"contentUrl\":\"https:\/\/turismevalles.com\/wp-content\/uploads\/2020\/08\/cropped-logo_ca-2.png\",\"width\":314,\"height\":85,\"caption\":\"Turisme Vall\u00e8s\"},\"image\":{\"@id\":\"https:\/\/turismevalles.com\/en\/#\/schema\/logo\/image\/\"}},{\"@type\":\"Person\",\"@id\":\"https:\/\/turismevalles.com\/en\/#\/schema\/person\/da3ada7244bbe32fad8e7e8236465a16\",\"name\":\"Turisme Valles\",\"image\":{\"@type\":\"ImageObject\",\"inLanguage\":\"es\",\"@id\":\"https:\/\/turismevalles.com\/en\/#\/schema\/person\/image\/\",\"url\":\"https:\/\/secure.gravatar.com\/avatar\/7e16883f64cc26bc17bd484e55e43f21867385a5cb8ebdc8b94540485c823a4b?s=96&d=mm&r=g\",\"contentUrl\":\"https:\/\/secure.gravatar.com\/avatar\/7e16883f64cc26bc17bd484e55e43f21867385a5cb8ebdc8b94540485c823a4b?s=96&d=mm&r=g\",\"caption\":\"Turisme Valles\"},\"url\":\"https:\/\/turismevalles.com\/es\/author\/turismevallesoriental\/\"}]}<\/script>\n<!-- \/ Yoast SEO plugin. -->","yoast_head_json":{"title":"El Vall\u00e8s Oriental se promociona en FITUR 2025, la principal feria internacional de turismo - Turisme Vall\u00e8s","description":"El Vall\u00e8s Oriental se promociona en FITUR 2025, la principal feria internacional de turismo","robots":{"index":"index","follow":"follow","max-snippet":"max-snippet:-1","max-image-preview":"max-image-preview:large","max-video-preview":"max-video-preview:-1"},"canonical":"https:\/\/turismevalles.com\/es\/el-valles-oriental-se-promociona-en-fitur-2025-la-principal-feria-internacional-de-turismo\/","og_locale":"es_ES","og_type":"article","og_title":"El Vall\u00e8s Oriental se promociona en FITUR 2025, la principal feria internacional de turismo - Turisme Vall\u00e8s","og_description":"El Vall\u00e8s Oriental se promociona en FITUR 2025, la principal feria internacional de turismo","og_url":"https:\/\/turismevalles.com\/es\/el-valles-oriental-se-promociona-en-fitur-2025-la-principal-feria-internacional-de-turismo\/","og_site_name":"Turisme Vall\u00e8s","article_published_time":"2025-01-22T10:52:15+00:00","og_image":[{"width":1200,"height":1600,"url":"https:\/\/turismevalles.com\/wp-content\/uploads\/2025\/01\/WhatsApp-Image-2025-01-21-at-17.06.01-e1737536385752.jpeg","type":"image\/jpeg"}],"author":"Turisme Valles","twitter_card":"summary_large_image","twitter_misc":{"Escrito por":"Turisme Valles","Tiempo de lectura":"2 minutos"},"schema":{"@context":"https:\/\/schema.org","@graph":[{"@type":"Article","@id":"https:\/\/turismevalles.com\/es\/el-valles-oriental-se-promociona-en-fitur-2025-la-principal-feria-internacional-de-turismo\/#article","isPartOf":{"@id":"https:\/\/turismevalles.com\/es\/el-valles-oriental-se-promociona-en-fitur-2025-la-principal-feria-internacional-de-turismo\/"},"author":{"name":"Turisme Valles","@id":"https:\/\/turismevalles.com\/en\/#\/schema\/person\/da3ada7244bbe32fad8e7e8236465a16"},"headline":"El Vall\u00e8s Oriental se promociona en FITUR 2025, la principal feria internacional de turismo","datePublished":"2025-01-22T10:52:15+00:00","mainEntityOfPage":{"@id":"https:\/\/turismevalles.com\/es\/el-valles-oriental-se-promociona-en-fitur-2025-la-principal-feria-internacional-de-turismo\/"},"wordCount":344,"commentCount":0,"publisher":{"@id":"https:\/\/turismevalles.com\/en\/#organization"},"image":{"@id":"https:\/\/turismevalles.com\/es\/el-valles-oriental-se-promociona-en-fitur-2025-la-principal-feria-internacional-de-turismo\/#primaryimage"},"thumbnailUrl":"https:\/\/turismevalles.com\/wp-content\/uploads\/2025\/01\/WhatsApp-Image-2025-01-21-at-17.06.01-e1737536385752.jpeg","keywords":["Fira"],"articleSection":["Sin categorizar"],"inLanguage":"es","potentialAction":[{"@type":"CommentAction","name":"Comment","target":["https:\/\/turismevalles.com\/es\/el-valles-oriental-se-promociona-en-fitur-2025-la-principal-feria-internacional-de-turismo\/#respond"]}]},{"@type":"WebPage","@id":"https:\/\/turismevalles.com\/es\/el-valles-oriental-se-promociona-en-fitur-2025-la-principal-feria-internacional-de-turismo\/","url":"https:\/\/turismevalles.com\/es\/el-valles-oriental-se-promociona-en-fitur-2025-la-principal-feria-internacional-de-turismo\/","name":"El Vall\u00e8s Oriental se promociona en FITUR 2025, la principal feria internacional de turismo - Turisme Vall\u00e8s","isPartOf":{"@id":"https:\/\/turismevalles.com\/en\/#website"},"primaryImageOfPage":{"@id":"https:\/\/turismevalles.com\/es\/el-valles-oriental-se-promociona-en-fitur-2025-la-principal-feria-internacional-de-turismo\/#primaryimage"},"image":{"@id":"https:\/\/turismevalles.com\/es\/el-valles-oriental-se-promociona-en-fitur-2025-la-principal-feria-internacional-de-turismo\/#primaryimage"},"thumbnailUrl":"https:\/\/turismevalles.com\/wp-content\/uploads\/2025\/01\/WhatsApp-Image-2025-01-21-at-17.06.01-e1737536385752.jpeg","datePublished":"2025-01-22T10:52:15+00:00","description":"El Vall\u00e8s Oriental se promociona en FITUR 2025, la principal feria internacional de turismo","breadcrumb":{"@id":"https:\/\/turismevalles.com\/es\/el-valles-oriental-se-promociona-en-fitur-2025-la-principal-feria-internacional-de-turismo\/#breadcrumb"},"inLanguage":"es","potentialAction":[{"@type":"ReadAction","target":["https:\/\/turismevalles.com\/es\/el-valles-oriental-se-promociona-en-fitur-2025-la-principal-feria-internacional-de-turismo\/"]}]},{"@type":"ImageObject","inLanguage":"es","@id":"https:\/\/turismevalles.com\/es\/el-valles-oriental-se-promociona-en-fitur-2025-la-principal-feria-internacional-de-turismo\/#primaryimage","url":"https:\/\/turismevalles.com\/wp-content\/uploads\/2025\/01\/WhatsApp-Image-2025-01-21-at-17.06.01-e1737536385752.jpeg","contentUrl":"https:\/\/turismevalles.com\/wp-content\/uploads\/2025\/01\/WhatsApp-Image-2025-01-21-at-17.06.01-e1737536385752.jpeg","width":1200,"height":1600,"caption":"Fitur"},{"@type":"BreadcrumbList","@id":"https:\/\/turismevalles.com\/es\/el-valles-oriental-se-promociona-en-fitur-2025-la-principal-feria-internacional-de-turismo\/#breadcrumb","itemListElement":[{"@type":"ListItem","position":1,"name":"Inicio","item":"https:\/\/turismevalles.com\/es\/"},{"@type":"ListItem","position":2,"name":"El Vall\u00e8s Oriental se promociona en FITUR 2025, la principal feria internacional de turismo"}]},{"@type":"WebSite","@id":"https:\/\/turismevalles.com\/en\/#website","url":"https:\/\/turismevalles.com\/en\/","name":"Turisme Vall\u00e8s","description":"","publisher":{"@id":"https:\/\/turismevalles.com\/en\/#organization"},"potentialAction":[{"@type":"SearchAction","target":{"@type":"EntryPoint","urlTemplate":"https:\/\/turismevalles.com\/en\/?s={search_term_string}"},"query-input":{"@type":"PropertyValueSpecification","valueRequired":true,"valueName":"search_term_string"}}],"inLanguage":"es"},{"@type":"Organization","@id":"https:\/\/turismevalles.com\/en\/#organization","name":"Turisme Vall\u00e8s","url":"https:\/\/turismevalles.com\/en\/","logo":{"@type":"ImageObject","inLanguage":"es","@id":"https:\/\/turismevalles.com\/en\/#\/schema\/logo\/image\/","url":"https:\/\/turismevalles.com\/wp-content\/uploads\/2020\/08\/cropped-logo_ca-2.png","contentUrl":"https:\/\/turismevalles.com\/wp-content\/uploads\/2020\/08\/cropped-logo_ca-2.png","width":314,"height":85,"caption":"Turisme Vall\u00e8s"},"image":{"@id":"https:\/\/turismevalles.com\/en\/#\/schema\/logo\/image\/"}},{"@type":"Person","@id":"https:\/\/turismevalles.com\/en\/#\/schema\/person\/da3ada7244bbe32fad8e7e8236465a16","name":"Turisme Valles","image":{"@type":"ImageObject","inLanguage":"es","@id":"https:\/\/turismevalles.com\/en\/#\/schema\/person\/image\/","url":"https:\/\/secure.gravatar.com\/avatar\/7e16883f64cc26bc17bd484e55e43f21867385a5cb8ebdc8b94540485c823a4b?s=96&d=mm&r=g","contentUrl":"https:\/\/secure.gravatar.com\/avatar\/7e16883f64cc26bc17bd484e55e43f21867385a5cb8ebdc8b94540485c823a4b?s=96&d=mm&r=g","caption":"Turisme Valles"},"url":"https:\/\/turismevalles.com\/es\/author\/turismevallesoriental\/"}]}},"uagb_featured_image_src":{"full":["https:\/\/turismevalles.com\/wp-content\/uploads\/2025\/01\/WhatsApp-Image-2025-01-21-at-17.06.01-e1737536385752.jpeg",1200,1600,false],"thumbnail":["https:\/\/turismevalles.com\/wp-content\/uploads\/2025\/01\/WhatsApp-Image-2025-01-21-at-17.06.01-150x150.jpeg",150,150,true],"medium":["https:\/\/turismevalles.com\/wp-content\/uploads\/2025\/01\/WhatsApp-Image-2025-01-21-at-17.06.01-225x300.jpeg",225,300,true],"medium_large":["https:\/\/turismevalles.com\/wp-content\/uploads\/2025\/01\/WhatsApp-Image-2025-01-21-at-17.06.01-768x1024.jpeg",768,1024,true],"large":["https:\/\/turismevalles.com\/wp-content\/uploads\/2025\/01\/WhatsApp-Image-2025-01-21-at-17.06.01-768x1024.jpeg",768,1024,true],"thumblist":["https:\/\/turismevalles.com\/wp-content\/uploads\/2025\/01\/WhatsApp-Image-2025-01-21-at-17.06.01-300x300.jpeg",300,300,true],"meccarouselthumb":["https:\/\/turismevalles.com\/wp-content\/uploads\/2025\/01\/WhatsApp-Image-2025-01-21-at-17.06.01-474x324.jpeg",474,324,true],"gridsquare":["https:\/\/turismevalles.com\/wp-content\/uploads\/2025\/01\/WhatsApp-Image-2025-01-21-at-17.06.01-391x260.jpeg",391,260,true],"tileview":["https:\/\/turismevalles.com\/wp-content\/uploads\/2025\/01\/WhatsApp-Image-2025-01-21-at-17.06.01-300x400.jpeg",300,400,true],"1536x1536":["https:\/\/turismevalles.com\/wp-content\/uploads\/2025\/01\/WhatsApp-Image-2025-01-21-at-17.06.01-1152x1536.jpeg",1152,1536,true],"2048x2048":["https:\/\/turismevalles.com\/wp-content\/uploads\/2025\/01\/WhatsApp-Image-2025-01-21-at-17.06.01-e1737536385752.jpeg",1200,1600,false]},"uagb_author_info":{"display_name":"Turisme Valles","author_link":"https:\/\/turismevalles.com\/es\/author\/turismevallesoriental\/"},"uagb_comment_info":0,"uagb_excerpt":"El Vall\u00e8s Oriental se promociona en FITUR 2025, la principal feria internacional de turismo El Servicio de Turismo del Consell Comarcal del Vall\u00e8s Oriental participa, ... Veure m\u00e9s","_links":{"self":[{"href":"https:\/\/turismevalles.com\/es\/wp-json\/wp\/v2\/posts\/60412","targetHints":{"allow":["GET"]}}],"collection":[{"href":"https:\/\/turismevalles.com\/es\/wp-json\/wp\/v2\/posts"}],"about":[{"href":"https:\/\/turismevalles.com\/es\/wp-json\/wp\/v2\/types\/post"}],"author":[{"embeddable":true,"href":"https:\/\/turismevalles.com\/es\/wp-json\/wp\/v2\/users\/5"}],"replies":[{"embeddable":true,"href":"https:\/\/turismevalles.com\/es\/wp-json\/wp\/v2\/comments?post=60412"}],"version-history":[{"count":0,"href":"https:\/\/turismevalles.com\/es\/wp-json\/wp\/v2\/posts\/60412\/revisions"}],"wp:featuredmedia":[{"embeddable":true,"href":"https:\/\/turismevalles.com\/es\/wp-json\/wp\/v2\/media\/60406"}],"wp:attachment":[{"href":"https:\/\/turismevalles.com\/es\/wp-json\/wp\/v2\/media?parent=60412"}],"wp:term":[{"taxonomy":"category","embeddable":true,"href":"https:\/\/turismevalles.com\/es\/wp-json\/wp\/v2\/categories?post=60412"},{"taxonomy":"post_tag","embeddable":true,"href":"https:\/\/turismevalles.com\/es\/wp-json\/wp\/v2\/tags?post=60412"}],"curies":[{"name":"wp","href":"https:\/\/api.w.org\/{rel}","templated":true}]}}