{"id":61920,"date":"2025-04-14T11:31:43","date_gmt":"2025-04-14T09:31:43","guid":{"rendered":"https:\/\/turismevalles.com\/professionals-del-turisme-de-la-comarca-es-donen-cita-en-el-primer-plenari-tecnic-de-lany\/"},"modified":"2025-04-14T12:04:56","modified_gmt":"2025-04-14T10:04:56","slug":"professionals-del-turisme-de-la-comarca-es-donen-cita-en-el-primer-plenari-tecnic-de-lany","status":"publish","type":"post","link":"https:\/\/turismevalles.com\/es\/professionals-del-turisme-de-la-comarca-es-donen-cita-en-el-primer-plenari-tecnic-de-lany\/","title":{"rendered":"Profesionales del turismo de la comarca se dan cita en el primer plenario t\u00e9cnico del a\u00f1o"},"content":{"rendered":"\n<p>El pasado mi\u00e9rcoles d\u00eda 9 de abril es celebr\u00f3 el primer Plenario T\u00e8cnico y Privado del Servicio de Turismo del 2025 en la Sala Orila de la Rector\u00eda de Sant Pere de Vilamajor.<\/p>\n\n\n\n<p>El consejero de Turismo, el se\u00f1or \u00c0lex Valiente, y el concejal de turismo, juventud y transportes, el se\u00f1or Aleix Monrab\u00e0, dieron la bienvenida a todos los representantes t\u00e9cnicos de los ayuntamientos y los representantes de las asociaciones relacionadas con el turismo en la comarca.<\/p>\n\n\n<div class=\"wp-block-image\">\n<figure class=\"aligncenter size-large\"><img loading=\"lazy\" decoding=\"async\" width=\"1024\" height=\"768\" src=\"https:\/\/turismevalles.com\/wp-content\/uploads\/2025\/04\/20250409_plenari_tecnic_privat_00-1-1024x768.jpeg\" alt=\"\" class=\"wp-image-61908\" srcset=\"https:\/\/turismevalles.com\/wp-content\/uploads\/2025\/04\/20250409_plenari_tecnic_privat_00-1-1024x768.jpeg 1024w, https:\/\/turismevalles.com\/wp-content\/uploads\/2025\/04\/20250409_plenari_tecnic_privat_00-1-300x225.jpeg 300w, https:\/\/turismevalles.com\/wp-content\/uploads\/2025\/04\/20250409_plenari_tecnic_privat_00-1-768x576.jpeg 768w, https:\/\/turismevalles.com\/wp-content\/uploads\/2025\/04\/20250409_plenari_tecnic_privat_00-1-1536x1152.jpeg 1536w, https:\/\/turismevalles.com\/wp-content\/uploads\/2025\/04\/20250409_plenari_tecnic_privat_00-1-2048x1536.jpeg 2048w\" sizes=\"auto, (max-width: 1024px) 100vw, 1024px\" \/><\/figure><\/div>\n\n\n<p>Durante el encuentro se llev\u00f3 a cabo un repaso de las acciones incluidas dentro del Plan de Acci\u00f3n 2025. Se explic\u00f3 las acciones que ya se han realizado y se hizo un seguimiento de las que est\u00e1n en curso o se realizar\u00e1n en los pr\u00f3ximos meses. Sin embargo, se compartieron proyectos e iniciativas que se est\u00e1n trabajando desde los distintos ayuntamientos y asociaciones.<\/p>\n\n\n<div class=\"wp-block-image\">\n<figure class=\"aligncenter size-large\"><img loading=\"lazy\" decoding=\"async\" width=\"1024\" height=\"768\" src=\"https:\/\/turismevalles.com\/wp-content\/uploads\/2025\/04\/20250409_plenari_tecnic_privat_01-1-1024x768.jpg\" alt=\"\" class=\"wp-image-61904\" srcset=\"https:\/\/turismevalles.com\/wp-content\/uploads\/2025\/04\/20250409_plenari_tecnic_privat_01-1-1024x768.jpg 1024w, https:\/\/turismevalles.com\/wp-content\/uploads\/2025\/04\/20250409_plenari_tecnic_privat_01-1-300x225.jpg 300w, https:\/\/turismevalles.com\/wp-content\/uploads\/2025\/04\/20250409_plenari_tecnic_privat_01-1-768x576.jpg 768w, https:\/\/turismevalles.com\/wp-content\/uploads\/2025\/04\/20250409_plenari_tecnic_privat_01-1-1536x1152.jpg 1536w, https:\/\/turismevalles.com\/wp-content\/uploads\/2025\/04\/20250409_plenari_tecnic_privat_01-1-2048x1536.jpg 2048w\" sizes=\"auto, (max-width: 1024px) 100vw, 1024px\" \/><\/figure><\/div>\n\n\n<p>A continuaci\u00f3n se visit\u00f3 Sant Pere de Vilamajor con el objetivo de conocer de primera mano, tanto desde la \u00f3ptica del visitante como desde la \u00f3ptica del profesional del sector tur\u00edstico, los recursos y productos tur\u00edsticos de Sant Pere de Vilamajor. Los participantes en el plenario iniciaron la visita en la Mongia, oficina de turismo y punto de referencia de la promoci\u00f3n tur\u00edstica del municipio, donde se encuentra informaci\u00f3n de los senderos, itinerarios, actividades y visitas guiadas a la Torre Roja y la Catedral del Vall\u00e8s.<\/p>\n\n\n\n<figure class=\"wp-block-gallery has-nested-images columns-default is-cropped wp-block-gallery-2 is-layout-flex wp-block-gallery-is-layout-flex\">\n<figure class=\"wp-block-image size-large\"><img loading=\"lazy\" decoding=\"async\" width=\"768\" height=\"1024\" data-id=\"61897\" src=\"https:\/\/turismevalles.com\/wp-content\/uploads\/2025\/04\/20250409_plenari_tecnic_privat_02-768x1024.jpeg\" alt=\"\" class=\"wp-image-61897\" srcset=\"https:\/\/turismevalles.com\/wp-content\/uploads\/2025\/04\/20250409_plenari_tecnic_privat_02-768x1024.jpeg 768w, https:\/\/turismevalles.com\/wp-content\/uploads\/2025\/04\/20250409_plenari_tecnic_privat_02-225x300.jpeg 225w, https:\/\/turismevalles.com\/wp-content\/uploads\/2025\/04\/20250409_plenari_tecnic_privat_02-300x400.jpeg 300w, https:\/\/turismevalles.com\/wp-content\/uploads\/2025\/04\/20250409_plenari_tecnic_privat_02-1152x1536.jpeg 1152w, https:\/\/turismevalles.com\/wp-content\/uploads\/2025\/04\/20250409_plenari_tecnic_privat_02-1536x2048.jpeg 1536w, https:\/\/turismevalles.com\/wp-content\/uploads\/2025\/04\/20250409_plenari_tecnic_privat_02-scaled.jpeg 1920w\" sizes=\"auto, (max-width: 768px) 100vw, 768px\" \/><\/figure>\n\n\n\n<figure class=\"wp-block-image size-large\"><img loading=\"lazy\" decoding=\"async\" width=\"768\" height=\"1024\" data-id=\"61893\" src=\"https:\/\/turismevalles.com\/wp-content\/uploads\/2025\/04\/20250409_plenari_tecnic_privat_03-768x1024.jpeg\" alt=\"\" class=\"wp-image-61893\" srcset=\"https:\/\/turismevalles.com\/wp-content\/uploads\/2025\/04\/20250409_plenari_tecnic_privat_03-768x1024.jpeg 768w, https:\/\/turismevalles.com\/wp-content\/uploads\/2025\/04\/20250409_plenari_tecnic_privat_03-225x300.jpeg 225w, https:\/\/turismevalles.com\/wp-content\/uploads\/2025\/04\/20250409_plenari_tecnic_privat_03-300x400.jpeg 300w, https:\/\/turismevalles.com\/wp-content\/uploads\/2025\/04\/20250409_plenari_tecnic_privat_03-1152x1536.jpeg 1152w, https:\/\/turismevalles.com\/wp-content\/uploads\/2025\/04\/20250409_plenari_tecnic_privat_03-1536x2048.jpeg 1536w, https:\/\/turismevalles.com\/wp-content\/uploads\/2025\/04\/20250409_plenari_tecnic_privat_03-scaled.jpeg 1920w\" sizes=\"auto, (max-width: 768px) 100vw, 768px\" \/><\/figure>\n<\/figure>\n\n\n\n<p><\/p>\n","protected":false},"excerpt":{"rendered":"<p>El pasado mi\u00e9rcoles d\u00eda 9 de abril es celebr\u00f3 el primer Plenario T\u00e8cnico y Privado del Servicio de Turismo del 2025 en la Sala Orila &#8230; <a title=\"Profesionales del turismo de la comarca se dan cita en el primer plenario t\u00e9cnico del a\u00f1o\" class=\"read-more\" href=\"https:\/\/turismevalles.com\/es\/professionals-del-turisme-de-la-comarca-es-donen-cita-en-el-primer-plenari-tecnic-de-lany\/\" aria-label=\"M\u00e1s en Profesionales del turismo de la comarca se dan cita en el primer plenario t\u00e9cnico del a\u00f1o\">Veure m\u00e9s<\/a><\/p>\n","protected":false},"author":5,"featured_media":61911,"comment_status":"open","ping_status":"closed","sticky":false,"template":"","format":"standard","meta":{"_acf_changed":false,"inline_featured_image":false,"_uag_custom_page_level_css":"","footnotes":""},"categories":[114],"tags":[2742,2032],"class_list":["post-61920","post","type-post","status-publish","format-standard","has-post-thumbnail","hentry","category-sin-categorizar","tag-plenari-tecnic-i-privat-es","tag-sant-pere-de-vilamajor-es","generate-columns","tablet-grid-50","mobile-grid-100","grid-parent","grid-33"],"acf":[],"yoast_head":"<!-- This site is optimized with the Yoast SEO plugin v26.4 - https:\/\/yoast.com\/wordpress\/plugins\/seo\/ -->\n<title>Profesionales del turismo de la comarca se dan cita en el primer plenario t\u00e9cnico del a\u00f1o - Turisme Vall\u00e8s<\/title>\n<meta name=\"description\" content=\"Se celebra el primer Plenario T\u00e9cnico y Privado del Servicio de Turismo del Consell Comarcal del Vall\u00e8s Oriental\" \/>\n<meta name=\"robots\" content=\"index, follow, max-snippet:-1, max-image-preview:large, max-video-preview:-1\" \/>\n<link rel=\"canonical\" href=\"https:\/\/turismevalles.com\/es\/professionals-del-turisme-de-la-comarca-es-donen-cita-en-el-primer-plenari-tecnic-de-lany\/\" \/>\n<meta property=\"og:locale\" content=\"es_ES\" \/>\n<meta property=\"og:type\" content=\"article\" \/>\n<meta property=\"og:title\" content=\"Profesionales del turismo de la comarca se dan cita en el primer plenario t\u00e9cnico del a\u00f1o - Turisme Vall\u00e8s\" \/>\n<meta property=\"og:description\" content=\"Se celebra el primer Plenario T\u00e9cnico y Privado del Servicio de Turismo del Consell Comarcal del Vall\u00e8s Oriental\" \/>\n<meta property=\"og:url\" content=\"https:\/\/turismevalles.com\/es\/professionals-del-turisme-de-la-comarca-es-donen-cita-en-el-primer-plenari-tecnic-de-lany\/\" \/>\n<meta property=\"og:site_name\" content=\"Turisme Vall\u00e8s\" \/>\n<meta property=\"article:published_time\" content=\"2025-04-14T09:31:43+00:00\" \/>\n<meta property=\"article:modified_time\" content=\"2025-04-14T10:04:56+00:00\" \/>\n<meta property=\"og:image\" content=\"https:\/\/turismevalles.com\/wp-content\/uploads\/2025\/04\/20250409_plenari_tecnic_privat_00-1-scaled.jpeg\" \/>\n\t<meta property=\"og:image:width\" content=\"2560\" \/>\n\t<meta property=\"og:image:height\" content=\"1920\" \/>\n\t<meta property=\"og:image:type\" content=\"image\/jpeg\" \/>\n<meta name=\"author\" content=\"Turisme Valles\" \/>\n<meta name=\"twitter:card\" content=\"summary_large_image\" \/>\n<meta name=\"twitter:label1\" content=\"Escrito por\" \/>\n\t<meta name=\"twitter:data1\" content=\"Turisme Valles\" \/>\n\t<meta name=\"twitter:label2\" content=\"Tiempo de lectura\" \/>\n\t<meta name=\"twitter:data2\" content=\"3 minutos\" \/>\n<script type=\"application\/ld+json\" class=\"yoast-schema-graph\">{\"@context\":\"https:\/\/schema.org\",\"@graph\":[{\"@type\":\"Article\",\"@id\":\"https:\/\/turismevalles.com\/es\/professionals-del-turisme-de-la-comarca-es-donen-cita-en-el-primer-plenari-tecnic-de-lany\/#article\",\"isPartOf\":{\"@id\":\"https:\/\/turismevalles.com\/es\/professionals-del-turisme-de-la-comarca-es-donen-cita-en-el-primer-plenari-tecnic-de-lany\/\"},\"author\":{\"name\":\"Turisme Valles\",\"@id\":\"https:\/\/turismevalles.com\/en\/#\/schema\/person\/da3ada7244bbe32fad8e7e8236465a16\"},\"headline\":\"Profesionales del turismo de la comarca se dan cita en el primer plenario t\u00e9cnico del a\u00f1o\",\"datePublished\":\"2025-04-14T09:31:43+00:00\",\"dateModified\":\"2025-04-14T10:04:56+00:00\",\"mainEntityOfPage\":{\"@id\":\"https:\/\/turismevalles.com\/es\/professionals-del-turisme-de-la-comarca-es-donen-cita-en-el-primer-plenari-tecnic-de-lany\/\"},\"wordCount\":260,\"commentCount\":0,\"publisher\":{\"@id\":\"https:\/\/turismevalles.com\/en\/#organization\"},\"image\":{\"@id\":\"https:\/\/turismevalles.com\/es\/professionals-del-turisme-de-la-comarca-es-donen-cita-en-el-primer-plenari-tecnic-de-lany\/#primaryimage\"},\"thumbnailUrl\":\"https:\/\/turismevalles.com\/wp-content\/uploads\/2025\/04\/20250409_plenari_tecnic_privat_00-1-scaled.jpeg\",\"keywords\":[\"Plenari T\u00e8cnic i Privat\",\"Sant Pere de Vilamajor\"],\"articleSection\":[\"Sin categorizar\"],\"inLanguage\":\"es\",\"potentialAction\":[{\"@type\":\"CommentAction\",\"name\":\"Comment\",\"target\":[\"https:\/\/turismevalles.com\/es\/professionals-del-turisme-de-la-comarca-es-donen-cita-en-el-primer-plenari-tecnic-de-lany\/#respond\"]}]},{\"@type\":\"WebPage\",\"@id\":\"https:\/\/turismevalles.com\/es\/professionals-del-turisme-de-la-comarca-es-donen-cita-en-el-primer-plenari-tecnic-de-lany\/\",\"url\":\"https:\/\/turismevalles.com\/es\/professionals-del-turisme-de-la-comarca-es-donen-cita-en-el-primer-plenari-tecnic-de-lany\/\",\"name\":\"Profesionales del turismo de la comarca se dan cita en el primer plenario t\u00e9cnico del a\u00f1o - Turisme Vall\u00e8s\",\"isPartOf\":{\"@id\":\"https:\/\/turismevalles.com\/en\/#website\"},\"primaryImageOfPage\":{\"@id\":\"https:\/\/turismevalles.com\/es\/professionals-del-turisme-de-la-comarca-es-donen-cita-en-el-primer-plenari-tecnic-de-lany\/#primaryimage\"},\"image\":{\"@id\":\"https:\/\/turismevalles.com\/es\/professionals-del-turisme-de-la-comarca-es-donen-cita-en-el-primer-plenari-tecnic-de-lany\/#primaryimage\"},\"thumbnailUrl\":\"https:\/\/turismevalles.com\/wp-content\/uploads\/2025\/04\/20250409_plenari_tecnic_privat_00-1-scaled.jpeg\",\"datePublished\":\"2025-04-14T09:31:43+00:00\",\"dateModified\":\"2025-04-14T10:04:56+00:00\",\"description\":\"Se celebra el primer Plenario T\u00e9cnico y Privado del Servicio de Turismo del Consell Comarcal del Vall\u00e8s Oriental\",\"breadcrumb\":{\"@id\":\"https:\/\/turismevalles.com\/es\/professionals-del-turisme-de-la-comarca-es-donen-cita-en-el-primer-plenari-tecnic-de-lany\/#breadcrumb\"},\"inLanguage\":\"es\",\"potentialAction\":[{\"@type\":\"ReadAction\",\"target\":[\"https:\/\/turismevalles.com\/es\/professionals-del-turisme-de-la-comarca-es-donen-cita-en-el-primer-plenari-tecnic-de-lany\/\"]}]},{\"@type\":\"ImageObject\",\"inLanguage\":\"es\",\"@id\":\"https:\/\/turismevalles.com\/es\/professionals-del-turisme-de-la-comarca-es-donen-cita-en-el-primer-plenari-tecnic-de-lany\/#primaryimage\",\"url\":\"https:\/\/turismevalles.com\/wp-content\/uploads\/2025\/04\/20250409_plenari_tecnic_privat_00-1-scaled.jpeg\",\"contentUrl\":\"https:\/\/turismevalles.com\/wp-content\/uploads\/2025\/04\/20250409_plenari_tecnic_privat_00-1-scaled.jpeg\",\"width\":2560,\"height\":1920},{\"@type\":\"BreadcrumbList\",\"@id\":\"https:\/\/turismevalles.com\/es\/professionals-del-turisme-de-la-comarca-es-donen-cita-en-el-primer-plenari-tecnic-de-lany\/#breadcrumb\",\"itemListElement\":[{\"@type\":\"ListItem\",\"position\":1,\"name\":\"Inicio\",\"item\":\"https:\/\/turismevalles.com\/es\/\"},{\"@type\":\"ListItem\",\"position\":2,\"name\":\"Profesionales del turismo de la comarca se dan cita en el primer plenario t\u00e9cnico del a\u00f1o\"}]},{\"@type\":\"WebSite\",\"@id\":\"https:\/\/turismevalles.com\/en\/#website\",\"url\":\"https:\/\/turismevalles.com\/en\/\",\"name\":\"Turisme Vall\u00e8s\",\"description\":\"\",\"publisher\":{\"@id\":\"https:\/\/turismevalles.com\/en\/#organization\"},\"potentialAction\":[{\"@type\":\"SearchAction\",\"target\":{\"@type\":\"EntryPoint\",\"urlTemplate\":\"https:\/\/turismevalles.com\/en\/?s={search_term_string}\"},\"query-input\":{\"@type\":\"PropertyValueSpecification\",\"valueRequired\":true,\"valueName\":\"search_term_string\"}}],\"inLanguage\":\"es\"},{\"@type\":\"Organization\",\"@id\":\"https:\/\/turismevalles.com\/en\/#organization\",\"name\":\"Turisme Vall\u00e8s\",\"url\":\"https:\/\/turismevalles.com\/en\/\",\"logo\":{\"@type\":\"ImageObject\",\"inLanguage\":\"es\",\"@id\":\"https:\/\/turismevalles.com\/en\/#\/schema\/logo\/image\/\",\"url\":\"https:\/\/turismevalles.com\/wp-content\/uploads\/2020\/08\/cropped-logo_ca-2.png\",\"contentUrl\":\"https:\/\/turismevalles.com\/wp-content\/uploads\/2020\/08\/cropped-logo_ca-2.png\",\"width\":314,\"height\":85,\"caption\":\"Turisme Vall\u00e8s\"},\"image\":{\"@id\":\"https:\/\/turismevalles.com\/en\/#\/schema\/logo\/image\/\"}},{\"@type\":\"Person\",\"@id\":\"https:\/\/turismevalles.com\/en\/#\/schema\/person\/da3ada7244bbe32fad8e7e8236465a16\",\"name\":\"Turisme Valles\",\"image\":{\"@type\":\"ImageObject\",\"inLanguage\":\"es\",\"@id\":\"https:\/\/turismevalles.com\/en\/#\/schema\/person\/image\/\",\"url\":\"https:\/\/secure.gravatar.com\/avatar\/7e16883f64cc26bc17bd484e55e43f21867385a5cb8ebdc8b94540485c823a4b?s=96&d=mm&r=g\",\"contentUrl\":\"https:\/\/secure.gravatar.com\/avatar\/7e16883f64cc26bc17bd484e55e43f21867385a5cb8ebdc8b94540485c823a4b?s=96&d=mm&r=g\",\"caption\":\"Turisme Valles\"},\"url\":\"https:\/\/turismevalles.com\/es\/author\/turismevallesoriental\/\"}]}<\/script>\n<!-- \/ Yoast SEO plugin. -->","yoast_head_json":{"title":"Profesionales del turismo de la comarca se dan cita en el primer plenario t\u00e9cnico del a\u00f1o - Turisme Vall\u00e8s","description":"Se celebra el primer Plenario T\u00e9cnico y Privado del Servicio de Turismo del Consell Comarcal del Vall\u00e8s Oriental","robots":{"index":"index","follow":"follow","max-snippet":"max-snippet:-1","max-image-preview":"max-image-preview:large","max-video-preview":"max-video-preview:-1"},"canonical":"https:\/\/turismevalles.com\/es\/professionals-del-turisme-de-la-comarca-es-donen-cita-en-el-primer-plenari-tecnic-de-lany\/","og_locale":"es_ES","og_type":"article","og_title":"Profesionales del turismo de la comarca se dan cita en el primer plenario t\u00e9cnico del a\u00f1o - Turisme Vall\u00e8s","og_description":"Se celebra el primer Plenario T\u00e9cnico y Privado del Servicio de Turismo del Consell Comarcal del Vall\u00e8s Oriental","og_url":"https:\/\/turismevalles.com\/es\/professionals-del-turisme-de-la-comarca-es-donen-cita-en-el-primer-plenari-tecnic-de-lany\/","og_site_name":"Turisme Vall\u00e8s","article_published_time":"2025-04-14T09:31:43+00:00","article_modified_time":"2025-04-14T10:04:56+00:00","og_image":[{"width":2560,"height":1920,"url":"https:\/\/turismevalles.com\/wp-content\/uploads\/2025\/04\/20250409_plenari_tecnic_privat_00-1-scaled.jpeg","type":"image\/jpeg"}],"author":"Turisme Valles","twitter_card":"summary_large_image","twitter_misc":{"Escrito por":"Turisme Valles","Tiempo de lectura":"3 minutos"},"schema":{"@context":"https:\/\/schema.org","@graph":[{"@type":"Article","@id":"https:\/\/turismevalles.com\/es\/professionals-del-turisme-de-la-comarca-es-donen-cita-en-el-primer-plenari-tecnic-de-lany\/#article","isPartOf":{"@id":"https:\/\/turismevalles.com\/es\/professionals-del-turisme-de-la-comarca-es-donen-cita-en-el-primer-plenari-tecnic-de-lany\/"},"author":{"name":"Turisme Valles","@id":"https:\/\/turismevalles.com\/en\/#\/schema\/person\/da3ada7244bbe32fad8e7e8236465a16"},"headline":"Profesionales del turismo de la comarca se dan cita en el primer plenario t\u00e9cnico del a\u00f1o","datePublished":"2025-04-14T09:31:43+00:00","dateModified":"2025-04-14T10:04:56+00:00","mainEntityOfPage":{"@id":"https:\/\/turismevalles.com\/es\/professionals-del-turisme-de-la-comarca-es-donen-cita-en-el-primer-plenari-tecnic-de-lany\/"},"wordCount":260,"commentCount":0,"publisher":{"@id":"https:\/\/turismevalles.com\/en\/#organization"},"image":{"@id":"https:\/\/turismevalles.com\/es\/professionals-del-turisme-de-la-comarca-es-donen-cita-en-el-primer-plenari-tecnic-de-lany\/#primaryimage"},"thumbnailUrl":"https:\/\/turismevalles.com\/wp-content\/uploads\/2025\/04\/20250409_plenari_tecnic_privat_00-1-scaled.jpeg","keywords":["Plenari T\u00e8cnic i Privat","Sant Pere de Vilamajor"],"articleSection":["Sin categorizar"],"inLanguage":"es","potentialAction":[{"@type":"CommentAction","name":"Comment","target":["https:\/\/turismevalles.com\/es\/professionals-del-turisme-de-la-comarca-es-donen-cita-en-el-primer-plenari-tecnic-de-lany\/#respond"]}]},{"@type":"WebPage","@id":"https:\/\/turismevalles.com\/es\/professionals-del-turisme-de-la-comarca-es-donen-cita-en-el-primer-plenari-tecnic-de-lany\/","url":"https:\/\/turismevalles.com\/es\/professionals-del-turisme-de-la-comarca-es-donen-cita-en-el-primer-plenari-tecnic-de-lany\/","name":"Profesionales del turismo de la comarca se dan cita en el primer plenario t\u00e9cnico del a\u00f1o - Turisme Vall\u00e8s","isPartOf":{"@id":"https:\/\/turismevalles.com\/en\/#website"},"primaryImageOfPage":{"@id":"https:\/\/turismevalles.com\/es\/professionals-del-turisme-de-la-comarca-es-donen-cita-en-el-primer-plenari-tecnic-de-lany\/#primaryimage"},"image":{"@id":"https:\/\/turismevalles.com\/es\/professionals-del-turisme-de-la-comarca-es-donen-cita-en-el-primer-plenari-tecnic-de-lany\/#primaryimage"},"thumbnailUrl":"https:\/\/turismevalles.com\/wp-content\/uploads\/2025\/04\/20250409_plenari_tecnic_privat_00-1-scaled.jpeg","datePublished":"2025-04-14T09:31:43+00:00","dateModified":"2025-04-14T10:04:56+00:00","description":"Se celebra el primer Plenario T\u00e9cnico y Privado del Servicio de Turismo del Consell Comarcal del Vall\u00e8s Oriental","breadcrumb":{"@id":"https:\/\/turismevalles.com\/es\/professionals-del-turisme-de-la-comarca-es-donen-cita-en-el-primer-plenari-tecnic-de-lany\/#breadcrumb"},"inLanguage":"es","potentialAction":[{"@type":"ReadAction","target":["https:\/\/turismevalles.com\/es\/professionals-del-turisme-de-la-comarca-es-donen-cita-en-el-primer-plenari-tecnic-de-lany\/"]}]},{"@type":"ImageObject","inLanguage":"es","@id":"https:\/\/turismevalles.com\/es\/professionals-del-turisme-de-la-comarca-es-donen-cita-en-el-primer-plenari-tecnic-de-lany\/#primaryimage","url":"https:\/\/turismevalles.com\/wp-content\/uploads\/2025\/04\/20250409_plenari_tecnic_privat_00-1-scaled.jpeg","contentUrl":"https:\/\/turismevalles.com\/wp-content\/uploads\/2025\/04\/20250409_plenari_tecnic_privat_00-1-scaled.jpeg","width":2560,"height":1920},{"@type":"BreadcrumbList","@id":"https:\/\/turismevalles.com\/es\/professionals-del-turisme-de-la-comarca-es-donen-cita-en-el-primer-plenari-tecnic-de-lany\/#breadcrumb","itemListElement":[{"@type":"ListItem","position":1,"name":"Inicio","item":"https:\/\/turismevalles.com\/es\/"},{"@type":"ListItem","position":2,"name":"Profesionales del turismo de la comarca se dan cita en el primer plenario t\u00e9cnico del a\u00f1o"}]},{"@type":"WebSite","@id":"https:\/\/turismevalles.com\/en\/#website","url":"https:\/\/turismevalles.com\/en\/","name":"Turisme Vall\u00e8s","description":"","publisher":{"@id":"https:\/\/turismevalles.com\/en\/#organization"},"potentialAction":[{"@type":"SearchAction","target":{"@type":"EntryPoint","urlTemplate":"https:\/\/turismevalles.com\/en\/?s={search_term_string}"},"query-input":{"@type":"PropertyValueSpecification","valueRequired":true,"valueName":"search_term_string"}}],"inLanguage":"es"},{"@type":"Organization","@id":"https:\/\/turismevalles.com\/en\/#organization","name":"Turisme Vall\u00e8s","url":"https:\/\/turismevalles.com\/en\/","logo":{"@type":"ImageObject","inLanguage":"es","@id":"https:\/\/turismevalles.com\/en\/#\/schema\/logo\/image\/","url":"https:\/\/turismevalles.com\/wp-content\/uploads\/2020\/08\/cropped-logo_ca-2.png","contentUrl":"https:\/\/turismevalles.com\/wp-content\/uploads\/2020\/08\/cropped-logo_ca-2.png","width":314,"height":85,"caption":"Turisme Vall\u00e8s"},"image":{"@id":"https:\/\/turismevalles.com\/en\/#\/schema\/logo\/image\/"}},{"@type":"Person","@id":"https:\/\/turismevalles.com\/en\/#\/schema\/person\/da3ada7244bbe32fad8e7e8236465a16","name":"Turisme Valles","image":{"@type":"ImageObject","inLanguage":"es","@id":"https:\/\/turismevalles.com\/en\/#\/schema\/person\/image\/","url":"https:\/\/secure.gravatar.com\/avatar\/7e16883f64cc26bc17bd484e55e43f21867385a5cb8ebdc8b94540485c823a4b?s=96&d=mm&r=g","contentUrl":"https:\/\/secure.gravatar.com\/avatar\/7e16883f64cc26bc17bd484e55e43f21867385a5cb8ebdc8b94540485c823a4b?s=96&d=mm&r=g","caption":"Turisme Valles"},"url":"https:\/\/turismevalles.com\/es\/author\/turismevallesoriental\/"}]}},"uagb_featured_image_src":{"full":["https:\/\/turismevalles.com\/wp-content\/uploads\/2025\/04\/20250409_plenari_tecnic_privat_00-1-scaled.jpeg",2560,1920,false],"thumbnail":["https:\/\/turismevalles.com\/wp-content\/uploads\/2025\/04\/20250409_plenari_tecnic_privat_00-1-150x150.jpeg",150,150,true],"medium":["https:\/\/turismevalles.com\/wp-content\/uploads\/2025\/04\/20250409_plenari_tecnic_privat_00-1-300x225.jpeg",300,225,true],"medium_large":["https:\/\/turismevalles.com\/wp-content\/uploads\/2025\/04\/20250409_plenari_tecnic_privat_00-1-768x576.jpeg",768,576,true],"large":["https:\/\/turismevalles.com\/wp-content\/uploads\/2025\/04\/20250409_plenari_tecnic_privat_00-1-1024x768.jpeg",1024,768,true],"thumblist":["https:\/\/turismevalles.com\/wp-content\/uploads\/2025\/04\/20250409_plenari_tecnic_privat_00-1-300x300.jpeg",300,300,true],"meccarouselthumb":["https:\/\/turismevalles.com\/wp-content\/uploads\/2025\/04\/20250409_plenari_tecnic_privat_00-1-474x324.jpeg",474,324,true],"gridsquare":["https:\/\/turismevalles.com\/wp-content\/uploads\/2025\/04\/20250409_plenari_tecnic_privat_00-1-391x260.jpeg",391,260,true],"tileview":["https:\/\/turismevalles.com\/wp-content\/uploads\/2025\/04\/20250409_plenari_tecnic_privat_00-1-300x400.jpeg",300,400,true],"1536x1536":["https:\/\/turismevalles.com\/wp-content\/uploads\/2025\/04\/20250409_plenari_tecnic_privat_00-1-1536x1152.jpeg",1536,1152,true],"2048x2048":["https:\/\/turismevalles.com\/wp-content\/uploads\/2025\/04\/20250409_plenari_tecnic_privat_00-1-2048x1536.jpeg",2048,1536,true]},"uagb_author_info":{"display_name":"Turisme Valles","author_link":"https:\/\/turismevalles.com\/es\/author\/turismevallesoriental\/"},"uagb_comment_info":0,"uagb_excerpt":"El pasado mi\u00e9rcoles d\u00eda 9 de abril es celebr\u00f3 el primer Plenario T\u00e8cnico y Privado del Servicio de Turismo del 2025 en la Sala Orila ... Veure m\u00e9s","_links":{"self":[{"href":"https:\/\/turismevalles.com\/es\/wp-json\/wp\/v2\/posts\/61920","targetHints":{"allow":["GET"]}}],"collection":[{"href":"https:\/\/turismevalles.com\/es\/wp-json\/wp\/v2\/posts"}],"about":[{"href":"https:\/\/turismevalles.com\/es\/wp-json\/wp\/v2\/types\/post"}],"author":[{"embeddable":true,"href":"https:\/\/turismevalles.com\/es\/wp-json\/wp\/v2\/users\/5"}],"replies":[{"embeddable":true,"href":"https:\/\/turismevalles.com\/es\/wp-json\/wp\/v2\/comments?post=61920"}],"version-history":[{"count":0,"href":"https:\/\/turismevalles.com\/es\/wp-json\/wp\/v2\/posts\/61920\/revisions"}],"wp:featuredmedia":[{"embeddable":true,"href":"https:\/\/turismevalles.com\/es\/wp-json\/wp\/v2\/media\/61911"}],"wp:attachment":[{"href":"https:\/\/turismevalles.com\/es\/wp-json\/wp\/v2\/media?parent=61920"}],"wp:term":[{"taxonomy":"category","embeddable":true,"href":"https:\/\/turismevalles.com\/es\/wp-json\/wp\/v2\/categories?post=61920"},{"taxonomy":"post_tag","embeddable":true,"href":"https:\/\/turismevalles.com\/es\/wp-json\/wp\/v2\/tags?post=61920"}],"curies":[{"name":"wp","href":"https:\/\/api.w.org\/{rel}","templated":true}]}}