{"id":62003,"date":"2025-04-14T13:15:35","date_gmt":"2025-04-14T11:15:35","guid":{"rendered":"https:\/\/turismevalles.com\/que-fer-aquesta-setmana-santa\/"},"modified":"2025-04-14T13:34:37","modified_gmt":"2025-04-14T11:34:37","slug":"que-fer-aquesta-setmana-santa","status":"publish","type":"post","link":"https:\/\/turismevalles.com\/es\/que-fer-aquesta-setmana-santa\/","title":{"rendered":"\u00bfQu\u00e9 hacer esta Semana Santa?"},"content":{"rendered":"\n<p>Este per\u00edodo del a\u00f1o es una \u00e9poca ideal para disfrutar de una estancia en el <strong>Vall\u00e8s Oriental<\/strong>. Aprovecha estos d\u00edas de vacaciones escolares para descubrir y compartir actividades y experiencias inolvidables con toda la familia.<\/p>\n\n\n\n<figure class=\"wp-block-gallery has-nested-images columns-default is-cropped wp-block-gallery-2 is-layout-flex wp-block-gallery-is-layout-flex\">\n<figure class=\"wp-block-image size-large\"><img loading=\"lazy\" decoding=\"async\" width=\"1024\" height=\"683\" data-id=\"61973\" src=\"https:\/\/turismevalles.com\/wp-content\/uploads\/2025\/04\/XSM-0075-1-1024x683.jpg\" alt=\"\" class=\"wp-image-61973\" srcset=\"https:\/\/turismevalles.com\/wp-content\/uploads\/2025\/04\/XSM-0075-1-1024x683.jpg 1024w, https:\/\/turismevalles.com\/wp-content\/uploads\/2025\/04\/XSM-0075-1-300x200.jpg 300w, https:\/\/turismevalles.com\/wp-content\/uploads\/2025\/04\/XSM-0075-1-768x512.jpg 768w, https:\/\/turismevalles.com\/wp-content\/uploads\/2025\/04\/XSM-0075-1-391x260.jpg 391w, https:\/\/turismevalles.com\/wp-content\/uploads\/2025\/04\/XSM-0075-1-1536x1025.jpg 1536w, https:\/\/turismevalles.com\/wp-content\/uploads\/2025\/04\/XSM-0075-1-2048x1366.jpg 2048w\" sizes=\"auto, (max-width: 1024px) 100vw, 1024px\" \/><\/figure>\n\n\n\n<figure class=\"wp-block-image size-large\"><img loading=\"lazy\" decoding=\"async\" width=\"1024\" height=\"683\" data-id=\"61977\" src=\"https:\/\/turismevalles.com\/wp-content\/uploads\/2025\/04\/RITUAL-XOCOLATA-I-ACCES-ESPAI-CEL-1024x683.jpg\" alt=\"\" class=\"wp-image-61977\" srcset=\"https:\/\/turismevalles.com\/wp-content\/uploads\/2025\/04\/RITUAL-XOCOLATA-I-ACCES-ESPAI-CEL-1024x683.jpg 1024w, https:\/\/turismevalles.com\/wp-content\/uploads\/2025\/04\/RITUAL-XOCOLATA-I-ACCES-ESPAI-CEL-300x200.jpg 300w, https:\/\/turismevalles.com\/wp-content\/uploads\/2025\/04\/RITUAL-XOCOLATA-I-ACCES-ESPAI-CEL-768x513.jpg 768w, https:\/\/turismevalles.com\/wp-content\/uploads\/2025\/04\/RITUAL-XOCOLATA-I-ACCES-ESPAI-CEL-391x260.jpg 391w, https:\/\/turismevalles.com\/wp-content\/uploads\/2025\/04\/RITUAL-XOCOLATA-I-ACCES-ESPAI-CEL-1536x1025.jpg 1536w, https:\/\/turismevalles.com\/wp-content\/uploads\/2025\/04\/RITUAL-XOCOLATA-I-ACCES-ESPAI-CEL-2048x1367.jpg 2048w\" sizes=\"auto, (max-width: 1024px) 100vw, 1024px\" \/><\/figure>\n<\/figure>\n\n\n\n<p>La llegada del buen tiempo invita a realizar actividades al aire libre como paseos y excursiones por uno de los <strong>seis espacios naturales protegidos<\/strong> que hay en la comarca. Aprovecha para aprender a trav\u00e9s de las <strong>tradiciones y cultura popular<\/strong>. Los <strong>museos<\/strong> de la comarca ofrecen diferentes propuestas muy interesantes. Tambi\u00e9n es un buen momento para desconectar para reconectar con lo que realmente es importante. Las <strong>aguas mineromedicinales<\/strong> que brotan en la comarca os ayudar\u00e1n a encontrar vuestro bienestar.<\/p>\n\n\n\n<figure class=\"wp-block-gallery has-nested-images columns-default is-cropped wp-block-gallery-3 is-layout-flex wp-block-gallery-is-layout-flex\">\n<figure class=\"wp-block-image size-large\"><img loading=\"lazy\" decoding=\"async\" width=\"768\" height=\"1024\" data-id=\"61981\" src=\"https:\/\/turismevalles.com\/wp-content\/uploads\/2025\/04\/YDRAY-IMG_7750-768x1024.jpeg\" alt=\"\" class=\"wp-image-61981\" srcset=\"https:\/\/turismevalles.com\/wp-content\/uploads\/2025\/04\/YDRAY-IMG_7750-768x1024.jpeg 768w, https:\/\/turismevalles.com\/wp-content\/uploads\/2025\/04\/YDRAY-IMG_7750-225x300.jpeg 225w, https:\/\/turismevalles.com\/wp-content\/uploads\/2025\/04\/YDRAY-IMG_7750-300x400.jpeg 300w, https:\/\/turismevalles.com\/wp-content\/uploads\/2025\/04\/YDRAY-IMG_7750-1152x1536.jpeg 1152w, https:\/\/turismevalles.com\/wp-content\/uploads\/2025\/04\/YDRAY-IMG_7750-1536x2048.jpeg 1536w, https:\/\/turismevalles.com\/wp-content\/uploads\/2025\/04\/YDRAY-IMG_7750-scaled.jpeg 1920w\" sizes=\"auto, (max-width: 768px) 100vw, 768px\" \/><\/figure>\n\n\n\n<figure class=\"wp-block-image size-large\"><img loading=\"lazy\" decoding=\"async\" width=\"768\" height=\"1024\" data-id=\"61985\" src=\"https:\/\/turismevalles.com\/wp-content\/uploads\/2025\/04\/IMG20241015124304-768x1024.jpg\" alt=\"\" class=\"wp-image-61985\" srcset=\"https:\/\/turismevalles.com\/wp-content\/uploads\/2025\/04\/IMG20241015124304-768x1024.jpg 768w, https:\/\/turismevalles.com\/wp-content\/uploads\/2025\/04\/IMG20241015124304-225x300.jpg 225w, https:\/\/turismevalles.com\/wp-content\/uploads\/2025\/04\/IMG20241015124304-300x400.jpg 300w, https:\/\/turismevalles.com\/wp-content\/uploads\/2025\/04\/IMG20241015124304-1152x1536.jpg 1152w, https:\/\/turismevalles.com\/wp-content\/uploads\/2025\/04\/IMG20241015124304-1536x2048.jpg 1536w, https:\/\/turismevalles.com\/wp-content\/uploads\/2025\/04\/IMG20241015124304-scaled.jpg 1920w\" sizes=\"auto, (max-width: 768px) 100vw, 768px\" \/><\/figure>\n<\/figure>\n\n\n\n<p>\u00a1Esta Semana Santa no te quedes en casa, ven al Vall\u00e8s Oriental y disfruta de todas las propuestas que encontrar\u00e1s!<\/p>\n\n\n\n<p>M\u00e1s informaci\u00f3n en la agenda de actividades: <a href=\"http:\/\/www.turismevalles.com\">www<\/a><a href=\"http:\/\/www.turismevalles.com\" target=\"_blank\" rel=\"noreferrer noopener\">.turismevalles.com<\/a><\/p>\n\n\n\n<p><\/p>\n","protected":false},"excerpt":{"rendered":"<p>Este per\u00edodo del a\u00f1o es una \u00e9poca ideal para disfrutar de una estancia en el Vall\u00e8s Oriental. Aprovecha estos d\u00edas de vacaciones escolares para descubrir &#8230; <a title=\"\u00bfQu\u00e9 hacer esta Semana Santa?\" class=\"read-more\" href=\"https:\/\/turismevalles.com\/es\/que-fer-aquesta-setmana-santa\/\" aria-label=\"M\u00e1s en \u00bfQu\u00e9 hacer esta Semana Santa?\">Veure m\u00e9s<\/a><\/p>\n","protected":false},"author":5,"featured_media":61997,"comment_status":"open","ping_status":"closed","sticky":false,"template":"","format":"standard","meta":{"_acf_changed":false,"inline_featured_image":false,"_uag_custom_page_level_css":"","footnotes":""},"categories":[114],"tags":[2747,2748,2749],"class_list":["post-62003","post","type-post","status-publish","format-standard","has-post-thumbnail","hentry","category-sin-categorizar","tag-activitats-per-setmana-santa-es","tag-pasqua-al-valles-oriental-es","tag-setmana-santa-2025-es","generate-columns","tablet-grid-50","mobile-grid-100","grid-parent","grid-33"],"acf":[],"yoast_head":"<!-- This site is optimized with the Yoast SEO plugin v26.4 - https:\/\/yoast.com\/wordpress\/plugins\/seo\/ -->\n<title>\u00bfQu\u00e9 hacer esta Semana Santa? - Turisme Vall\u00e8s<\/title>\n<meta name=\"description\" content=\"No ho dubtis i vine a gaudir de la Setmana Santa al Vall\u00e8s Oriental. A prop de Barcelona.\" \/>\n<meta name=\"robots\" content=\"index, follow, max-snippet:-1, max-image-preview:large, max-video-preview:-1\" \/>\n<link rel=\"canonical\" href=\"https:\/\/turismevalles.com\/es\/que-fer-aquesta-setmana-santa\/\" \/>\n<meta property=\"og:locale\" content=\"es_ES\" \/>\n<meta property=\"og:type\" content=\"article\" \/>\n<meta property=\"og:title\" content=\"\u00bfQu\u00e9 hacer esta Semana Santa? - Turisme Vall\u00e8s\" \/>\n<meta property=\"og:description\" content=\"No ho dubtis i vine a gaudir de la Setmana Santa al Vall\u00e8s Oriental. A prop de Barcelona.\" \/>\n<meta property=\"og:url\" content=\"https:\/\/turismevalles.com\/es\/que-fer-aquesta-setmana-santa\/\" \/>\n<meta property=\"og:site_name\" content=\"Turisme Vall\u00e8s\" \/>\n<meta property=\"article:published_time\" content=\"2025-04-14T11:15:35+00:00\" \/>\n<meta property=\"article:modified_time\" content=\"2025-04-14T11:34:37+00:00\" \/>\n<meta property=\"og:image\" content=\"https:\/\/turismevalles.com\/wp-content\/uploads\/2025\/04\/Bosc-dels-nans.jpg\" \/>\n\t<meta property=\"og:image:width\" content=\"1516\" \/>\n\t<meta property=\"og:image:height\" content=\"1067\" \/>\n\t<meta property=\"og:image:type\" content=\"image\/jpeg\" \/>\n<meta name=\"author\" content=\"Turisme Valles\" \/>\n<meta name=\"twitter:card\" content=\"summary_large_image\" \/>\n<meta name=\"twitter:label1\" content=\"Escrito por\" \/>\n\t<meta name=\"twitter:data1\" content=\"Turisme Valles\" \/>\n\t<meta name=\"twitter:label2\" content=\"Tiempo de lectura\" \/>\n\t<meta name=\"twitter:data2\" content=\"2 minutos\" \/>\n<script type=\"application\/ld+json\" class=\"yoast-schema-graph\">{\"@context\":\"https:\/\/schema.org\",\"@graph\":[{\"@type\":\"Article\",\"@id\":\"https:\/\/turismevalles.com\/es\/que-fer-aquesta-setmana-santa\/#article\",\"isPartOf\":{\"@id\":\"https:\/\/turismevalles.com\/es\/que-fer-aquesta-setmana-santa\/\"},\"author\":{\"name\":\"Turisme Valles\",\"@id\":\"https:\/\/turismevalles.com\/en\/#\/schema\/person\/da3ada7244bbe32fad8e7e8236465a16\"},\"headline\":\"\u00bfQu\u00e9 hacer esta Semana Santa?\",\"datePublished\":\"2025-04-14T11:15:35+00:00\",\"dateModified\":\"2025-04-14T11:34:37+00:00\",\"mainEntityOfPage\":{\"@id\":\"https:\/\/turismevalles.com\/es\/que-fer-aquesta-setmana-santa\/\"},\"wordCount\":160,\"commentCount\":0,\"publisher\":{\"@id\":\"https:\/\/turismevalles.com\/en\/#organization\"},\"image\":{\"@id\":\"https:\/\/turismevalles.com\/es\/que-fer-aquesta-setmana-santa\/#primaryimage\"},\"thumbnailUrl\":\"https:\/\/turismevalles.com\/wp-content\/uploads\/2025\/04\/Bosc-dels-nans.jpg\",\"keywords\":[\"Activitats per Setmana Santa\",\"Pasqua al Vall\u00e8s Oriental\",\"Setmana Santa 2025\"],\"articleSection\":[\"Sin categorizar\"],\"inLanguage\":\"es\",\"potentialAction\":[{\"@type\":\"CommentAction\",\"name\":\"Comment\",\"target\":[\"https:\/\/turismevalles.com\/es\/que-fer-aquesta-setmana-santa\/#respond\"]}]},{\"@type\":\"WebPage\",\"@id\":\"https:\/\/turismevalles.com\/es\/que-fer-aquesta-setmana-santa\/\",\"url\":\"https:\/\/turismevalles.com\/es\/que-fer-aquesta-setmana-santa\/\",\"name\":\"\u00bfQu\u00e9 hacer esta Semana Santa? - Turisme Vall\u00e8s\",\"isPartOf\":{\"@id\":\"https:\/\/turismevalles.com\/en\/#website\"},\"primaryImageOfPage\":{\"@id\":\"https:\/\/turismevalles.com\/es\/que-fer-aquesta-setmana-santa\/#primaryimage\"},\"image\":{\"@id\":\"https:\/\/turismevalles.com\/es\/que-fer-aquesta-setmana-santa\/#primaryimage\"},\"thumbnailUrl\":\"https:\/\/turismevalles.com\/wp-content\/uploads\/2025\/04\/Bosc-dels-nans.jpg\",\"datePublished\":\"2025-04-14T11:15:35+00:00\",\"dateModified\":\"2025-04-14T11:34:37+00:00\",\"description\":\"No ho dubtis i vine a gaudir de la Setmana Santa al Vall\u00e8s Oriental. A prop de Barcelona.\",\"breadcrumb\":{\"@id\":\"https:\/\/turismevalles.com\/es\/que-fer-aquesta-setmana-santa\/#breadcrumb\"},\"inLanguage\":\"es\",\"potentialAction\":[{\"@type\":\"ReadAction\",\"target\":[\"https:\/\/turismevalles.com\/es\/que-fer-aquesta-setmana-santa\/\"]}]},{\"@type\":\"ImageObject\",\"inLanguage\":\"es\",\"@id\":\"https:\/\/turismevalles.com\/es\/que-fer-aquesta-setmana-santa\/#primaryimage\",\"url\":\"https:\/\/turismevalles.com\/wp-content\/uploads\/2025\/04\/Bosc-dels-nans.jpg\",\"contentUrl\":\"https:\/\/turismevalles.com\/wp-content\/uploads\/2025\/04\/Bosc-dels-nans.jpg\",\"width\":1516,\"height\":1067,\"caption\":\"Bosc dels nans\"},{\"@type\":\"BreadcrumbList\",\"@id\":\"https:\/\/turismevalles.com\/es\/que-fer-aquesta-setmana-santa\/#breadcrumb\",\"itemListElement\":[{\"@type\":\"ListItem\",\"position\":1,\"name\":\"Inicio\",\"item\":\"https:\/\/turismevalles.com\/es\/\"},{\"@type\":\"ListItem\",\"position\":2,\"name\":\"\u00bfQu\u00e9 hacer esta Semana Santa?\"}]},{\"@type\":\"WebSite\",\"@id\":\"https:\/\/turismevalles.com\/en\/#website\",\"url\":\"https:\/\/turismevalles.com\/en\/\",\"name\":\"Turisme Vall\u00e8s\",\"description\":\"\",\"publisher\":{\"@id\":\"https:\/\/turismevalles.com\/en\/#organization\"},\"potentialAction\":[{\"@type\":\"SearchAction\",\"target\":{\"@type\":\"EntryPoint\",\"urlTemplate\":\"https:\/\/turismevalles.com\/en\/?s={search_term_string}\"},\"query-input\":{\"@type\":\"PropertyValueSpecification\",\"valueRequired\":true,\"valueName\":\"search_term_string\"}}],\"inLanguage\":\"es\"},{\"@type\":\"Organization\",\"@id\":\"https:\/\/turismevalles.com\/en\/#organization\",\"name\":\"Turisme Vall\u00e8s\",\"url\":\"https:\/\/turismevalles.com\/en\/\",\"logo\":{\"@type\":\"ImageObject\",\"inLanguage\":\"es\",\"@id\":\"https:\/\/turismevalles.com\/en\/#\/schema\/logo\/image\/\",\"url\":\"https:\/\/turismevalles.com\/wp-content\/uploads\/2020\/08\/cropped-logo_ca-2.png\",\"contentUrl\":\"https:\/\/turismevalles.com\/wp-content\/uploads\/2020\/08\/cropped-logo_ca-2.png\",\"width\":314,\"height\":85,\"caption\":\"Turisme Vall\u00e8s\"},\"image\":{\"@id\":\"https:\/\/turismevalles.com\/en\/#\/schema\/logo\/image\/\"}},{\"@type\":\"Person\",\"@id\":\"https:\/\/turismevalles.com\/en\/#\/schema\/person\/da3ada7244bbe32fad8e7e8236465a16\",\"name\":\"Turisme Valles\",\"image\":{\"@type\":\"ImageObject\",\"inLanguage\":\"es\",\"@id\":\"https:\/\/turismevalles.com\/en\/#\/schema\/person\/image\/\",\"url\":\"https:\/\/secure.gravatar.com\/avatar\/7e16883f64cc26bc17bd484e55e43f21867385a5cb8ebdc8b94540485c823a4b?s=96&d=mm&r=g\",\"contentUrl\":\"https:\/\/secure.gravatar.com\/avatar\/7e16883f64cc26bc17bd484e55e43f21867385a5cb8ebdc8b94540485c823a4b?s=96&d=mm&r=g\",\"caption\":\"Turisme Valles\"},\"url\":\"https:\/\/turismevalles.com\/es\/author\/turismevallesoriental\/\"}]}<\/script>\n<!-- \/ Yoast SEO plugin. -->","yoast_head_json":{"title":"\u00bfQu\u00e9 hacer esta Semana Santa? - Turisme Vall\u00e8s","description":"No ho dubtis i vine a gaudir de la Setmana Santa al Vall\u00e8s Oriental. A prop de Barcelona.","robots":{"index":"index","follow":"follow","max-snippet":"max-snippet:-1","max-image-preview":"max-image-preview:large","max-video-preview":"max-video-preview:-1"},"canonical":"https:\/\/turismevalles.com\/es\/que-fer-aquesta-setmana-santa\/","og_locale":"es_ES","og_type":"article","og_title":"\u00bfQu\u00e9 hacer esta Semana Santa? - Turisme Vall\u00e8s","og_description":"No ho dubtis i vine a gaudir de la Setmana Santa al Vall\u00e8s Oriental. A prop de Barcelona.","og_url":"https:\/\/turismevalles.com\/es\/que-fer-aquesta-setmana-santa\/","og_site_name":"Turisme Vall\u00e8s","article_published_time":"2025-04-14T11:15:35+00:00","article_modified_time":"2025-04-14T11:34:37+00:00","og_image":[{"width":1516,"height":1067,"url":"https:\/\/turismevalles.com\/wp-content\/uploads\/2025\/04\/Bosc-dels-nans.jpg","type":"image\/jpeg"}],"author":"Turisme Valles","twitter_card":"summary_large_image","twitter_misc":{"Escrito por":"Turisme Valles","Tiempo de lectura":"2 minutos"},"schema":{"@context":"https:\/\/schema.org","@graph":[{"@type":"Article","@id":"https:\/\/turismevalles.com\/es\/que-fer-aquesta-setmana-santa\/#article","isPartOf":{"@id":"https:\/\/turismevalles.com\/es\/que-fer-aquesta-setmana-santa\/"},"author":{"name":"Turisme Valles","@id":"https:\/\/turismevalles.com\/en\/#\/schema\/person\/da3ada7244bbe32fad8e7e8236465a16"},"headline":"\u00bfQu\u00e9 hacer esta Semana Santa?","datePublished":"2025-04-14T11:15:35+00:00","dateModified":"2025-04-14T11:34:37+00:00","mainEntityOfPage":{"@id":"https:\/\/turismevalles.com\/es\/que-fer-aquesta-setmana-santa\/"},"wordCount":160,"commentCount":0,"publisher":{"@id":"https:\/\/turismevalles.com\/en\/#organization"},"image":{"@id":"https:\/\/turismevalles.com\/es\/que-fer-aquesta-setmana-santa\/#primaryimage"},"thumbnailUrl":"https:\/\/turismevalles.com\/wp-content\/uploads\/2025\/04\/Bosc-dels-nans.jpg","keywords":["Activitats per Setmana Santa","Pasqua al Vall\u00e8s Oriental","Setmana Santa 2025"],"articleSection":["Sin categorizar"],"inLanguage":"es","potentialAction":[{"@type":"CommentAction","name":"Comment","target":["https:\/\/turismevalles.com\/es\/que-fer-aquesta-setmana-santa\/#respond"]}]},{"@type":"WebPage","@id":"https:\/\/turismevalles.com\/es\/que-fer-aquesta-setmana-santa\/","url":"https:\/\/turismevalles.com\/es\/que-fer-aquesta-setmana-santa\/","name":"\u00bfQu\u00e9 hacer esta Semana Santa? - Turisme Vall\u00e8s","isPartOf":{"@id":"https:\/\/turismevalles.com\/en\/#website"},"primaryImageOfPage":{"@id":"https:\/\/turismevalles.com\/es\/que-fer-aquesta-setmana-santa\/#primaryimage"},"image":{"@id":"https:\/\/turismevalles.com\/es\/que-fer-aquesta-setmana-santa\/#primaryimage"},"thumbnailUrl":"https:\/\/turismevalles.com\/wp-content\/uploads\/2025\/04\/Bosc-dels-nans.jpg","datePublished":"2025-04-14T11:15:35+00:00","dateModified":"2025-04-14T11:34:37+00:00","description":"No ho dubtis i vine a gaudir de la Setmana Santa al Vall\u00e8s Oriental. A prop de Barcelona.","breadcrumb":{"@id":"https:\/\/turismevalles.com\/es\/que-fer-aquesta-setmana-santa\/#breadcrumb"},"inLanguage":"es","potentialAction":[{"@type":"ReadAction","target":["https:\/\/turismevalles.com\/es\/que-fer-aquesta-setmana-santa\/"]}]},{"@type":"ImageObject","inLanguage":"es","@id":"https:\/\/turismevalles.com\/es\/que-fer-aquesta-setmana-santa\/#primaryimage","url":"https:\/\/turismevalles.com\/wp-content\/uploads\/2025\/04\/Bosc-dels-nans.jpg","contentUrl":"https:\/\/turismevalles.com\/wp-content\/uploads\/2025\/04\/Bosc-dels-nans.jpg","width":1516,"height":1067,"caption":"Bosc dels nans"},{"@type":"BreadcrumbList","@id":"https:\/\/turismevalles.com\/es\/que-fer-aquesta-setmana-santa\/#breadcrumb","itemListElement":[{"@type":"ListItem","position":1,"name":"Inicio","item":"https:\/\/turismevalles.com\/es\/"},{"@type":"ListItem","position":2,"name":"\u00bfQu\u00e9 hacer esta Semana Santa?"}]},{"@type":"WebSite","@id":"https:\/\/turismevalles.com\/en\/#website","url":"https:\/\/turismevalles.com\/en\/","name":"Turisme Vall\u00e8s","description":"","publisher":{"@id":"https:\/\/turismevalles.com\/en\/#organization"},"potentialAction":[{"@type":"SearchAction","target":{"@type":"EntryPoint","urlTemplate":"https:\/\/turismevalles.com\/en\/?s={search_term_string}"},"query-input":{"@type":"PropertyValueSpecification","valueRequired":true,"valueName":"search_term_string"}}],"inLanguage":"es"},{"@type":"Organization","@id":"https:\/\/turismevalles.com\/en\/#organization","name":"Turisme Vall\u00e8s","url":"https:\/\/turismevalles.com\/en\/","logo":{"@type":"ImageObject","inLanguage":"es","@id":"https:\/\/turismevalles.com\/en\/#\/schema\/logo\/image\/","url":"https:\/\/turismevalles.com\/wp-content\/uploads\/2020\/08\/cropped-logo_ca-2.png","contentUrl":"https:\/\/turismevalles.com\/wp-content\/uploads\/2020\/08\/cropped-logo_ca-2.png","width":314,"height":85,"caption":"Turisme Vall\u00e8s"},"image":{"@id":"https:\/\/turismevalles.com\/en\/#\/schema\/logo\/image\/"}},{"@type":"Person","@id":"https:\/\/turismevalles.com\/en\/#\/schema\/person\/da3ada7244bbe32fad8e7e8236465a16","name":"Turisme Valles","image":{"@type":"ImageObject","inLanguage":"es","@id":"https:\/\/turismevalles.com\/en\/#\/schema\/person\/image\/","url":"https:\/\/secure.gravatar.com\/avatar\/7e16883f64cc26bc17bd484e55e43f21867385a5cb8ebdc8b94540485c823a4b?s=96&d=mm&r=g","contentUrl":"https:\/\/secure.gravatar.com\/avatar\/7e16883f64cc26bc17bd484e55e43f21867385a5cb8ebdc8b94540485c823a4b?s=96&d=mm&r=g","caption":"Turisme Valles"},"url":"https:\/\/turismevalles.com\/es\/author\/turismevallesoriental\/"}]}},"uagb_featured_image_src":{"full":["https:\/\/turismevalles.com\/wp-content\/uploads\/2025\/04\/Bosc-dels-nans.jpg",1516,1067,false],"thumbnail":["https:\/\/turismevalles.com\/wp-content\/uploads\/2025\/04\/Bosc-dels-nans-150x150.jpg",150,150,true],"medium":["https:\/\/turismevalles.com\/wp-content\/uploads\/2025\/04\/Bosc-dels-nans-300x211.jpg",300,211,true],"medium_large":["https:\/\/turismevalles.com\/wp-content\/uploads\/2025\/04\/Bosc-dels-nans-768x541.jpg",768,541,true],"large":["https:\/\/turismevalles.com\/wp-content\/uploads\/2025\/04\/Bosc-dels-nans-1024x721.jpg",1024,721,true],"thumblist":["https:\/\/turismevalles.com\/wp-content\/uploads\/2025\/04\/Bosc-dels-nans-300x300.jpg",300,300,true],"meccarouselthumb":["https:\/\/turismevalles.com\/wp-content\/uploads\/2025\/04\/Bosc-dels-nans-474x324.jpg",474,324,true],"gridsquare":["https:\/\/turismevalles.com\/wp-content\/uploads\/2025\/04\/Bosc-dels-nans-391x260.jpg",391,260,true],"tileview":["https:\/\/turismevalles.com\/wp-content\/uploads\/2025\/04\/Bosc-dels-nans-300x400.jpg",300,400,true],"1536x1536":["https:\/\/turismevalles.com\/wp-content\/uploads\/2025\/04\/Bosc-dels-nans.jpg",1516,1067,false],"2048x2048":["https:\/\/turismevalles.com\/wp-content\/uploads\/2025\/04\/Bosc-dels-nans.jpg",1516,1067,false]},"uagb_author_info":{"display_name":"Turisme Valles","author_link":"https:\/\/turismevalles.com\/es\/author\/turismevallesoriental\/"},"uagb_comment_info":0,"uagb_excerpt":"Este per\u00edodo del a\u00f1o es una \u00e9poca ideal para disfrutar de una estancia en el Vall\u00e8s Oriental. Aprovecha estos d\u00edas de vacaciones escolares para descubrir ... Veure m\u00e9s","_links":{"self":[{"href":"https:\/\/turismevalles.com\/es\/wp-json\/wp\/v2\/posts\/62003","targetHints":{"allow":["GET"]}}],"collection":[{"href":"https:\/\/turismevalles.com\/es\/wp-json\/wp\/v2\/posts"}],"about":[{"href":"https:\/\/turismevalles.com\/es\/wp-json\/wp\/v2\/types\/post"}],"author":[{"embeddable":true,"href":"https:\/\/turismevalles.com\/es\/wp-json\/wp\/v2\/users\/5"}],"replies":[{"embeddable":true,"href":"https:\/\/turismevalles.com\/es\/wp-json\/wp\/v2\/comments?post=62003"}],"version-history":[{"count":0,"href":"https:\/\/turismevalles.com\/es\/wp-json\/wp\/v2\/posts\/62003\/revisions"}],"wp:featuredmedia":[{"embeddable":true,"href":"https:\/\/turismevalles.com\/es\/wp-json\/wp\/v2\/media\/61997"}],"wp:attachment":[{"href":"https:\/\/turismevalles.com\/es\/wp-json\/wp\/v2\/media?parent=62003"}],"wp:term":[{"taxonomy":"category","embeddable":true,"href":"https:\/\/turismevalles.com\/es\/wp-json\/wp\/v2\/categories?post=62003"},{"taxonomy":"post_tag","embeddable":true,"href":"https:\/\/turismevalles.com\/es\/wp-json\/wp\/v2\/tags?post=62003"}],"curies":[{"name":"wp","href":"https:\/\/api.w.org\/{rel}","templated":true}]}}