{"id":63052,"date":"2025-05-19T12:19:51","date_gmt":"2025-05-19T10:19:51","guid":{"rendered":"https:\/\/turismevalles.com\/?p=63052"},"modified":"2025-05-19T16:21:43","modified_gmt":"2025-05-19T14:21:43","slug":"el-valles-oriental-terra-de-sabors","status":"publish","type":"post","link":"https:\/\/turismevalles.com\/es\/el-valles-oriental-terra-de-sabors\/","title":{"rendered":"El Vall\u00e8s Oriental, tierra de sabores"},"content":{"rendered":"\n<p>Los d\u00edas 16, 17 y 18 de mayo, el Vall\u00e8s Oriental acogi\u00f3 la visita de la instagramer gastron\u00f3mica <a href=\"https:\/\/www.instagram.com\/foodyingbcn\/\" target=\"_blank\" rel=\"noreferrer noopener\">FoodyingBcn by Ariadna Rodrigo<\/a>.<\/p>\n\n\n\n<p>Un a\u00f1o m\u00e1s, Diputaci\u00f3n de Barcelona ha organizado la acci\u00f3n de promoci\u00f3n tur\u00edstica <strong>Escapades Barcelona+<\/strong> con el objetivo de dar a conocer diferentes recursos de la provincia de Barcelona a trav\u00e9s de diferentes influencers. La acci\u00f3n de este a\u00f1o se enmarca dentro de las acciones de Catalu\u00f1a Regi\u00f3n Mundial de la Gastronom\u00eda y por este motivo, la tem\u00e1tica central de todos los viajes es la enogastronom\u00eda.<\/p>\n\n\n<div class=\"wp-block-image\">\n<figure class=\"aligncenter size-large\"><img loading=\"lazy\" decoding=\"async\" width=\"1024\" height=\"662\" src=\"https:\/\/turismevalles.com\/wp-content\/uploads\/2025\/05\/Foto_002-1024x662.jpg\" alt=\"Escapades Barcelona \u00e9s molt m\u00e9s 2025 Vall\u00e8s Oriental\" class=\"wp-image-63041\" srcset=\"https:\/\/turismevalles.com\/wp-content\/uploads\/2025\/05\/Foto_002-1024x662.jpg 1024w, https:\/\/turismevalles.com\/wp-content\/uploads\/2025\/05\/Foto_002-300x194.jpg 300w, https:\/\/turismevalles.com\/wp-content\/uploads\/2025\/05\/Foto_002-768x497.jpg 768w, https:\/\/turismevalles.com\/wp-content\/uploads\/2025\/05\/Foto_002.jpg 1299w\" sizes=\"auto, (max-width: 1024px) 100vw, 1024px\" \/><\/figure><\/div>\n\n\n<p>El Vall\u00e8s Oriental ha sido la comarca que <a href=\"https:\/\/www.instagram.com\/foodyingbcn\/\" target=\"_blank\" rel=\"noreferrer noopener\">FoodyingBcn by Ariadna Rodrigo<\/a> ha visitado y degustado.<\/p>\n\n\n<div class=\"wp-block-image\">\n<figure class=\"aligncenter size-large is-resized\"><img loading=\"lazy\" decoding=\"async\" width=\"768\" height=\"1024\" src=\"https:\/\/turismevalles.com\/wp-content\/uploads\/2025\/05\/Foto_001-768x1024.jpg\" alt=\"Escapades Barcelona \u00e9s molt m\u00e9s 2025 Vall\u00e8s Oriental\" class=\"wp-image-63037\" style=\"width:491px;height:auto\" srcset=\"https:\/\/turismevalles.com\/wp-content\/uploads\/2025\/05\/Foto_001-768x1024.jpg 768w, https:\/\/turismevalles.com\/wp-content\/uploads\/2025\/05\/Foto_001-225x300.jpg 225w, https:\/\/turismevalles.com\/wp-content\/uploads\/2025\/05\/Foto_001-300x400.jpg 300w, https:\/\/turismevalles.com\/wp-content\/uploads\/2025\/05\/Foto_001-1152x1536.jpg 1152w, https:\/\/turismevalles.com\/wp-content\/uploads\/2025\/05\/Foto_001-1536x2048.jpg 1536w, https:\/\/turismevalles.com\/wp-content\/uploads\/2025\/05\/Foto_001-scaled.jpg 1920w\" sizes=\"auto, (max-width: 768px) 100vw, 768px\" \/><\/figure><\/div>\n\n\n<p>El viernes d\u00eda 16 de mayo se dio el pistoletazo de salida de las <strong>Escapades Barcelona + <\/strong>con un acto de bienvenida celebrado en el Time Out Market y conducido por <a href=\"https:\/\/www.instagram.com\/adaparellada\/\" target=\"_blank\" rel=\"noreferrer noopener\">Ada Perallada<\/a>. Los diferentes influencers conocieron de primera mano los programas de los viajes de las comarcas.<\/p>\n\n\n\n<p>FoodyingBcn by Ariadna Rodrigo se aloj\u00f3 en el <a href=\"https:\/\/www.molidelatorre.cat\/\" target=\"_blank\" rel=\"noreferrer noopener\">Hotel Mol\u00ed de la Torre<\/a> de Bigues i Riells del Fai.<\/p>\n\n\n\n<p>El S\u00e1bado por la ma\u00f1ana visitaron <a href=\"https:\/\/parcs.diba.cat\/ca\/web\/cinglesberti\" target=\"_blank\" rel=\"noreferrer noopener\">Sant Miquel del Fai<\/a>, un espaci muy simb\u00f3lico para la comarca. Almorzaron en el restaurante <a href=\"https:\/\/www.instagram.com\/can.tastet\/\" target=\"_blank\" rel=\"noreferrer noopener\">Can Tastet<\/a> de Sant Feliu de Codines. POr la tarde realizaron una actividad de oleoturismo en <a href=\"https:\/\/mascurro.com\/\" target=\"_blank\" rel=\"noreferrer noopener\">Mas Curr\u00f3<\/a> de Caldes de Montbui. Despu\u00e9s visitaron el <a href=\"https:\/\/www.visiteucaldes.cat\/\" target=\"_blank\" rel=\"noreferrer noopener\">Museu Thermalia<\/a> en el que pudieron descubrir los secretos del agua termal y posteriormente dar un paseo por el centro hist\u00f3rico de Caldes de Montbui y cenar en el restaurant El Caf\u00e8 del Centre del municipio.<\/p>\n\n\n\n<p>Domingo disfrutaron de una visita y una cata de vermuts en <a href=\"https:\/\/cellercanroda.cat\/ca\/\" target=\"_blank\" rel=\"noreferrer noopener\">Celler de Can Roda<\/a> de Martorelles y Santa Maria de Martorelles y finalizaron la visita a la comarca con un almuerzo en <a href=\"https:\/\/kaliurestaurant.metro.rest\/?lang=es\" target=\"_blank\" rel=\"noreferrer noopener\">Kaliurestaurant<\/a> de Vallromanes.<\/p>\n\n\n<div class=\"wp-block-image\">\n<figure class=\"aligncenter size-large is-resized\"><img loading=\"lazy\" decoding=\"async\" width=\"572\" height=\"1024\" src=\"https:\/\/turismevalles.com\/wp-content\/uploads\/2025\/05\/Foto_003-572x1024.jpg\" alt=\"Escapades Barcelona \u00e9s molt m\u00e9s 2025 Vall\u00e8s Oriental\" class=\"wp-image-63045\" style=\"width:454px;height:auto\" srcset=\"https:\/\/turismevalles.com\/wp-content\/uploads\/2025\/05\/Foto_003-572x1024.jpg 572w, https:\/\/turismevalles.com\/wp-content\/uploads\/2025\/05\/Foto_003-168x300.jpg 168w, https:\/\/turismevalles.com\/wp-content\/uploads\/2025\/05\/Foto_003-768x1374.jpg 768w, https:\/\/turismevalles.com\/wp-content\/uploads\/2025\/05\/Foto_003-859x1536.jpg 859w, https:\/\/turismevalles.com\/wp-content\/uploads\/2025\/05\/Foto_003.jpg 1066w\" sizes=\"auto, (max-width: 572px) 100vw, 572px\" \/><\/figure><\/div>\n\n\n<p>Con este programa se ha querido realizar una peque\u00f1a cata de la variedad de propuestas que el Vall\u00e8s Oriental ofrece a las personas que lo visitan.<\/p>\n\n\n\n<p>Puede encontrar m\u00e1s informaci\u00f3n de las propuestas y las actividades gastron\u00f3micas en la comarca en el <a href=\"https:\/\/turismevalles.com\/es\/valles-oriental-tierra-de-sabores\/\" target=\"_blank\" rel=\"noreferrer noopener\">siguiente vinculo<\/a><\/p>\n\n\n\n<p><\/p>\n","protected":false},"excerpt":{"rendered":"<p>Los d\u00edas 16, 17 y 18 de mayo, el Vall\u00e8s Oriental acogi\u00f3 la visita de la instagramer gastron\u00f3mica FoodyingBcn by Ariadna Rodrigo. Un a\u00f1o m\u00e1s, &#8230; <a title=\"El Vall\u00e8s Oriental, tierra de sabores\" class=\"read-more\" href=\"https:\/\/turismevalles.com\/es\/el-valles-oriental-terra-de-sabors\/\" aria-label=\"M\u00e1s en El Vall\u00e8s Oriental, tierra de sabores\">Veure m\u00e9s<\/a><\/p>\n","protected":false},"author":5,"featured_media":63044,"comment_status":"open","ping_status":"closed","sticky":false,"template":"","format":"standard","meta":{"_acf_changed":false,"inline_featured_image":false,"_uag_custom_page_level_css":"","footnotes":""},"categories":[114],"tags":[2786,2787],"class_list":["post-63052","post","type-post","status-publish","format-standard","has-post-thumbnail","hentry","category-sin-categorizar","tag-escapades-barcelona-es-molt-mes-es","tag-escapades-bcn-es","generate-columns","tablet-grid-50","mobile-grid-100","grid-parent","grid-33"],"acf":[],"yoast_head":"<!-- This site is optimized with the Yoast SEO plugin v26.4 - https:\/\/yoast.com\/wordpress\/plugins\/seo\/ -->\n<title>El Vall\u00e8s Oriental, tierra de sabores - Turisme Vall\u00e8s<\/title>\n<meta name=\"description\" content=\"Escapades Barcelona \u00e9s molt m\u00e9s 2025. @FoodingBCN visita Vall\u00e8s Oriental i gaudeix de propostes gastron\u00f2miques a prop de Barcelona.\" \/>\n<meta name=\"robots\" content=\"index, follow, max-snippet:-1, max-image-preview:large, max-video-preview:-1\" \/>\n<link rel=\"canonical\" href=\"https:\/\/turismevalles.com\/el-valles-oriental-terra-de-sabors\/\" \/>\n<meta property=\"og:locale\" content=\"es_ES\" \/>\n<meta property=\"og:type\" content=\"article\" \/>\n<meta property=\"og:title\" content=\"El Vall\u00e8s Oriental, tierra de sabores - Turisme Vall\u00e8s\" \/>\n<meta property=\"og:description\" content=\"Escapades Barcelona \u00e9s molt m\u00e9s 2025. @FoodingBCN visita Vall\u00e8s Oriental i gaudeix de propostes gastron\u00f2miques a prop de Barcelona.\" \/>\n<meta property=\"og:url\" content=\"https:\/\/turismevalles.com\/el-valles-oriental-terra-de-sabors\/\" \/>\n<meta property=\"og:site_name\" content=\"Turisme Vall\u00e8s\" \/>\n<meta property=\"article:published_time\" content=\"2025-05-19T10:19:51+00:00\" \/>\n<meta property=\"article:modified_time\" content=\"2025-05-19T14:21:43+00:00\" \/>\n<meta property=\"og:image\" content=\"https:\/\/turismevalles.com\/wp-content\/uploads\/2025\/05\/Foto_002.jpg\" \/>\n\t<meta property=\"og:image:width\" content=\"1299\" \/>\n\t<meta property=\"og:image:height\" content=\"840\" \/>\n\t<meta property=\"og:image:type\" content=\"image\/jpeg\" \/>\n<meta name=\"author\" content=\"Turisme Valles\" \/>\n<meta name=\"twitter:card\" content=\"summary_large_image\" \/>\n<meta name=\"twitter:label1\" content=\"Escrito por\" \/>\n\t<meta name=\"twitter:data1\" content=\"Turisme Valles\" \/>\n\t<meta name=\"twitter:label2\" content=\"Tiempo de lectura\" \/>\n\t<meta name=\"twitter:data2\" content=\"3 minutos\" \/>\n<script type=\"application\/ld+json\" class=\"yoast-schema-graph\">{\"@context\":\"https:\/\/schema.org\",\"@graph\":[{\"@type\":\"Article\",\"@id\":\"https:\/\/turismevalles.com\/el-valles-oriental-terra-de-sabors\/#article\",\"isPartOf\":{\"@id\":\"https:\/\/turismevalles.com\/el-valles-oriental-terra-de-sabors\/\"},\"author\":{\"name\":\"Turisme Valles\",\"@id\":\"https:\/\/turismevalles.com\/en\/#\/schema\/person\/da3ada7244bbe32fad8e7e8236465a16\"},\"headline\":\"El Vall\u00e8s Oriental, tierra de sabores\",\"datePublished\":\"2025-05-19T10:19:51+00:00\",\"dateModified\":\"2025-05-19T14:21:43+00:00\",\"mainEntityOfPage\":{\"@id\":\"https:\/\/turismevalles.com\/el-valles-oriental-terra-de-sabors\/\"},\"wordCount\":364,\"commentCount\":0,\"publisher\":{\"@id\":\"https:\/\/turismevalles.com\/en\/#organization\"},\"image\":{\"@id\":\"https:\/\/turismevalles.com\/el-valles-oriental-terra-de-sabors\/#primaryimage\"},\"thumbnailUrl\":\"https:\/\/turismevalles.com\/wp-content\/uploads\/2025\/05\/Foto_002.jpg\",\"keywords\":[\"Escapades Barcelona \u00e9s molt m\u00e9s\",\"Escapades BCN+\"],\"articleSection\":[\"Sin categorizar\"],\"inLanguage\":\"es\",\"potentialAction\":[{\"@type\":\"CommentAction\",\"name\":\"Comment\",\"target\":[\"https:\/\/turismevalles.com\/el-valles-oriental-terra-de-sabors\/#respond\"]}]},{\"@type\":\"WebPage\",\"@id\":\"https:\/\/turismevalles.com\/el-valles-oriental-terra-de-sabors\/\",\"url\":\"https:\/\/turismevalles.com\/el-valles-oriental-terra-de-sabors\/\",\"name\":\"El Vall\u00e8s Oriental, tierra de sabores - Turisme Vall\u00e8s\",\"isPartOf\":{\"@id\":\"https:\/\/turismevalles.com\/en\/#website\"},\"primaryImageOfPage\":{\"@id\":\"https:\/\/turismevalles.com\/el-valles-oriental-terra-de-sabors\/#primaryimage\"},\"image\":{\"@id\":\"https:\/\/turismevalles.com\/el-valles-oriental-terra-de-sabors\/#primaryimage\"},\"thumbnailUrl\":\"https:\/\/turismevalles.com\/wp-content\/uploads\/2025\/05\/Foto_002.jpg\",\"datePublished\":\"2025-05-19T10:19:51+00:00\",\"dateModified\":\"2025-05-19T14:21:43+00:00\",\"description\":\"Escapades Barcelona \u00e9s molt m\u00e9s 2025. @FoodingBCN visita Vall\u00e8s Oriental i gaudeix de propostes gastron\u00f2miques a prop de Barcelona.\",\"breadcrumb\":{\"@id\":\"https:\/\/turismevalles.com\/el-valles-oriental-terra-de-sabors\/#breadcrumb\"},\"inLanguage\":\"es\",\"potentialAction\":[{\"@type\":\"ReadAction\",\"target\":[\"https:\/\/turismevalles.com\/el-valles-oriental-terra-de-sabors\/\"]}]},{\"@type\":\"ImageObject\",\"inLanguage\":\"es\",\"@id\":\"https:\/\/turismevalles.com\/el-valles-oriental-terra-de-sabors\/#primaryimage\",\"url\":\"https:\/\/turismevalles.com\/wp-content\/uploads\/2025\/05\/Foto_002.jpg\",\"contentUrl\":\"https:\/\/turismevalles.com\/wp-content\/uploads\/2025\/05\/Foto_002.jpg\",\"width\":1299,\"height\":840,\"caption\":\"Escapades Barcelona \u00e9s molt m\u00e9s 2025 Vall\u00e8s Oriental\"},{\"@type\":\"BreadcrumbList\",\"@id\":\"https:\/\/turismevalles.com\/el-valles-oriental-terra-de-sabors\/#breadcrumb\",\"itemListElement\":[{\"@type\":\"ListItem\",\"position\":1,\"name\":\"Inicio\",\"item\":\"https:\/\/turismevalles.com\/es\/\"},{\"@type\":\"ListItem\",\"position\":2,\"name\":\"El Vall\u00e8s Oriental, tierra de sabores\"}]},{\"@type\":\"WebSite\",\"@id\":\"https:\/\/turismevalles.com\/en\/#website\",\"url\":\"https:\/\/turismevalles.com\/en\/\",\"name\":\"Turisme Vall\u00e8s\",\"description\":\"\",\"publisher\":{\"@id\":\"https:\/\/turismevalles.com\/en\/#organization\"},\"potentialAction\":[{\"@type\":\"SearchAction\",\"target\":{\"@type\":\"EntryPoint\",\"urlTemplate\":\"https:\/\/turismevalles.com\/en\/?s={search_term_string}\"},\"query-input\":{\"@type\":\"PropertyValueSpecification\",\"valueRequired\":true,\"valueName\":\"search_term_string\"}}],\"inLanguage\":\"es\"},{\"@type\":\"Organization\",\"@id\":\"https:\/\/turismevalles.com\/en\/#organization\",\"name\":\"Turisme Vall\u00e8s\",\"url\":\"https:\/\/turismevalles.com\/en\/\",\"logo\":{\"@type\":\"ImageObject\",\"inLanguage\":\"es\",\"@id\":\"https:\/\/turismevalles.com\/en\/#\/schema\/logo\/image\/\",\"url\":\"https:\/\/turismevalles.com\/wp-content\/uploads\/2020\/08\/cropped-logo_ca-2.png\",\"contentUrl\":\"https:\/\/turismevalles.com\/wp-content\/uploads\/2020\/08\/cropped-logo_ca-2.png\",\"width\":314,\"height\":85,\"caption\":\"Turisme Vall\u00e8s\"},\"image\":{\"@id\":\"https:\/\/turismevalles.com\/en\/#\/schema\/logo\/image\/\"}},{\"@type\":\"Person\",\"@id\":\"https:\/\/turismevalles.com\/en\/#\/schema\/person\/da3ada7244bbe32fad8e7e8236465a16\",\"name\":\"Turisme Valles\",\"image\":{\"@type\":\"ImageObject\",\"inLanguage\":\"es\",\"@id\":\"https:\/\/turismevalles.com\/en\/#\/schema\/person\/image\/\",\"url\":\"https:\/\/secure.gravatar.com\/avatar\/7e16883f64cc26bc17bd484e55e43f21867385a5cb8ebdc8b94540485c823a4b?s=96&d=mm&r=g\",\"contentUrl\":\"https:\/\/secure.gravatar.com\/avatar\/7e16883f64cc26bc17bd484e55e43f21867385a5cb8ebdc8b94540485c823a4b?s=96&d=mm&r=g\",\"caption\":\"Turisme Valles\"},\"url\":\"https:\/\/turismevalles.com\/es\/author\/turismevallesoriental\/\"}]}<\/script>\n<!-- \/ Yoast SEO plugin. -->","yoast_head_json":{"title":"El Vall\u00e8s Oriental, tierra de sabores - Turisme Vall\u00e8s","description":"Escapades Barcelona \u00e9s molt m\u00e9s 2025. @FoodingBCN visita Vall\u00e8s Oriental i gaudeix de propostes gastron\u00f2miques a prop de Barcelona.","robots":{"index":"index","follow":"follow","max-snippet":"max-snippet:-1","max-image-preview":"max-image-preview:large","max-video-preview":"max-video-preview:-1"},"canonical":"https:\/\/turismevalles.com\/el-valles-oriental-terra-de-sabors\/","og_locale":"es_ES","og_type":"article","og_title":"El Vall\u00e8s Oriental, tierra de sabores - Turisme Vall\u00e8s","og_description":"Escapades Barcelona \u00e9s molt m\u00e9s 2025. @FoodingBCN visita Vall\u00e8s Oriental i gaudeix de propostes gastron\u00f2miques a prop de Barcelona.","og_url":"https:\/\/turismevalles.com\/el-valles-oriental-terra-de-sabors\/","og_site_name":"Turisme Vall\u00e8s","article_published_time":"2025-05-19T10:19:51+00:00","article_modified_time":"2025-05-19T14:21:43+00:00","og_image":[{"width":1299,"height":840,"url":"https:\/\/turismevalles.com\/wp-content\/uploads\/2025\/05\/Foto_002.jpg","type":"image\/jpeg"}],"author":"Turisme Valles","twitter_card":"summary_large_image","twitter_misc":{"Escrito por":"Turisme Valles","Tiempo de lectura":"3 minutos"},"schema":{"@context":"https:\/\/schema.org","@graph":[{"@type":"Article","@id":"https:\/\/turismevalles.com\/el-valles-oriental-terra-de-sabors\/#article","isPartOf":{"@id":"https:\/\/turismevalles.com\/el-valles-oriental-terra-de-sabors\/"},"author":{"name":"Turisme Valles","@id":"https:\/\/turismevalles.com\/en\/#\/schema\/person\/da3ada7244bbe32fad8e7e8236465a16"},"headline":"El Vall\u00e8s Oriental, tierra de sabores","datePublished":"2025-05-19T10:19:51+00:00","dateModified":"2025-05-19T14:21:43+00:00","mainEntityOfPage":{"@id":"https:\/\/turismevalles.com\/el-valles-oriental-terra-de-sabors\/"},"wordCount":364,"commentCount":0,"publisher":{"@id":"https:\/\/turismevalles.com\/en\/#organization"},"image":{"@id":"https:\/\/turismevalles.com\/el-valles-oriental-terra-de-sabors\/#primaryimage"},"thumbnailUrl":"https:\/\/turismevalles.com\/wp-content\/uploads\/2025\/05\/Foto_002.jpg","keywords":["Escapades Barcelona \u00e9s molt m\u00e9s","Escapades BCN+"],"articleSection":["Sin categorizar"],"inLanguage":"es","potentialAction":[{"@type":"CommentAction","name":"Comment","target":["https:\/\/turismevalles.com\/el-valles-oriental-terra-de-sabors\/#respond"]}]},{"@type":"WebPage","@id":"https:\/\/turismevalles.com\/el-valles-oriental-terra-de-sabors\/","url":"https:\/\/turismevalles.com\/el-valles-oriental-terra-de-sabors\/","name":"El Vall\u00e8s Oriental, tierra de sabores - Turisme Vall\u00e8s","isPartOf":{"@id":"https:\/\/turismevalles.com\/en\/#website"},"primaryImageOfPage":{"@id":"https:\/\/turismevalles.com\/el-valles-oriental-terra-de-sabors\/#primaryimage"},"image":{"@id":"https:\/\/turismevalles.com\/el-valles-oriental-terra-de-sabors\/#primaryimage"},"thumbnailUrl":"https:\/\/turismevalles.com\/wp-content\/uploads\/2025\/05\/Foto_002.jpg","datePublished":"2025-05-19T10:19:51+00:00","dateModified":"2025-05-19T14:21:43+00:00","description":"Escapades Barcelona \u00e9s molt m\u00e9s 2025. @FoodingBCN visita Vall\u00e8s Oriental i gaudeix de propostes gastron\u00f2miques a prop de Barcelona.","breadcrumb":{"@id":"https:\/\/turismevalles.com\/el-valles-oriental-terra-de-sabors\/#breadcrumb"},"inLanguage":"es","potentialAction":[{"@type":"ReadAction","target":["https:\/\/turismevalles.com\/el-valles-oriental-terra-de-sabors\/"]}]},{"@type":"ImageObject","inLanguage":"es","@id":"https:\/\/turismevalles.com\/el-valles-oriental-terra-de-sabors\/#primaryimage","url":"https:\/\/turismevalles.com\/wp-content\/uploads\/2025\/05\/Foto_002.jpg","contentUrl":"https:\/\/turismevalles.com\/wp-content\/uploads\/2025\/05\/Foto_002.jpg","width":1299,"height":840,"caption":"Escapades Barcelona \u00e9s molt m\u00e9s 2025 Vall\u00e8s Oriental"},{"@type":"BreadcrumbList","@id":"https:\/\/turismevalles.com\/el-valles-oriental-terra-de-sabors\/#breadcrumb","itemListElement":[{"@type":"ListItem","position":1,"name":"Inicio","item":"https:\/\/turismevalles.com\/es\/"},{"@type":"ListItem","position":2,"name":"El Vall\u00e8s Oriental, tierra de sabores"}]},{"@type":"WebSite","@id":"https:\/\/turismevalles.com\/en\/#website","url":"https:\/\/turismevalles.com\/en\/","name":"Turisme Vall\u00e8s","description":"","publisher":{"@id":"https:\/\/turismevalles.com\/en\/#organization"},"potentialAction":[{"@type":"SearchAction","target":{"@type":"EntryPoint","urlTemplate":"https:\/\/turismevalles.com\/en\/?s={search_term_string}"},"query-input":{"@type":"PropertyValueSpecification","valueRequired":true,"valueName":"search_term_string"}}],"inLanguage":"es"},{"@type":"Organization","@id":"https:\/\/turismevalles.com\/en\/#organization","name":"Turisme Vall\u00e8s","url":"https:\/\/turismevalles.com\/en\/","logo":{"@type":"ImageObject","inLanguage":"es","@id":"https:\/\/turismevalles.com\/en\/#\/schema\/logo\/image\/","url":"https:\/\/turismevalles.com\/wp-content\/uploads\/2020\/08\/cropped-logo_ca-2.png","contentUrl":"https:\/\/turismevalles.com\/wp-content\/uploads\/2020\/08\/cropped-logo_ca-2.png","width":314,"height":85,"caption":"Turisme Vall\u00e8s"},"image":{"@id":"https:\/\/turismevalles.com\/en\/#\/schema\/logo\/image\/"}},{"@type":"Person","@id":"https:\/\/turismevalles.com\/en\/#\/schema\/person\/da3ada7244bbe32fad8e7e8236465a16","name":"Turisme Valles","image":{"@type":"ImageObject","inLanguage":"es","@id":"https:\/\/turismevalles.com\/en\/#\/schema\/person\/image\/","url":"https:\/\/secure.gravatar.com\/avatar\/7e16883f64cc26bc17bd484e55e43f21867385a5cb8ebdc8b94540485c823a4b?s=96&d=mm&r=g","contentUrl":"https:\/\/secure.gravatar.com\/avatar\/7e16883f64cc26bc17bd484e55e43f21867385a5cb8ebdc8b94540485c823a4b?s=96&d=mm&r=g","caption":"Turisme Valles"},"url":"https:\/\/turismevalles.com\/es\/author\/turismevallesoriental\/"}]}},"uagb_featured_image_src":{"full":["https:\/\/turismevalles.com\/wp-content\/uploads\/2025\/05\/Foto_002.jpg",1299,840,false],"thumbnail":["https:\/\/turismevalles.com\/wp-content\/uploads\/2025\/05\/Foto_002-150x150.jpg",150,150,true],"medium":["https:\/\/turismevalles.com\/wp-content\/uploads\/2025\/05\/Foto_002-300x194.jpg",300,194,true],"medium_large":["https:\/\/turismevalles.com\/wp-content\/uploads\/2025\/05\/Foto_002-768x497.jpg",768,497,true],"large":["https:\/\/turismevalles.com\/wp-content\/uploads\/2025\/05\/Foto_002-1024x662.jpg",1024,662,true],"thumblist":["https:\/\/turismevalles.com\/wp-content\/uploads\/2025\/05\/Foto_002-300x300.jpg",300,300,true],"meccarouselthumb":["https:\/\/turismevalles.com\/wp-content\/uploads\/2025\/05\/Foto_002-474x324.jpg",474,324,true],"gridsquare":["https:\/\/turismevalles.com\/wp-content\/uploads\/2025\/05\/Foto_002-391x260.jpg",391,260,true],"tileview":["https:\/\/turismevalles.com\/wp-content\/uploads\/2025\/05\/Foto_002-300x400.jpg",300,400,true],"1536x1536":["https:\/\/turismevalles.com\/wp-content\/uploads\/2025\/05\/Foto_002.jpg",1299,840,false],"2048x2048":["https:\/\/turismevalles.com\/wp-content\/uploads\/2025\/05\/Foto_002.jpg",1299,840,false]},"uagb_author_info":{"display_name":"Turisme Valles","author_link":"https:\/\/turismevalles.com\/es\/author\/turismevallesoriental\/"},"uagb_comment_info":0,"uagb_excerpt":"Los d\u00edas 16, 17 y 18 de mayo, el Vall\u00e8s Oriental acogi\u00f3 la visita de la instagramer gastron\u00f3mica FoodyingBcn by Ariadna Rodrigo. Un a\u00f1o m\u00e1s, ... Veure m\u00e9s","_links":{"self":[{"href":"https:\/\/turismevalles.com\/es\/wp-json\/wp\/v2\/posts\/63052","targetHints":{"allow":["GET"]}}],"collection":[{"href":"https:\/\/turismevalles.com\/es\/wp-json\/wp\/v2\/posts"}],"about":[{"href":"https:\/\/turismevalles.com\/es\/wp-json\/wp\/v2\/types\/post"}],"author":[{"embeddable":true,"href":"https:\/\/turismevalles.com\/es\/wp-json\/wp\/v2\/users\/5"}],"replies":[{"embeddable":true,"href":"https:\/\/turismevalles.com\/es\/wp-json\/wp\/v2\/comments?post=63052"}],"version-history":[{"count":0,"href":"https:\/\/turismevalles.com\/es\/wp-json\/wp\/v2\/posts\/63052\/revisions"}],"wp:featuredmedia":[{"embeddable":true,"href":"https:\/\/turismevalles.com\/es\/wp-json\/wp\/v2\/media\/63044"}],"wp:attachment":[{"href":"https:\/\/turismevalles.com\/es\/wp-json\/wp\/v2\/media?parent=63052"}],"wp:term":[{"taxonomy":"category","embeddable":true,"href":"https:\/\/turismevalles.com\/es\/wp-json\/wp\/v2\/categories?post=63052"},{"taxonomy":"post_tag","embeddable":true,"href":"https:\/\/turismevalles.com\/es\/wp-json\/wp\/v2\/tags?post=63052"}],"curies":[{"name":"wp","href":"https:\/\/api.w.org\/{rel}","templated":true}]}}