{"id":63276,"date":"2025-05-26T12:13:58","date_gmt":"2025-05-26T10:13:58","guid":{"rendered":"https:\/\/turismevalles.com\/?p=63276"},"modified":"2025-05-26T12:35:59","modified_gmt":"2025-05-26T10:35:59","slug":"els-punts-dinformacio-turistica-fan-la-primera-trobada-denguany","status":"publish","type":"post","link":"https:\/\/turismevalles.com\/es\/els-punts-dinformacio-turistica-fan-la-primera-trobada-denguany\/","title":{"rendered":"Los Puntos de Informaci\u00f3n Tur\u00edstica realizan el primer encuentro de este a\u00f1o"},"content":{"rendered":"\n<p>El pasado mi\u00e9rcoles d\u00eda 21 de Mayo de 2025 se celebr\u00f3 la primera <strong>Descubierta del Entorno del programa Puntos de Informaci\u00f3n Tur\u00edstica del Vall\u00e8s Oriental<\/strong> del 2025 en el municipio de Sant Esteve de Palautordera. En esta ocasi\u00f3n 27 entes participantes del programa pudieron conocer de primera mano algunas de las propuestas que ofrece el municipio.<\/p>\n\n\n\n<figure class=\"wp-block-gallery has-nested-images columns-default is-cropped wp-block-gallery-2 is-layout-flex wp-block-gallery-is-layout-flex\">\n<figure class=\"wp-block-image size-large\"><img loading=\"lazy\" decoding=\"async\" width=\"1024\" height=\"768\" data-id=\"63253\" src=\"https:\/\/turismevalles.com\/wp-content\/uploads\/2025\/05\/YDRAY-Family_1-1024x768.jpeg\" alt=\"\" class=\"wp-image-63253\" srcset=\"https:\/\/turismevalles.com\/wp-content\/uploads\/2025\/05\/YDRAY-Family_1-1024x768.jpeg 1024w, https:\/\/turismevalles.com\/wp-content\/uploads\/2025\/05\/YDRAY-Family_1-300x225.jpeg 300w, https:\/\/turismevalles.com\/wp-content\/uploads\/2025\/05\/YDRAY-Family_1-768x576.jpeg 768w, https:\/\/turismevalles.com\/wp-content\/uploads\/2025\/05\/YDRAY-Family_1-1536x1152.jpeg 1536w, https:\/\/turismevalles.com\/wp-content\/uploads\/2025\/05\/YDRAY-Family_1-2048x1536.jpeg 2048w\" sizes=\"auto, (max-width: 1024px) 100vw, 1024px\" \/><\/figure>\n\n\n\n<figure class=\"wp-block-image size-large\"><img loading=\"lazy\" decoding=\"async\" width=\"1024\" height=\"768\" data-id=\"63257\" src=\"https:\/\/turismevalles.com\/wp-content\/uploads\/2025\/05\/YDRAY-Family2-1024x768.jpeg\" alt=\"\" class=\"wp-image-63257\" srcset=\"https:\/\/turismevalles.com\/wp-content\/uploads\/2025\/05\/YDRAY-Family2-1024x768.jpeg 1024w, https:\/\/turismevalles.com\/wp-content\/uploads\/2025\/05\/YDRAY-Family2-300x225.jpeg 300w, https:\/\/turismevalles.com\/wp-content\/uploads\/2025\/05\/YDRAY-Family2-768x576.jpeg 768w, https:\/\/turismevalles.com\/wp-content\/uploads\/2025\/05\/YDRAY-Family2-1536x1152.jpeg 1536w, https:\/\/turismevalles.com\/wp-content\/uploads\/2025\/05\/YDRAY-Family2-2048x1536.jpeg 2048w\" sizes=\"auto, (max-width: 1024px) 100vw, 1024px\" \/><\/figure>\n<\/figure>\n\n\n\n<p>Los participantes a la descubierta se encontraron en la sede de la empresa <a href=\"https:\/\/www.montsenyaventura.com\/\">Montseny Aventura<\/a>, donde se di\u00f3 la bienvenida y se desarroll\u00f3 la primera parte de la jornada formada por una parte m\u00e1s te\u00f3rica en la que se expuso las \u00faltimas novedades del proyecto y una parte m\u00e1s l\u00fadica en la que se realiz\u00f3 una actividad de networking conducida por los representates de Montseny Aventura. Tambi\u00e9n se pudo realizar una cata de la propuesta gastron\u00f3mica basada en productos de proximidad del restaurante <a href=\"http:\/\/www.lavalldelmontseny.com\">La Vall del Montseny<\/a>.<\/p>\n\n\n\n<figure class=\"wp-block-gallery has-nested-images columns-default is-cropped wp-block-gallery-3 is-layout-flex wp-block-gallery-is-layout-flex\">\n<figure class=\"wp-block-image size-large\"><img loading=\"lazy\" decoding=\"async\" width=\"1024\" height=\"768\" data-id=\"63265\" src=\"https:\/\/turismevalles.com\/wp-content\/uploads\/2025\/05\/YDRAY-TirArc1-1024x768.jpeg\" alt=\"Els Punts d'Infromaci\u00f3 Tur\u00edstica celebren la primera trobada d'enguany\" class=\"wp-image-63265\" srcset=\"https:\/\/turismevalles.com\/wp-content\/uploads\/2025\/05\/YDRAY-TirArc1-1024x768.jpeg 1024w, https:\/\/turismevalles.com\/wp-content\/uploads\/2025\/05\/YDRAY-TirArc1-300x225.jpeg 300w, https:\/\/turismevalles.com\/wp-content\/uploads\/2025\/05\/YDRAY-TirArc1-768x576.jpeg 768w, https:\/\/turismevalles.com\/wp-content\/uploads\/2025\/05\/YDRAY-TirArc1-1536x1152.jpeg 1536w, https:\/\/turismevalles.com\/wp-content\/uploads\/2025\/05\/YDRAY-TirArc1-2048x1536.jpeg 2048w\" sizes=\"auto, (max-width: 1024px) 100vw, 1024px\" \/><\/figure>\n\n\n\n<figure class=\"wp-block-image size-large\"><img loading=\"lazy\" decoding=\"async\" width=\"1024\" height=\"768\" data-id=\"63261\" src=\"https:\/\/turismevalles.com\/wp-content\/uploads\/2025\/05\/YDRAY-Karts1-1024x768.jpeg\" alt=\"\" class=\"wp-image-63261\" srcset=\"https:\/\/turismevalles.com\/wp-content\/uploads\/2025\/05\/YDRAY-Karts1-1024x768.jpeg 1024w, https:\/\/turismevalles.com\/wp-content\/uploads\/2025\/05\/YDRAY-Karts1-300x225.jpeg 300w, https:\/\/turismevalles.com\/wp-content\/uploads\/2025\/05\/YDRAY-Karts1-768x576.jpeg 768w, https:\/\/turismevalles.com\/wp-content\/uploads\/2025\/05\/YDRAY-Karts1-1536x1152.jpeg 1536w, https:\/\/turismevalles.com\/wp-content\/uploads\/2025\/05\/YDRAY-Karts1-2048x1536.jpeg 2048w\" sizes=\"auto, (max-width: 1024px) 100vw, 1024px\" \/><\/figure>\n<\/figure>\n\n\n\n<p>La segunda parte de la jornada se desarrol\u00f3 en el <a href=\"https:\/\/www.santestevedepalautordera.cat\/\">Punto de Informaci\u00f3n de Sant Esteve de Palautordera<\/a>, sede de la empresa <a href=\"https:\/\/www.ademc-montseny.cat\/\">Ademc<\/a> y de la <a href=\"https:\/\/turisme-montseny.com\/\">Associaci\u00f3 d\u2019Empresaris Tur\u00edstics del Montseny<\/a>, donde nos explicaron los proyectos, las actividades que realizan y su funcionamiento. <\/p>\n\n\n\n<p>El proyecto Puntos de Informaci\u00f3n Tur\u00edstica, que cuenta con una trayect\u00f3ria de m\u00e1s de diez a\u00f1os, est\u00e1 impulsado por la Diputaci\u00f3n de Barcelona y coordinado en el territorio por el Servicio de Turismo del Consell Comarcal del Vall\u00e8s Oriental. El objetivo del programa es dar soporte y complementar el servicio de atenci\u00f3n y infromaci\u00f3n al visitante que ofrecen las diferentes Oficinas de Turismo, mejorando de esta manera la cobertura y la calidad de la informaci\u00f3n tur\u00edstica que se ofrece en la comarca. Otro de los objetivos principales del proyecto recae en reforzar la red de entes p\u00fablicos y privados del programa que a\u00f1o tras a\u00f1o va incrementando con nuevas adhesiones.<\/p>\n\n\n\n<p>Pod\u00e9is encontrar m\u00e1s informaci\u00f3n del proyecto en <a href=\"http:\/\/www.turismevalles.com\">www.turismevalles.com<\/a><\/p>\n\n\n\n<p><\/p>\n","protected":false},"excerpt":{"rendered":"<p>El pasado mi\u00e9rcoles d\u00eda 21 de Mayo de 2025 se celebr\u00f3 la primera Descubierta del Entorno del programa Puntos de Informaci\u00f3n Tur\u00edstica del Vall\u00e8s Oriental &#8230; <a title=\"Los Puntos de Informaci\u00f3n Tur\u00edstica realizan el primer encuentro de este a\u00f1o\" class=\"read-more\" href=\"https:\/\/turismevalles.com\/es\/els-punts-dinformacio-turistica-fan-la-primera-trobada-denguany\/\" aria-label=\"M\u00e1s en Los Puntos de Informaci\u00f3n Tur\u00edstica realizan el primer encuentro de este a\u00f1o\">Veure m\u00e9s<\/a><\/p>\n","protected":false},"author":5,"featured_media":63260,"comment_status":"open","ping_status":"closed","sticky":false,"template":"","format":"standard","meta":{"_acf_changed":false,"inline_featured_image":false,"_uag_custom_page_level_css":"","footnotes":""},"categories":[114],"tags":[1136,2677,2805],"class_list":["post-63276","post","type-post","status-publish","format-standard","has-post-thumbnail","hentry","category-sin-categorizar","tag-natura-es","tag-puntos-de-informacion-turistica","tag-sant-esteve-de-palautordera-es","generate-columns","tablet-grid-50","mobile-grid-100","grid-parent","grid-33"],"acf":[],"yoast_head":"<!-- This site is optimized with the Yoast SEO plugin v26.4 - https:\/\/yoast.com\/wordpress\/plugins\/seo\/ -->\n<title>Los Puntos de Informaci\u00f3n Tur\u00edstica realizan el primer encuentro de este a\u00f1o - Turisme Vall\u00e8s<\/title>\n<meta name=\"description\" content=\"Primera trobada de la xarxa de Punts d&#039;Informaci\u00f3 Tur\u00edstica del Vall\u00e8s Oriental 2025. A prop de Barcelona.\" \/>\n<meta name=\"robots\" content=\"index, follow, max-snippet:-1, max-image-preview:large, max-video-preview:-1\" \/>\n<link rel=\"canonical\" href=\"https:\/\/turismevalles.com\/es\/els-punts-dinformacio-turistica-fan-la-primera-trobada-denguany\/\" \/>\n<meta property=\"og:locale\" content=\"es_ES\" \/>\n<meta property=\"og:type\" content=\"article\" \/>\n<meta property=\"og:title\" content=\"Los Puntos de Informaci\u00f3n Tur\u00edstica realizan el primer encuentro de este a\u00f1o - Turisme Vall\u00e8s\" \/>\n<meta property=\"og:description\" content=\"Primera trobada de la xarxa de Punts d&#039;Informaci\u00f3 Tur\u00edstica del Vall\u00e8s Oriental 2025. A prop de Barcelona.\" \/>\n<meta property=\"og:url\" content=\"https:\/\/turismevalles.com\/es\/els-punts-dinformacio-turistica-fan-la-primera-trobada-denguany\/\" \/>\n<meta property=\"og:site_name\" content=\"Turisme Vall\u00e8s\" \/>\n<meta property=\"article:published_time\" content=\"2025-05-26T10:13:58+00:00\" \/>\n<meta property=\"article:modified_time\" content=\"2025-05-26T10:35:59+00:00\" \/>\n<meta property=\"og:image\" content=\"https:\/\/turismevalles.com\/wp-content\/uploads\/2025\/05\/YDRAY-Family2-scaled.jpeg\" \/>\n\t<meta property=\"og:image:width\" content=\"2560\" \/>\n\t<meta property=\"og:image:height\" content=\"1920\" \/>\n\t<meta property=\"og:image:type\" content=\"image\/jpeg\" \/>\n<meta name=\"author\" content=\"Turisme Valles\" \/>\n<meta name=\"twitter:card\" content=\"summary_large_image\" \/>\n<meta name=\"twitter:label1\" content=\"Escrito por\" \/>\n\t<meta name=\"twitter:data1\" content=\"Turisme Valles\" \/>\n\t<meta name=\"twitter:label2\" content=\"Tiempo de lectura\" \/>\n\t<meta name=\"twitter:data2\" content=\"3 minutos\" \/>\n<script type=\"application\/ld+json\" class=\"yoast-schema-graph\">{\"@context\":\"https:\/\/schema.org\",\"@graph\":[{\"@type\":\"Article\",\"@id\":\"https:\/\/turismevalles.com\/es\/els-punts-dinformacio-turistica-fan-la-primera-trobada-denguany\/#article\",\"isPartOf\":{\"@id\":\"https:\/\/turismevalles.com\/es\/els-punts-dinformacio-turistica-fan-la-primera-trobada-denguany\/\"},\"author\":{\"name\":\"Turisme Valles\",\"@id\":\"https:\/\/turismevalles.com\/en\/#\/schema\/person\/da3ada7244bbe32fad8e7e8236465a16\"},\"headline\":\"Los Puntos de Informaci\u00f3n Tur\u00edstica realizan el primer encuentro de este a\u00f1o\",\"datePublished\":\"2025-05-26T10:13:58+00:00\",\"dateModified\":\"2025-05-26T10:35:59+00:00\",\"mainEntityOfPage\":{\"@id\":\"https:\/\/turismevalles.com\/es\/els-punts-dinformacio-turistica-fan-la-primera-trobada-denguany\/\"},\"wordCount\":349,\"commentCount\":0,\"publisher\":{\"@id\":\"https:\/\/turismevalles.com\/en\/#organization\"},\"image\":{\"@id\":\"https:\/\/turismevalles.com\/es\/els-punts-dinformacio-turistica-fan-la-primera-trobada-denguany\/#primaryimage\"},\"thumbnailUrl\":\"https:\/\/turismevalles.com\/wp-content\/uploads\/2025\/05\/YDRAY-Family2-scaled.jpeg\",\"keywords\":[\"Natura\",\"Puntos de Informaci\u00f3n Tur\u00edstica\",\"Sant Esteve de Palautordera\"],\"articleSection\":[\"Sin categorizar\"],\"inLanguage\":\"es\",\"potentialAction\":[{\"@type\":\"CommentAction\",\"name\":\"Comment\",\"target\":[\"https:\/\/turismevalles.com\/es\/els-punts-dinformacio-turistica-fan-la-primera-trobada-denguany\/#respond\"]}]},{\"@type\":\"WebPage\",\"@id\":\"https:\/\/turismevalles.com\/es\/els-punts-dinformacio-turistica-fan-la-primera-trobada-denguany\/\",\"url\":\"https:\/\/turismevalles.com\/es\/els-punts-dinformacio-turistica-fan-la-primera-trobada-denguany\/\",\"name\":\"Los Puntos de Informaci\u00f3n Tur\u00edstica realizan el primer encuentro de este a\u00f1o - Turisme Vall\u00e8s\",\"isPartOf\":{\"@id\":\"https:\/\/turismevalles.com\/en\/#website\"},\"primaryImageOfPage\":{\"@id\":\"https:\/\/turismevalles.com\/es\/els-punts-dinformacio-turistica-fan-la-primera-trobada-denguany\/#primaryimage\"},\"image\":{\"@id\":\"https:\/\/turismevalles.com\/es\/els-punts-dinformacio-turistica-fan-la-primera-trobada-denguany\/#primaryimage\"},\"thumbnailUrl\":\"https:\/\/turismevalles.com\/wp-content\/uploads\/2025\/05\/YDRAY-Family2-scaled.jpeg\",\"datePublished\":\"2025-05-26T10:13:58+00:00\",\"dateModified\":\"2025-05-26T10:35:59+00:00\",\"description\":\"Primera trobada de la xarxa de Punts d'Informaci\u00f3 Tur\u00edstica del Vall\u00e8s Oriental 2025. A prop de Barcelona.\",\"breadcrumb\":{\"@id\":\"https:\/\/turismevalles.com\/es\/els-punts-dinformacio-turistica-fan-la-primera-trobada-denguany\/#breadcrumb\"},\"inLanguage\":\"es\",\"potentialAction\":[{\"@type\":\"ReadAction\",\"target\":[\"https:\/\/turismevalles.com\/es\/els-punts-dinformacio-turistica-fan-la-primera-trobada-denguany\/\"]}]},{\"@type\":\"ImageObject\",\"inLanguage\":\"es\",\"@id\":\"https:\/\/turismevalles.com\/es\/els-punts-dinformacio-turistica-fan-la-primera-trobada-denguany\/#primaryimage\",\"url\":\"https:\/\/turismevalles.com\/wp-content\/uploads\/2025\/05\/YDRAY-Family2-scaled.jpeg\",\"contentUrl\":\"https:\/\/turismevalles.com\/wp-content\/uploads\/2025\/05\/YDRAY-Family2-scaled.jpeg\",\"width\":2560,\"height\":1920,\"caption\":\"Els Punts d\u2019Informaci\u00f3 Tur\u00edstica fan la primera trobada d\u2019enguany\"},{\"@type\":\"BreadcrumbList\",\"@id\":\"https:\/\/turismevalles.com\/es\/els-punts-dinformacio-turistica-fan-la-primera-trobada-denguany\/#breadcrumb\",\"itemListElement\":[{\"@type\":\"ListItem\",\"position\":1,\"name\":\"Inicio\",\"item\":\"https:\/\/turismevalles.com\/es\/\"},{\"@type\":\"ListItem\",\"position\":2,\"name\":\"Los Puntos de Informaci\u00f3n Tur\u00edstica realizan el primer encuentro de este a\u00f1o\"}]},{\"@type\":\"WebSite\",\"@id\":\"https:\/\/turismevalles.com\/en\/#website\",\"url\":\"https:\/\/turismevalles.com\/en\/\",\"name\":\"Turisme Vall\u00e8s\",\"description\":\"\",\"publisher\":{\"@id\":\"https:\/\/turismevalles.com\/en\/#organization\"},\"potentialAction\":[{\"@type\":\"SearchAction\",\"target\":{\"@type\":\"EntryPoint\",\"urlTemplate\":\"https:\/\/turismevalles.com\/en\/?s={search_term_string}\"},\"query-input\":{\"@type\":\"PropertyValueSpecification\",\"valueRequired\":true,\"valueName\":\"search_term_string\"}}],\"inLanguage\":\"es\"},{\"@type\":\"Organization\",\"@id\":\"https:\/\/turismevalles.com\/en\/#organization\",\"name\":\"Turisme Vall\u00e8s\",\"url\":\"https:\/\/turismevalles.com\/en\/\",\"logo\":{\"@type\":\"ImageObject\",\"inLanguage\":\"es\",\"@id\":\"https:\/\/turismevalles.com\/en\/#\/schema\/logo\/image\/\",\"url\":\"https:\/\/turismevalles.com\/wp-content\/uploads\/2020\/08\/cropped-logo_ca-2.png\",\"contentUrl\":\"https:\/\/turismevalles.com\/wp-content\/uploads\/2020\/08\/cropped-logo_ca-2.png\",\"width\":314,\"height\":85,\"caption\":\"Turisme Vall\u00e8s\"},\"image\":{\"@id\":\"https:\/\/turismevalles.com\/en\/#\/schema\/logo\/image\/\"}},{\"@type\":\"Person\",\"@id\":\"https:\/\/turismevalles.com\/en\/#\/schema\/person\/da3ada7244bbe32fad8e7e8236465a16\",\"name\":\"Turisme Valles\",\"image\":{\"@type\":\"ImageObject\",\"inLanguage\":\"es\",\"@id\":\"https:\/\/turismevalles.com\/en\/#\/schema\/person\/image\/\",\"url\":\"https:\/\/secure.gravatar.com\/avatar\/7e16883f64cc26bc17bd484e55e43f21867385a5cb8ebdc8b94540485c823a4b?s=96&d=mm&r=g\",\"contentUrl\":\"https:\/\/secure.gravatar.com\/avatar\/7e16883f64cc26bc17bd484e55e43f21867385a5cb8ebdc8b94540485c823a4b?s=96&d=mm&r=g\",\"caption\":\"Turisme Valles\"},\"url\":\"https:\/\/turismevalles.com\/es\/author\/turismevallesoriental\/\"}]}<\/script>\n<!-- \/ Yoast SEO plugin. -->","yoast_head_json":{"title":"Los Puntos de Informaci\u00f3n Tur\u00edstica realizan el primer encuentro de este a\u00f1o - Turisme Vall\u00e8s","description":"Primera trobada de la xarxa de Punts d'Informaci\u00f3 Tur\u00edstica del Vall\u00e8s Oriental 2025. A prop de Barcelona.","robots":{"index":"index","follow":"follow","max-snippet":"max-snippet:-1","max-image-preview":"max-image-preview:large","max-video-preview":"max-video-preview:-1"},"canonical":"https:\/\/turismevalles.com\/es\/els-punts-dinformacio-turistica-fan-la-primera-trobada-denguany\/","og_locale":"es_ES","og_type":"article","og_title":"Los Puntos de Informaci\u00f3n Tur\u00edstica realizan el primer encuentro de este a\u00f1o - Turisme Vall\u00e8s","og_description":"Primera trobada de la xarxa de Punts d'Informaci\u00f3 Tur\u00edstica del Vall\u00e8s Oriental 2025. A prop de Barcelona.","og_url":"https:\/\/turismevalles.com\/es\/els-punts-dinformacio-turistica-fan-la-primera-trobada-denguany\/","og_site_name":"Turisme Vall\u00e8s","article_published_time":"2025-05-26T10:13:58+00:00","article_modified_time":"2025-05-26T10:35:59+00:00","og_image":[{"width":2560,"height":1920,"url":"https:\/\/turismevalles.com\/wp-content\/uploads\/2025\/05\/YDRAY-Family2-scaled.jpeg","type":"image\/jpeg"}],"author":"Turisme Valles","twitter_card":"summary_large_image","twitter_misc":{"Escrito por":"Turisme Valles","Tiempo de lectura":"3 minutos"},"schema":{"@context":"https:\/\/schema.org","@graph":[{"@type":"Article","@id":"https:\/\/turismevalles.com\/es\/els-punts-dinformacio-turistica-fan-la-primera-trobada-denguany\/#article","isPartOf":{"@id":"https:\/\/turismevalles.com\/es\/els-punts-dinformacio-turistica-fan-la-primera-trobada-denguany\/"},"author":{"name":"Turisme Valles","@id":"https:\/\/turismevalles.com\/en\/#\/schema\/person\/da3ada7244bbe32fad8e7e8236465a16"},"headline":"Los Puntos de Informaci\u00f3n Tur\u00edstica realizan el primer encuentro de este a\u00f1o","datePublished":"2025-05-26T10:13:58+00:00","dateModified":"2025-05-26T10:35:59+00:00","mainEntityOfPage":{"@id":"https:\/\/turismevalles.com\/es\/els-punts-dinformacio-turistica-fan-la-primera-trobada-denguany\/"},"wordCount":349,"commentCount":0,"publisher":{"@id":"https:\/\/turismevalles.com\/en\/#organization"},"image":{"@id":"https:\/\/turismevalles.com\/es\/els-punts-dinformacio-turistica-fan-la-primera-trobada-denguany\/#primaryimage"},"thumbnailUrl":"https:\/\/turismevalles.com\/wp-content\/uploads\/2025\/05\/YDRAY-Family2-scaled.jpeg","keywords":["Natura","Puntos de Informaci\u00f3n Tur\u00edstica","Sant Esteve de Palautordera"],"articleSection":["Sin categorizar"],"inLanguage":"es","potentialAction":[{"@type":"CommentAction","name":"Comment","target":["https:\/\/turismevalles.com\/es\/els-punts-dinformacio-turistica-fan-la-primera-trobada-denguany\/#respond"]}]},{"@type":"WebPage","@id":"https:\/\/turismevalles.com\/es\/els-punts-dinformacio-turistica-fan-la-primera-trobada-denguany\/","url":"https:\/\/turismevalles.com\/es\/els-punts-dinformacio-turistica-fan-la-primera-trobada-denguany\/","name":"Los Puntos de Informaci\u00f3n Tur\u00edstica realizan el primer encuentro de este a\u00f1o - Turisme Vall\u00e8s","isPartOf":{"@id":"https:\/\/turismevalles.com\/en\/#website"},"primaryImageOfPage":{"@id":"https:\/\/turismevalles.com\/es\/els-punts-dinformacio-turistica-fan-la-primera-trobada-denguany\/#primaryimage"},"image":{"@id":"https:\/\/turismevalles.com\/es\/els-punts-dinformacio-turistica-fan-la-primera-trobada-denguany\/#primaryimage"},"thumbnailUrl":"https:\/\/turismevalles.com\/wp-content\/uploads\/2025\/05\/YDRAY-Family2-scaled.jpeg","datePublished":"2025-05-26T10:13:58+00:00","dateModified":"2025-05-26T10:35:59+00:00","description":"Primera trobada de la xarxa de Punts d'Informaci\u00f3 Tur\u00edstica del Vall\u00e8s Oriental 2025. A prop de Barcelona.","breadcrumb":{"@id":"https:\/\/turismevalles.com\/es\/els-punts-dinformacio-turistica-fan-la-primera-trobada-denguany\/#breadcrumb"},"inLanguage":"es","potentialAction":[{"@type":"ReadAction","target":["https:\/\/turismevalles.com\/es\/els-punts-dinformacio-turistica-fan-la-primera-trobada-denguany\/"]}]},{"@type":"ImageObject","inLanguage":"es","@id":"https:\/\/turismevalles.com\/es\/els-punts-dinformacio-turistica-fan-la-primera-trobada-denguany\/#primaryimage","url":"https:\/\/turismevalles.com\/wp-content\/uploads\/2025\/05\/YDRAY-Family2-scaled.jpeg","contentUrl":"https:\/\/turismevalles.com\/wp-content\/uploads\/2025\/05\/YDRAY-Family2-scaled.jpeg","width":2560,"height":1920,"caption":"Els Punts d\u2019Informaci\u00f3 Tur\u00edstica fan la primera trobada d\u2019enguany"},{"@type":"BreadcrumbList","@id":"https:\/\/turismevalles.com\/es\/els-punts-dinformacio-turistica-fan-la-primera-trobada-denguany\/#breadcrumb","itemListElement":[{"@type":"ListItem","position":1,"name":"Inicio","item":"https:\/\/turismevalles.com\/es\/"},{"@type":"ListItem","position":2,"name":"Los Puntos de Informaci\u00f3n Tur\u00edstica realizan el primer encuentro de este a\u00f1o"}]},{"@type":"WebSite","@id":"https:\/\/turismevalles.com\/en\/#website","url":"https:\/\/turismevalles.com\/en\/","name":"Turisme Vall\u00e8s","description":"","publisher":{"@id":"https:\/\/turismevalles.com\/en\/#organization"},"potentialAction":[{"@type":"SearchAction","target":{"@type":"EntryPoint","urlTemplate":"https:\/\/turismevalles.com\/en\/?s={search_term_string}"},"query-input":{"@type":"PropertyValueSpecification","valueRequired":true,"valueName":"search_term_string"}}],"inLanguage":"es"},{"@type":"Organization","@id":"https:\/\/turismevalles.com\/en\/#organization","name":"Turisme Vall\u00e8s","url":"https:\/\/turismevalles.com\/en\/","logo":{"@type":"ImageObject","inLanguage":"es","@id":"https:\/\/turismevalles.com\/en\/#\/schema\/logo\/image\/","url":"https:\/\/turismevalles.com\/wp-content\/uploads\/2020\/08\/cropped-logo_ca-2.png","contentUrl":"https:\/\/turismevalles.com\/wp-content\/uploads\/2020\/08\/cropped-logo_ca-2.png","width":314,"height":85,"caption":"Turisme Vall\u00e8s"},"image":{"@id":"https:\/\/turismevalles.com\/en\/#\/schema\/logo\/image\/"}},{"@type":"Person","@id":"https:\/\/turismevalles.com\/en\/#\/schema\/person\/da3ada7244bbe32fad8e7e8236465a16","name":"Turisme Valles","image":{"@type":"ImageObject","inLanguage":"es","@id":"https:\/\/turismevalles.com\/en\/#\/schema\/person\/image\/","url":"https:\/\/secure.gravatar.com\/avatar\/7e16883f64cc26bc17bd484e55e43f21867385a5cb8ebdc8b94540485c823a4b?s=96&d=mm&r=g","contentUrl":"https:\/\/secure.gravatar.com\/avatar\/7e16883f64cc26bc17bd484e55e43f21867385a5cb8ebdc8b94540485c823a4b?s=96&d=mm&r=g","caption":"Turisme Valles"},"url":"https:\/\/turismevalles.com\/es\/author\/turismevallesoriental\/"}]}},"uagb_featured_image_src":{"full":["https:\/\/turismevalles.com\/wp-content\/uploads\/2025\/05\/YDRAY-Family2-scaled.jpeg",2560,1920,false],"thumbnail":["https:\/\/turismevalles.com\/wp-content\/uploads\/2025\/05\/YDRAY-Family2-150x150.jpeg",150,150,true],"medium":["https:\/\/turismevalles.com\/wp-content\/uploads\/2025\/05\/YDRAY-Family2-300x225.jpeg",300,225,true],"medium_large":["https:\/\/turismevalles.com\/wp-content\/uploads\/2025\/05\/YDRAY-Family2-768x576.jpeg",768,576,true],"large":["https:\/\/turismevalles.com\/wp-content\/uploads\/2025\/05\/YDRAY-Family2-1024x768.jpeg",1024,768,true],"thumblist":["https:\/\/turismevalles.com\/wp-content\/uploads\/2025\/05\/YDRAY-Family2-300x300.jpeg",300,300,true],"meccarouselthumb":["https:\/\/turismevalles.com\/wp-content\/uploads\/2025\/05\/YDRAY-Family2-474x324.jpeg",474,324,true],"gridsquare":["https:\/\/turismevalles.com\/wp-content\/uploads\/2025\/05\/YDRAY-Family2-391x260.jpeg",391,260,true],"tileview":["https:\/\/turismevalles.com\/wp-content\/uploads\/2025\/05\/YDRAY-Family2-300x400.jpeg",300,400,true],"1536x1536":["https:\/\/turismevalles.com\/wp-content\/uploads\/2025\/05\/YDRAY-Family2-1536x1152.jpeg",1536,1152,true],"2048x2048":["https:\/\/turismevalles.com\/wp-content\/uploads\/2025\/05\/YDRAY-Family2-2048x1536.jpeg",2048,1536,true]},"uagb_author_info":{"display_name":"Turisme Valles","author_link":"https:\/\/turismevalles.com\/es\/author\/turismevallesoriental\/"},"uagb_comment_info":0,"uagb_excerpt":"El pasado mi\u00e9rcoles d\u00eda 21 de Mayo de 2025 se celebr\u00f3 la primera Descubierta del Entorno del programa Puntos de Informaci\u00f3n Tur\u00edstica del Vall\u00e8s Oriental ... Veure m\u00e9s","_links":{"self":[{"href":"https:\/\/turismevalles.com\/es\/wp-json\/wp\/v2\/posts\/63276","targetHints":{"allow":["GET"]}}],"collection":[{"href":"https:\/\/turismevalles.com\/es\/wp-json\/wp\/v2\/posts"}],"about":[{"href":"https:\/\/turismevalles.com\/es\/wp-json\/wp\/v2\/types\/post"}],"author":[{"embeddable":true,"href":"https:\/\/turismevalles.com\/es\/wp-json\/wp\/v2\/users\/5"}],"replies":[{"embeddable":true,"href":"https:\/\/turismevalles.com\/es\/wp-json\/wp\/v2\/comments?post=63276"}],"version-history":[{"count":0,"href":"https:\/\/turismevalles.com\/es\/wp-json\/wp\/v2\/posts\/63276\/revisions"}],"wp:featuredmedia":[{"embeddable":true,"href":"https:\/\/turismevalles.com\/es\/wp-json\/wp\/v2\/media\/63260"}],"wp:attachment":[{"href":"https:\/\/turismevalles.com\/es\/wp-json\/wp\/v2\/media?parent=63276"}],"wp:term":[{"taxonomy":"category","embeddable":true,"href":"https:\/\/turismevalles.com\/es\/wp-json\/wp\/v2\/categories?post=63276"},{"taxonomy":"post_tag","embeddable":true,"href":"https:\/\/turismevalles.com\/es\/wp-json\/wp\/v2\/tags?post=63276"}],"curies":[{"name":"wp","href":"https:\/\/api.w.org\/{rel}","templated":true}]}}