{"id":64170,"date":"2025-07-01T11:47:19","date_gmt":"2025-07-01T09:47:19","guid":{"rendered":"https:\/\/turismevalles.com\/?p=64170"},"modified":"2025-07-01T12:11:20","modified_gmt":"2025-07-01T10:11:20","slug":"gente-viajera-visita-el-valles-oriental","status":"publish","type":"post","link":"https:\/\/turismevalles.com\/es\/gente-viajera-visita-el-valles-oriental\/","title":{"rendered":"Gente Viajera visita el Vall\u00e8s Oriental"},"content":{"rendered":"\n<p>El pasado viernes, 27 de junio, los miembros del programa <strong>Gente Viajera de Onda Cero <\/strong>visitaron alguno de los recursos tur\u00edsticos de la comarca.<\/p>\n\n\n\n<p>La visita estaba enmarcada dentro del programa del s\u00e1bado d\u00eda 28 de junio, que realizaron en directo desde el municipio de <strong>Caldes de Montbui<\/strong>. Esta acci\u00f3n, organizada por la Gerencia de Servicios de Turismo de la Diputaci\u00f3n de Barcelona, quer\u00eda dar a conocer las diferentes propuestas que existen en la provincia de Barcelona: \u00a1naturaleza, cultura, termalismo, modernismo, gastronom\u00eda, deportes y mucho m\u00e1s!<\/p>\n\n\n<div class=\"wp-block-image\">\n<figure class=\"aligncenter size-large is-resized\"><img loading=\"lazy\" decoding=\"async\" width=\"1024\" height=\"768\" src=\"https:\/\/turismevalles.com\/wp-content\/uploads\/2025\/07\/000_Museu_Arxiu_Tomas_Balvey_Cardedeu-1024x768.jpg\" alt=\"\" class=\"wp-image-64148\" style=\"width:864px;height:auto\" srcset=\"https:\/\/turismevalles.com\/wp-content\/uploads\/2025\/07\/000_Museu_Arxiu_Tomas_Balvey_Cardedeu-1024x768.jpg 1024w, https:\/\/turismevalles.com\/wp-content\/uploads\/2025\/07\/000_Museu_Arxiu_Tomas_Balvey_Cardedeu-300x225.jpg 300w, https:\/\/turismevalles.com\/wp-content\/uploads\/2025\/07\/000_Museu_Arxiu_Tomas_Balvey_Cardedeu-768x576.jpg 768w, https:\/\/turismevalles.com\/wp-content\/uploads\/2025\/07\/000_Museu_Arxiu_Tomas_Balvey_Cardedeu-1536x1152.jpg 1536w, https:\/\/turismevalles.com\/wp-content\/uploads\/2025\/07\/000_Museu_Arxiu_Tomas_Balvey_Cardedeu-2048x1536.jpg 2048w\" sizes=\"auto, (max-width: 1024px) 100vw, 1024px\" \/><figcaption class=\"wp-element-caption\">Museu Arxiu Tom\u00e0s Balvey de Cardedeu<\/figcaption><\/figure><\/div>\n\n\n<p>Carles Lamelo y su equipo visitaron el <strong>Museo Archivo Tom\u00e0s Balvey<\/strong> <strong>de Cardedeu<\/strong>, donde descubrieron la Farmacia Balvey, una de las farmacias rurales m\u00e1s antiguas de Europa, y conocieron a la persona de su fundador. Tambi\u00e9n visitaron el municipio termal de <strong>La Garriga<\/strong>, donde pudieron degustar la gastronom\u00eda comarcal en el <strong>restaurante El Rac\u00f3<\/strong>, contemplar el patrimonio modernista y disfrutar de sus aguas termales en el <strong>Hotel Balneari Blancafort<\/strong>. Para finalizar visitaron las propuestas que Caldes de Montbui ofrece a los visitantes como son el <strong>Museo Thermalia<\/strong>, las <strong>termas Romanas<\/strong> o el <strong>lavadero terma<\/strong>l. Tambi\u00e9n tuvieron la oportunidad de probar las aguas de <strong>Espai Cel<\/strong> del <strong>Balneari Termes Vict\u00f2ria<\/strong>.<\/p>\n\n\n\n<figure class=\"wp-block-gallery has-nested-images columns-default is-cropped wp-block-gallery-2 is-layout-flex wp-block-gallery-is-layout-flex\">\n<figure class=\"wp-block-image size-large\"><img loading=\"lazy\" decoding=\"async\" width=\"1024\" height=\"768\" data-id=\"64152\" src=\"https:\/\/turismevalles.com\/wp-content\/uploads\/2025\/07\/001_Restaurant_El_Raco_01-1024x768.jpg\" alt=\"\" class=\"wp-image-64152\" srcset=\"https:\/\/turismevalles.com\/wp-content\/uploads\/2025\/07\/001_Restaurant_El_Raco_01-1024x768.jpg 1024w, https:\/\/turismevalles.com\/wp-content\/uploads\/2025\/07\/001_Restaurant_El_Raco_01-300x225.jpg 300w, https:\/\/turismevalles.com\/wp-content\/uploads\/2025\/07\/001_Restaurant_El_Raco_01-768x576.jpg 768w, https:\/\/turismevalles.com\/wp-content\/uploads\/2025\/07\/001_Restaurant_El_Raco_01-1536x1152.jpg 1536w, https:\/\/turismevalles.com\/wp-content\/uploads\/2025\/07\/001_Restaurant_El_Raco_01-2048x1536.jpg 2048w\" sizes=\"auto, (max-width: 1024px) 100vw, 1024px\" \/><figcaption class=\"wp-element-caption\">Restaurant El Rac\u00f3 de La Garriga<\/figcaption><\/figure>\n\n\n\n<figure class=\"wp-block-image size-large\"><img loading=\"lazy\" decoding=\"async\" width=\"1024\" height=\"768\" data-id=\"64156\" src=\"https:\/\/turismevalles.com\/wp-content\/uploads\/2025\/07\/002_Hotel_Balneari_Blancafort_01-1024x768.jpg\" alt=\"\" class=\"wp-image-64156\" srcset=\"https:\/\/turismevalles.com\/wp-content\/uploads\/2025\/07\/002_Hotel_Balneari_Blancafort_01-1024x768.jpg 1024w, https:\/\/turismevalles.com\/wp-content\/uploads\/2025\/07\/002_Hotel_Balneari_Blancafort_01-300x225.jpg 300w, https:\/\/turismevalles.com\/wp-content\/uploads\/2025\/07\/002_Hotel_Balneari_Blancafort_01-768x576.jpg 768w, https:\/\/turismevalles.com\/wp-content\/uploads\/2025\/07\/002_Hotel_Balneari_Blancafort_01-1536x1152.jpg 1536w, https:\/\/turismevalles.com\/wp-content\/uploads\/2025\/07\/002_Hotel_Balneari_Blancafort_01-2048x1536.jpg 2048w\" sizes=\"auto, (max-width: 1024px) 100vw, 1024px\" \/><figcaption class=\"wp-element-caption\">Hotel Balneari Blancafort de La Garriga<\/figcaption><\/figure>\n<\/figure>\n\n\n\n<p>El presidente del Consell Comarcal del Vall\u00e8s Orienta, el Sr. <strong>Emilio Cordero<\/strong> particip\u00f3 en el programa y puso de relevancia todo el trabajo y la apuesta que se hace desde la comarca por el turismo sostenible y el producto de proximidad como el aceite Vera, las legumbres o los tomates, entre otros. Tambi\u00e9n explic\u00f3 la <a href=\"https:\/\/turismevalles.com\/ruta-gravel-del-valles-oriental\/\" target=\"_blank\" rel=\"noreferrer noopener\">Ruta de Gravel de El Vall\u00e8s Oriental<\/a>, una propuesta para los amantes del cicloturismo que permite conocer la comarca a partir de sus seis etapas.<\/p>\n\n\n<div class=\"wp-block-image\">\n<figure class=\"aligncenter size-large is-resized\"><img loading=\"lazy\" decoding=\"async\" width=\"1024\" height=\"768\" src=\"https:\/\/turismevalles.com\/wp-content\/uploads\/2025\/07\/003_Caldes_de_Montbui_02-1024x768.jpg\" alt=\"\" class=\"wp-image-64160\" style=\"width:846px;height:auto\" srcset=\"https:\/\/turismevalles.com\/wp-content\/uploads\/2025\/07\/003_Caldes_de_Montbui_02-1024x768.jpg 1024w, https:\/\/turismevalles.com\/wp-content\/uploads\/2025\/07\/003_Caldes_de_Montbui_02-300x225.jpg 300w, https:\/\/turismevalles.com\/wp-content\/uploads\/2025\/07\/003_Caldes_de_Montbui_02-768x576.jpg 768w, https:\/\/turismevalles.com\/wp-content\/uploads\/2025\/07\/003_Caldes_de_Montbui_02-1536x1152.jpg 1536w, https:\/\/turismevalles.com\/wp-content\/uploads\/2025\/07\/003_Caldes_de_Montbui_02-2048x1536.jpg 2048w\" sizes=\"auto, (max-width: 1024px) 100vw, 1024px\" \/><figcaption class=\"wp-element-caption\">Museu Thermalia de Caldes de Montbui<\/figcaption><\/figure><\/div>\n\n\n<p>Pod\u00e9is escuchar el programa en el <a href=\"https:\/\/www.ondacero.es\/programas\/gente-viajera\/programas-completos\/\">siguiente vinculo.<\/a><\/p>\n\n\n\n<p>M\u00e1s infromaci\u00f3n en el <a href=\"https:\/\/www.ondacero.es\/programas\/gente-viajera\/descubre-caldes-montbui-gente-viajera-villas-termales-mas-antiguas-cataluna_20250625685bd3f1547022707af7bc61.html\" target=\"_blank\" rel=\"noreferrer noopener\">siguiente vinculo<\/a><\/p>\n\n\n\n<p><\/p>\n","protected":false},"excerpt":{"rendered":"<p>El pasado viernes, 27 de junio, los miembros del programa Gente Viajera de Onda Cero visitaron alguno de los recursos tur\u00edsticos de la comarca. La &#8230; <a title=\"Gente Viajera visita el Vall\u00e8s Oriental\" class=\"read-more\" href=\"https:\/\/turismevalles.com\/es\/gente-viajera-visita-el-valles-oriental\/\" aria-label=\"M\u00e1s en Gente Viajera visita el Vall\u00e8s Oriental\">Veure m\u00e9s<\/a><\/p>\n","protected":false},"author":5,"featured_media":64169,"comment_status":"open","ping_status":"closed","sticky":false,"template":"","format":"standard","meta":{"_acf_changed":false,"inline_featured_image":false,"_uag_custom_page_level_css":"","footnotes":""},"categories":[114],"tags":[2833,2834,2681],"class_list":["post-64170","post","type-post","status-publish","format-standard","has-post-thumbnail","hentry","category-sin-categorizar","tag-gente-viajera-es","tag-onda-cero-es","tag-termalisme-es","generate-columns","tablet-grid-50","mobile-grid-100","grid-parent","grid-33"],"acf":[],"yoast_head":"<!-- This site is optimized with the Yoast SEO plugin v26.4 - https:\/\/yoast.com\/wordpress\/plugins\/seo\/ -->\n<title>Gente Viajera visita el Vall\u00e8s Oriental - Turisme Vall\u00e8s<\/title>\n<meta name=\"description\" content=\"Los miembros del programa Gente Viajera de Onda Cero visitaron alguno de los recursos tur\u00edsticos de la comarca.\" \/>\n<meta name=\"robots\" content=\"index, follow, max-snippet:-1, max-image-preview:large, max-video-preview:-1\" \/>\n<link rel=\"canonical\" href=\"https:\/\/turismevalles.com\/es\/gente-viajera-visita-el-valles-oriental\/\" \/>\n<meta property=\"og:locale\" content=\"es_ES\" \/>\n<meta property=\"og:type\" content=\"article\" \/>\n<meta property=\"og:title\" content=\"Gente Viajera visita el Vall\u00e8s Oriental - Turisme Vall\u00e8s\" \/>\n<meta property=\"og:description\" content=\"Los miembros del programa Gente Viajera de Onda Cero visitaron alguno de los recursos tur\u00edsticos de la comarca.\" \/>\n<meta property=\"og:url\" content=\"https:\/\/turismevalles.com\/es\/gente-viajera-visita-el-valles-oriental\/\" \/>\n<meta property=\"og:site_name\" content=\"Turisme Vall\u00e8s\" \/>\n<meta property=\"article:published_time\" content=\"2025-07-01T09:47:19+00:00\" \/>\n<meta property=\"article:modified_time\" content=\"2025-07-01T10:11:20+00:00\" \/>\n<meta property=\"og:image\" content=\"https:\/\/turismevalles.com\/wp-content\/uploads\/2025\/07\/descubre-caldes-montbui-gente-viajera-villas-termales-mas-antiguas-cataluna_96-1.webp\" \/>\n\t<meta property=\"og:image:width\" content=\"1200\" \/>\n\t<meta property=\"og:image:height\" content=\"675\" \/>\n\t<meta property=\"og:image:type\" content=\"image\/webp\" \/>\n<meta name=\"author\" content=\"Turisme Valles\" \/>\n<meta name=\"twitter:card\" content=\"summary_large_image\" \/>\n<meta name=\"twitter:label1\" content=\"Escrito por\" \/>\n\t<meta name=\"twitter:data1\" content=\"Turisme Valles\" \/>\n\t<meta name=\"twitter:label2\" content=\"Tiempo de lectura\" \/>\n\t<meta name=\"twitter:data2\" content=\"3 minutos\" \/>\n<script type=\"application\/ld+json\" class=\"yoast-schema-graph\">{\"@context\":\"https:\/\/schema.org\",\"@graph\":[{\"@type\":\"Article\",\"@id\":\"https:\/\/turismevalles.com\/es\/gente-viajera-visita-el-valles-oriental\/#article\",\"isPartOf\":{\"@id\":\"https:\/\/turismevalles.com\/es\/gente-viajera-visita-el-valles-oriental\/\"},\"author\":{\"name\":\"Turisme Valles\",\"@id\":\"https:\/\/turismevalles.com\/en\/#\/schema\/person\/da3ada7244bbe32fad8e7e8236465a16\"},\"headline\":\"Gente Viajera visita el Vall\u00e8s Oriental\",\"datePublished\":\"2025-07-01T09:47:19+00:00\",\"dateModified\":\"2025-07-01T10:11:20+00:00\",\"mainEntityOfPage\":{\"@id\":\"https:\/\/turismevalles.com\/es\/gente-viajera-visita-el-valles-oriental\/\"},\"wordCount\":339,\"commentCount\":0,\"publisher\":{\"@id\":\"https:\/\/turismevalles.com\/en\/#organization\"},\"image\":{\"@id\":\"https:\/\/turismevalles.com\/es\/gente-viajera-visita-el-valles-oriental\/#primaryimage\"},\"thumbnailUrl\":\"https:\/\/turismevalles.com\/wp-content\/uploads\/2025\/07\/descubre-caldes-montbui-gente-viajera-villas-termales-mas-antiguas-cataluna_96-1.webp\",\"keywords\":[\"Gente Viajera\",\"Onda Cero\",\"termalisme\"],\"articleSection\":[\"Sin categorizar\"],\"inLanguage\":\"es\",\"potentialAction\":[{\"@type\":\"CommentAction\",\"name\":\"Comment\",\"target\":[\"https:\/\/turismevalles.com\/es\/gente-viajera-visita-el-valles-oriental\/#respond\"]}]},{\"@type\":\"WebPage\",\"@id\":\"https:\/\/turismevalles.com\/es\/gente-viajera-visita-el-valles-oriental\/\",\"url\":\"https:\/\/turismevalles.com\/es\/gente-viajera-visita-el-valles-oriental\/\",\"name\":\"Gente Viajera visita el Vall\u00e8s Oriental - Turisme Vall\u00e8s\",\"isPartOf\":{\"@id\":\"https:\/\/turismevalles.com\/en\/#website\"},\"primaryImageOfPage\":{\"@id\":\"https:\/\/turismevalles.com\/es\/gente-viajera-visita-el-valles-oriental\/#primaryimage\"},\"image\":{\"@id\":\"https:\/\/turismevalles.com\/es\/gente-viajera-visita-el-valles-oriental\/#primaryimage\"},\"thumbnailUrl\":\"https:\/\/turismevalles.com\/wp-content\/uploads\/2025\/07\/descubre-caldes-montbui-gente-viajera-villas-termales-mas-antiguas-cataluna_96-1.webp\",\"datePublished\":\"2025-07-01T09:47:19+00:00\",\"dateModified\":\"2025-07-01T10:11:20+00:00\",\"description\":\"Los miembros del programa Gente Viajera de Onda Cero visitaron alguno de los recursos tur\u00edsticos de la comarca.\",\"breadcrumb\":{\"@id\":\"https:\/\/turismevalles.com\/es\/gente-viajera-visita-el-valles-oriental\/#breadcrumb\"},\"inLanguage\":\"es\",\"potentialAction\":[{\"@type\":\"ReadAction\",\"target\":[\"https:\/\/turismevalles.com\/es\/gente-viajera-visita-el-valles-oriental\/\"]}]},{\"@type\":\"ImageObject\",\"inLanguage\":\"es\",\"@id\":\"https:\/\/turismevalles.com\/es\/gente-viajera-visita-el-valles-oriental\/#primaryimage\",\"url\":\"https:\/\/turismevalles.com\/wp-content\/uploads\/2025\/07\/descubre-caldes-montbui-gente-viajera-villas-termales-mas-antiguas-cataluna_96-1.webp\",\"contentUrl\":\"https:\/\/turismevalles.com\/wp-content\/uploads\/2025\/07\/descubre-caldes-montbui-gente-viajera-villas-termales-mas-antiguas-cataluna_96-1.webp\",\"width\":1200,\"height\":675,\"caption\":\"Gente Viajera - Caldes de Montbui\"},{\"@type\":\"BreadcrumbList\",\"@id\":\"https:\/\/turismevalles.com\/es\/gente-viajera-visita-el-valles-oriental\/#breadcrumb\",\"itemListElement\":[{\"@type\":\"ListItem\",\"position\":1,\"name\":\"Inicio\",\"item\":\"https:\/\/turismevalles.com\/es\/\"},{\"@type\":\"ListItem\",\"position\":2,\"name\":\"Gente Viajera visita el Vall\u00e8s Oriental\"}]},{\"@type\":\"WebSite\",\"@id\":\"https:\/\/turismevalles.com\/en\/#website\",\"url\":\"https:\/\/turismevalles.com\/en\/\",\"name\":\"Turisme Vall\u00e8s\",\"description\":\"\",\"publisher\":{\"@id\":\"https:\/\/turismevalles.com\/en\/#organization\"},\"potentialAction\":[{\"@type\":\"SearchAction\",\"target\":{\"@type\":\"EntryPoint\",\"urlTemplate\":\"https:\/\/turismevalles.com\/en\/?s={search_term_string}\"},\"query-input\":{\"@type\":\"PropertyValueSpecification\",\"valueRequired\":true,\"valueName\":\"search_term_string\"}}],\"inLanguage\":\"es\"},{\"@type\":\"Organization\",\"@id\":\"https:\/\/turismevalles.com\/en\/#organization\",\"name\":\"Turisme Vall\u00e8s\",\"url\":\"https:\/\/turismevalles.com\/en\/\",\"logo\":{\"@type\":\"ImageObject\",\"inLanguage\":\"es\",\"@id\":\"https:\/\/turismevalles.com\/en\/#\/schema\/logo\/image\/\",\"url\":\"https:\/\/turismevalles.com\/wp-content\/uploads\/2020\/08\/cropped-logo_ca-2.png\",\"contentUrl\":\"https:\/\/turismevalles.com\/wp-content\/uploads\/2020\/08\/cropped-logo_ca-2.png\",\"width\":314,\"height\":85,\"caption\":\"Turisme Vall\u00e8s\"},\"image\":{\"@id\":\"https:\/\/turismevalles.com\/en\/#\/schema\/logo\/image\/\"}},{\"@type\":\"Person\",\"@id\":\"https:\/\/turismevalles.com\/en\/#\/schema\/person\/da3ada7244bbe32fad8e7e8236465a16\",\"name\":\"Turisme Valles\",\"image\":{\"@type\":\"ImageObject\",\"inLanguage\":\"es\",\"@id\":\"https:\/\/turismevalles.com\/en\/#\/schema\/person\/image\/\",\"url\":\"https:\/\/secure.gravatar.com\/avatar\/7e16883f64cc26bc17bd484e55e43f21867385a5cb8ebdc8b94540485c823a4b?s=96&d=mm&r=g\",\"contentUrl\":\"https:\/\/secure.gravatar.com\/avatar\/7e16883f64cc26bc17bd484e55e43f21867385a5cb8ebdc8b94540485c823a4b?s=96&d=mm&r=g\",\"caption\":\"Turisme Valles\"},\"url\":\"https:\/\/turismevalles.com\/es\/author\/turismevallesoriental\/\"}]}<\/script>\n<!-- \/ Yoast SEO plugin. -->","yoast_head_json":{"title":"Gente Viajera visita el Vall\u00e8s Oriental - Turisme Vall\u00e8s","description":"Los miembros del programa Gente Viajera de Onda Cero visitaron alguno de los recursos tur\u00edsticos de la comarca.","robots":{"index":"index","follow":"follow","max-snippet":"max-snippet:-1","max-image-preview":"max-image-preview:large","max-video-preview":"max-video-preview:-1"},"canonical":"https:\/\/turismevalles.com\/es\/gente-viajera-visita-el-valles-oriental\/","og_locale":"es_ES","og_type":"article","og_title":"Gente Viajera visita el Vall\u00e8s Oriental - Turisme Vall\u00e8s","og_description":"Los miembros del programa Gente Viajera de Onda Cero visitaron alguno de los recursos tur\u00edsticos de la comarca.","og_url":"https:\/\/turismevalles.com\/es\/gente-viajera-visita-el-valles-oriental\/","og_site_name":"Turisme Vall\u00e8s","article_published_time":"2025-07-01T09:47:19+00:00","article_modified_time":"2025-07-01T10:11:20+00:00","og_image":[{"width":1200,"height":675,"url":"https:\/\/turismevalles.com\/wp-content\/uploads\/2025\/07\/descubre-caldes-montbui-gente-viajera-villas-termales-mas-antiguas-cataluna_96-1.webp","type":"image\/webp"}],"author":"Turisme Valles","twitter_card":"summary_large_image","twitter_misc":{"Escrito por":"Turisme Valles","Tiempo de lectura":"3 minutos"},"schema":{"@context":"https:\/\/schema.org","@graph":[{"@type":"Article","@id":"https:\/\/turismevalles.com\/es\/gente-viajera-visita-el-valles-oriental\/#article","isPartOf":{"@id":"https:\/\/turismevalles.com\/es\/gente-viajera-visita-el-valles-oriental\/"},"author":{"name":"Turisme Valles","@id":"https:\/\/turismevalles.com\/en\/#\/schema\/person\/da3ada7244bbe32fad8e7e8236465a16"},"headline":"Gente Viajera visita el Vall\u00e8s Oriental","datePublished":"2025-07-01T09:47:19+00:00","dateModified":"2025-07-01T10:11:20+00:00","mainEntityOfPage":{"@id":"https:\/\/turismevalles.com\/es\/gente-viajera-visita-el-valles-oriental\/"},"wordCount":339,"commentCount":0,"publisher":{"@id":"https:\/\/turismevalles.com\/en\/#organization"},"image":{"@id":"https:\/\/turismevalles.com\/es\/gente-viajera-visita-el-valles-oriental\/#primaryimage"},"thumbnailUrl":"https:\/\/turismevalles.com\/wp-content\/uploads\/2025\/07\/descubre-caldes-montbui-gente-viajera-villas-termales-mas-antiguas-cataluna_96-1.webp","keywords":["Gente Viajera","Onda Cero","termalisme"],"articleSection":["Sin categorizar"],"inLanguage":"es","potentialAction":[{"@type":"CommentAction","name":"Comment","target":["https:\/\/turismevalles.com\/es\/gente-viajera-visita-el-valles-oriental\/#respond"]}]},{"@type":"WebPage","@id":"https:\/\/turismevalles.com\/es\/gente-viajera-visita-el-valles-oriental\/","url":"https:\/\/turismevalles.com\/es\/gente-viajera-visita-el-valles-oriental\/","name":"Gente Viajera visita el Vall\u00e8s Oriental - Turisme Vall\u00e8s","isPartOf":{"@id":"https:\/\/turismevalles.com\/en\/#website"},"primaryImageOfPage":{"@id":"https:\/\/turismevalles.com\/es\/gente-viajera-visita-el-valles-oriental\/#primaryimage"},"image":{"@id":"https:\/\/turismevalles.com\/es\/gente-viajera-visita-el-valles-oriental\/#primaryimage"},"thumbnailUrl":"https:\/\/turismevalles.com\/wp-content\/uploads\/2025\/07\/descubre-caldes-montbui-gente-viajera-villas-termales-mas-antiguas-cataluna_96-1.webp","datePublished":"2025-07-01T09:47:19+00:00","dateModified":"2025-07-01T10:11:20+00:00","description":"Los miembros del programa Gente Viajera de Onda Cero visitaron alguno de los recursos tur\u00edsticos de la comarca.","breadcrumb":{"@id":"https:\/\/turismevalles.com\/es\/gente-viajera-visita-el-valles-oriental\/#breadcrumb"},"inLanguage":"es","potentialAction":[{"@type":"ReadAction","target":["https:\/\/turismevalles.com\/es\/gente-viajera-visita-el-valles-oriental\/"]}]},{"@type":"ImageObject","inLanguage":"es","@id":"https:\/\/turismevalles.com\/es\/gente-viajera-visita-el-valles-oriental\/#primaryimage","url":"https:\/\/turismevalles.com\/wp-content\/uploads\/2025\/07\/descubre-caldes-montbui-gente-viajera-villas-termales-mas-antiguas-cataluna_96-1.webp","contentUrl":"https:\/\/turismevalles.com\/wp-content\/uploads\/2025\/07\/descubre-caldes-montbui-gente-viajera-villas-termales-mas-antiguas-cataluna_96-1.webp","width":1200,"height":675,"caption":"Gente Viajera - Caldes de Montbui"},{"@type":"BreadcrumbList","@id":"https:\/\/turismevalles.com\/es\/gente-viajera-visita-el-valles-oriental\/#breadcrumb","itemListElement":[{"@type":"ListItem","position":1,"name":"Inicio","item":"https:\/\/turismevalles.com\/es\/"},{"@type":"ListItem","position":2,"name":"Gente Viajera visita el Vall\u00e8s Oriental"}]},{"@type":"WebSite","@id":"https:\/\/turismevalles.com\/en\/#website","url":"https:\/\/turismevalles.com\/en\/","name":"Turisme Vall\u00e8s","description":"","publisher":{"@id":"https:\/\/turismevalles.com\/en\/#organization"},"potentialAction":[{"@type":"SearchAction","target":{"@type":"EntryPoint","urlTemplate":"https:\/\/turismevalles.com\/en\/?s={search_term_string}"},"query-input":{"@type":"PropertyValueSpecification","valueRequired":true,"valueName":"search_term_string"}}],"inLanguage":"es"},{"@type":"Organization","@id":"https:\/\/turismevalles.com\/en\/#organization","name":"Turisme Vall\u00e8s","url":"https:\/\/turismevalles.com\/en\/","logo":{"@type":"ImageObject","inLanguage":"es","@id":"https:\/\/turismevalles.com\/en\/#\/schema\/logo\/image\/","url":"https:\/\/turismevalles.com\/wp-content\/uploads\/2020\/08\/cropped-logo_ca-2.png","contentUrl":"https:\/\/turismevalles.com\/wp-content\/uploads\/2020\/08\/cropped-logo_ca-2.png","width":314,"height":85,"caption":"Turisme Vall\u00e8s"},"image":{"@id":"https:\/\/turismevalles.com\/en\/#\/schema\/logo\/image\/"}},{"@type":"Person","@id":"https:\/\/turismevalles.com\/en\/#\/schema\/person\/da3ada7244bbe32fad8e7e8236465a16","name":"Turisme Valles","image":{"@type":"ImageObject","inLanguage":"es","@id":"https:\/\/turismevalles.com\/en\/#\/schema\/person\/image\/","url":"https:\/\/secure.gravatar.com\/avatar\/7e16883f64cc26bc17bd484e55e43f21867385a5cb8ebdc8b94540485c823a4b?s=96&d=mm&r=g","contentUrl":"https:\/\/secure.gravatar.com\/avatar\/7e16883f64cc26bc17bd484e55e43f21867385a5cb8ebdc8b94540485c823a4b?s=96&d=mm&r=g","caption":"Turisme Valles"},"url":"https:\/\/turismevalles.com\/es\/author\/turismevallesoriental\/"}]}},"uagb_featured_image_src":{"full":["https:\/\/turismevalles.com\/wp-content\/uploads\/2025\/07\/descubre-caldes-montbui-gente-viajera-villas-termales-mas-antiguas-cataluna_96-1.webp",1200,675,false],"thumbnail":["https:\/\/turismevalles.com\/wp-content\/uploads\/2025\/07\/descubre-caldes-montbui-gente-viajera-villas-termales-mas-antiguas-cataluna_96-1-150x150.webp",150,150,true],"medium":["https:\/\/turismevalles.com\/wp-content\/uploads\/2025\/07\/descubre-caldes-montbui-gente-viajera-villas-termales-mas-antiguas-cataluna_96-1-300x169.webp",300,169,true],"medium_large":["https:\/\/turismevalles.com\/wp-content\/uploads\/2025\/07\/descubre-caldes-montbui-gente-viajera-villas-termales-mas-antiguas-cataluna_96-1-768x432.webp",768,432,true],"large":["https:\/\/turismevalles.com\/wp-content\/uploads\/2025\/07\/descubre-caldes-montbui-gente-viajera-villas-termales-mas-antiguas-cataluna_96-1-1024x576.webp",1024,576,true],"thumblist":["https:\/\/turismevalles.com\/wp-content\/uploads\/2025\/07\/descubre-caldes-montbui-gente-viajera-villas-termales-mas-antiguas-cataluna_96-1-300x300.webp",300,300,true],"meccarouselthumb":["https:\/\/turismevalles.com\/wp-content\/uploads\/2025\/07\/descubre-caldes-montbui-gente-viajera-villas-termales-mas-antiguas-cataluna_96-1-474x324.webp",474,324,true],"gridsquare":["https:\/\/turismevalles.com\/wp-content\/uploads\/2025\/07\/descubre-caldes-montbui-gente-viajera-villas-termales-mas-antiguas-cataluna_96-1-391x260.webp",391,260,true],"tileview":["https:\/\/turismevalles.com\/wp-content\/uploads\/2025\/07\/descubre-caldes-montbui-gente-viajera-villas-termales-mas-antiguas-cataluna_96-1-300x400.webp",300,400,true],"1536x1536":["https:\/\/turismevalles.com\/wp-content\/uploads\/2025\/07\/descubre-caldes-montbui-gente-viajera-villas-termales-mas-antiguas-cataluna_96-1.webp",1200,675,false],"2048x2048":["https:\/\/turismevalles.com\/wp-content\/uploads\/2025\/07\/descubre-caldes-montbui-gente-viajera-villas-termales-mas-antiguas-cataluna_96-1.webp",1200,675,false]},"uagb_author_info":{"display_name":"Turisme Valles","author_link":"https:\/\/turismevalles.com\/es\/author\/turismevallesoriental\/"},"uagb_comment_info":0,"uagb_excerpt":"El pasado viernes, 27 de junio, los miembros del programa Gente Viajera de Onda Cero visitaron alguno de los recursos tur\u00edsticos de la comarca. La ... Veure m\u00e9s","_links":{"self":[{"href":"https:\/\/turismevalles.com\/es\/wp-json\/wp\/v2\/posts\/64170","targetHints":{"allow":["GET"]}}],"collection":[{"href":"https:\/\/turismevalles.com\/es\/wp-json\/wp\/v2\/posts"}],"about":[{"href":"https:\/\/turismevalles.com\/es\/wp-json\/wp\/v2\/types\/post"}],"author":[{"embeddable":true,"href":"https:\/\/turismevalles.com\/es\/wp-json\/wp\/v2\/users\/5"}],"replies":[{"embeddable":true,"href":"https:\/\/turismevalles.com\/es\/wp-json\/wp\/v2\/comments?post=64170"}],"version-history":[{"count":0,"href":"https:\/\/turismevalles.com\/es\/wp-json\/wp\/v2\/posts\/64170\/revisions"}],"wp:featuredmedia":[{"embeddable":true,"href":"https:\/\/turismevalles.com\/es\/wp-json\/wp\/v2\/media\/64169"}],"wp:attachment":[{"href":"https:\/\/turismevalles.com\/es\/wp-json\/wp\/v2\/media?parent=64170"}],"wp:term":[{"taxonomy":"category","embeddable":true,"href":"https:\/\/turismevalles.com\/es\/wp-json\/wp\/v2\/categories?post=64170"},{"taxonomy":"post_tag","embeddable":true,"href":"https:\/\/turismevalles.com\/es\/wp-json\/wp\/v2\/tags?post=64170"}],"curies":[{"name":"wp","href":"https:\/\/api.w.org\/{rel}","templated":true}]}}