{"id":65527,"date":"2025-09-22T12:31:30","date_gmt":"2025-09-22T10:31:30","guid":{"rendered":"https:\/\/turismevalles.com\/?p=65527"},"modified":"2025-09-22T12:41:32","modified_gmt":"2025-09-22T10:41:32","slug":"el-valles-oriental-present-a-la-sea-otter-europe-costa-brava-girona-2025","status":"publish","type":"post","link":"https:\/\/turismevalles.com\/es\/el-valles-oriental-present-a-la-sea-otter-europe-costa-brava-girona-2025\/","title":{"rendered":"El Vall\u00e8s Oriental presente en la Sea Otter Europe Costa Brava- Girona 2025"},"content":{"rendered":"\n<p><strong>TurismeVall\u00e8s ha participado, bajo el paraguas de la Diputaci\u00f3n de Barcelona, \u200b\u200ben la feria Sea Otter Europe Costa Brava &#8211; Girona, un evento de referencia en el mundo del cicloturismo.<\/strong><\/p>\n\n\n\n<p>Los d\u00edas 19, 20 y 21 de septiembre se ha celebrado una nueva edici\u00f3n de la Sea Otter Europe Costa Brava &#8211; Girona en la ciudad de Girona, uno de los eventos m\u00e1s relevantes del ciclismo a escala mundial. En esta ocasi\u00f3n, TurismeVall\u00e8s ha estado presente en el stand de la Gerencia de Servicios de Turismo de la Diputaci\u00f3n de Barcelona, \u200b\u200bbajo el paraguas Barcelona es mucho m\u00e1s.<\/p>\n\n\n<div class=\"wp-block-image\">\n<figure class=\"aligncenter size-large\"><img loading=\"lazy\" decoding=\"async\" width=\"1024\" height=\"768\" src=\"https:\/\/turismevalles.com\/wp-content\/uploads\/2025\/09\/Sea_Otter_2025_001-1024x768.jpg\" alt=\"\" class=\"wp-image-65506\" srcset=\"https:\/\/turismevalles.com\/wp-content\/uploads\/2025\/09\/Sea_Otter_2025_001-1024x768.jpg 1024w, https:\/\/turismevalles.com\/wp-content\/uploads\/2025\/09\/Sea_Otter_2025_001-300x225.jpg 300w, https:\/\/turismevalles.com\/wp-content\/uploads\/2025\/09\/Sea_Otter_2025_001-768x576.jpg 768w, https:\/\/turismevalles.com\/wp-content\/uploads\/2025\/09\/Sea_Otter_2025_001-1536x1152.jpg 1536w, https:\/\/turismevalles.com\/wp-content\/uploads\/2025\/09\/Sea_Otter_2025_001-2048x1536.jpg 2048w\" sizes=\"auto, (max-width: 1024px) 100vw, 1024px\" \/><figcaption class=\"wp-element-caption\">Sea Otter Europe Costa Brava &#8211; Girona <\/figcaption><\/figure><\/div>\n\n\n<p>TurismeVall\u00e8s ha estado promocionando la ruta de Gravel del Vall\u00e9s Oriental, que pone en valor el patrimonio natural y cultural de la comarca. Se trata de una ruta circular en la modalidad de gravel dividida en 6 etapas que recorrer el Vall\u00e8s Oriental, su variedad de paisajes, gastronom\u00eda y patrimonio la hace muy atractiva para los amantes de esta modalidad. En total, son 343 km con un desnivel medio acumulado de 1.213m.<\/p>\n\n\n<div class=\"wp-block-image\">\n<figure class=\"aligncenter size-large\"><img loading=\"lazy\" decoding=\"async\" width=\"1024\" height=\"768\" src=\"https:\/\/turismevalles.com\/wp-content\/uploads\/2025\/09\/Sea_Otter_2025_003-1024x768.jpg\" alt=\"\" class=\"wp-image-65510\" srcset=\"https:\/\/turismevalles.com\/wp-content\/uploads\/2025\/09\/Sea_Otter_2025_003-1024x768.jpg 1024w, https:\/\/turismevalles.com\/wp-content\/uploads\/2025\/09\/Sea_Otter_2025_003-300x225.jpg 300w, https:\/\/turismevalles.com\/wp-content\/uploads\/2025\/09\/Sea_Otter_2025_003-768x576.jpg 768w, https:\/\/turismevalles.com\/wp-content\/uploads\/2025\/09\/Sea_Otter_2025_003-1536x1152.jpg 1536w, https:\/\/turismevalles.com\/wp-content\/uploads\/2025\/09\/Sea_Otter_2025_003-2048x1536.jpg 2048w\" sizes=\"auto, (max-width: 1024px) 100vw, 1024px\" \/><figcaption class=\"wp-element-caption\">Ruta de Gravel al Vall\u00e8s Oriental<\/figcaption><\/figure><\/div>\n\n\n<p>Sea Otter Europe ha ofrecido a lo largo de los distintos d\u00edas del festival charlas con expertos, mesas redondas y conferencias especializadas en cicloturismo. Tambi\u00e9n la posibilidad de probar diferentes tipos de bicicletas, visitar stands de material, participar o ver actividades deportivas, as\u00ed como realizar networking profesional.<\/p>\n\n\n\n<figure class=\"wp-block-gallery has-nested-images columns-default is-cropped wp-block-gallery-2 is-layout-flex wp-block-gallery-is-layout-flex\">\n<figure class=\"wp-block-image size-large\"><img loading=\"lazy\" decoding=\"async\" width=\"768\" height=\"1024\" data-id=\"65514\" src=\"https:\/\/turismevalles.com\/wp-content\/uploads\/2025\/09\/Sea_Otter_2025_002-768x1024.jpg\" alt=\"\" class=\"wp-image-65514\" srcset=\"https:\/\/turismevalles.com\/wp-content\/uploads\/2025\/09\/Sea_Otter_2025_002-768x1024.jpg 768w, https:\/\/turismevalles.com\/wp-content\/uploads\/2025\/09\/Sea_Otter_2025_002-225x300.jpg 225w, https:\/\/turismevalles.com\/wp-content\/uploads\/2025\/09\/Sea_Otter_2025_002-300x400.jpg 300w, https:\/\/turismevalles.com\/wp-content\/uploads\/2025\/09\/Sea_Otter_2025_002-1152x1536.jpg 1152w, https:\/\/turismevalles.com\/wp-content\/uploads\/2025\/09\/Sea_Otter_2025_002-1536x2048.jpg 1536w, https:\/\/turismevalles.com\/wp-content\/uploads\/2025\/09\/Sea_Otter_2025_002-scaled.jpg 1920w\" sizes=\"auto, (max-width: 768px) 100vw, 768px\" \/><figcaption class=\"wp-element-caption\">Sea Otter Europe Costa Brava &#8211; Girona <\/figcaption><\/figure>\n\n\n\n<figure class=\"wp-block-image size-large\"><img loading=\"lazy\" decoding=\"async\" width=\"768\" height=\"1024\" data-id=\"65518\" src=\"https:\/\/turismevalles.com\/wp-content\/uploads\/2025\/09\/Sea_Otter_2025_004-768x1024.jpg\" alt=\"\" class=\"wp-image-65518\" srcset=\"https:\/\/turismevalles.com\/wp-content\/uploads\/2025\/09\/Sea_Otter_2025_004-768x1024.jpg 768w, https:\/\/turismevalles.com\/wp-content\/uploads\/2025\/09\/Sea_Otter_2025_004-225x300.jpg 225w, https:\/\/turismevalles.com\/wp-content\/uploads\/2025\/09\/Sea_Otter_2025_004-300x400.jpg 300w, https:\/\/turismevalles.com\/wp-content\/uploads\/2025\/09\/Sea_Otter_2025_004-1152x1536.jpg 1152w, https:\/\/turismevalles.com\/wp-content\/uploads\/2025\/09\/Sea_Otter_2025_004-1536x2048.jpg 1536w, https:\/\/turismevalles.com\/wp-content\/uploads\/2025\/09\/Sea_Otter_2025_004-scaled.jpg 1920w\" sizes=\"auto, (max-width: 768px) 100vw, 768px\" \/><figcaption class=\"wp-element-caption\">Sea Otter Europe Costa Brava &#8211; Girona <\/figcaption><\/figure>\n<\/figure>\n\n\n\n<p>M\u00e9s informaci\u00f3: <a href=\"https:\/\/www.seaottereurope.com\/ca\/\">https:\/\/www.seaottereurope.com\/ca\/<\/a> &#8211; <a href=\"http:\/\/www.turismevalles.com\">www.turismevalles.com<\/a><\/p>\n","protected":false},"excerpt":{"rendered":"<p>TurismeVall\u00e8s ha participado, bajo el paraguas de la Diputaci\u00f3n de Barcelona, \u200b\u200ben la feria Sea Otter Europe Costa Brava &#8211; Girona, un evento de referencia &#8230; <a title=\"El Vall\u00e8s Oriental presente en la Sea Otter Europe Costa Brava- Girona 2025\" class=\"read-more\" href=\"https:\/\/turismevalles.com\/es\/el-valles-oriental-present-a-la-sea-otter-europe-costa-brava-girona-2025\/\" aria-label=\"M\u00e1s en El Vall\u00e8s Oriental presente en la Sea Otter Europe Costa Brava- Girona 2025\">Veure m\u00e9s<\/a><\/p>\n","protected":false},"author":5,"featured_media":65513,"comment_status":"open","ping_status":"closed","sticky":false,"template":"","format":"standard","meta":{"_acf_changed":false,"inline_featured_image":false,"_uag_custom_page_level_css":"","footnotes":""},"categories":[114],"tags":[956,2853,2854,2855],"class_list":["post-65527","post","type-post","status-publish","format-standard","has-post-thumbnail","hentry","category-sin-categorizar","tag-fira-es","tag-ruta-de-gravel-del-valles-oriental-es","tag-sea-otter-europe-es","tag-sea-otter-europe-costa-brava-girona-es","generate-columns","tablet-grid-50","mobile-grid-100","grid-parent","grid-33"],"acf":[],"yoast_head":"<!-- This site is optimized with the Yoast SEO plugin v26.4 - https:\/\/yoast.com\/wordpress\/plugins\/seo\/ -->\n<title>El Vall\u00e8s Oriental presente en la Sea Otter Europe Costa Brava- Girona 2025 - Turisme Vall\u00e8s<\/title>\n<meta name=\"description\" content=\"Ruta de Gravel del Vall\u00e8s Oriental a la Sea Otter Europe Costa Brava - Girona 2025. TurismeVall\u00e8s. A prop de Barcelona\" \/>\n<meta name=\"robots\" content=\"index, follow, max-snippet:-1, max-image-preview:large, max-video-preview:-1\" \/>\n<link rel=\"canonical\" href=\"https:\/\/turismevalles.com\/el-valles-oriental-present-a-la-sea-otter-europe-costa-brava-girona-2025\/\" \/>\n<meta property=\"og:locale\" content=\"es_ES\" \/>\n<meta property=\"og:type\" content=\"article\" \/>\n<meta property=\"og:title\" content=\"El Vall\u00e8s Oriental presente en la Sea Otter Europe Costa Brava- Girona 2025 - Turisme Vall\u00e8s\" \/>\n<meta property=\"og:description\" content=\"Ruta de Gravel del Vall\u00e8s Oriental a la Sea Otter Europe Costa Brava - Girona 2025. TurismeVall\u00e8s. A prop de Barcelona\" \/>\n<meta property=\"og:url\" content=\"https:\/\/turismevalles.com\/el-valles-oriental-present-a-la-sea-otter-europe-costa-brava-girona-2025\/\" \/>\n<meta property=\"og:site_name\" content=\"Turisme Vall\u00e8s\" \/>\n<meta property=\"article:published_time\" content=\"2025-09-22T10:31:30+00:00\" \/>\n<meta property=\"article:modified_time\" content=\"2025-09-22T10:41:32+00:00\" \/>\n<meta property=\"og:image\" content=\"https:\/\/turismevalles.com\/wp-content\/uploads\/2025\/09\/Sea_Otter_2025_003-scaled.jpg\" \/>\n\t<meta property=\"og:image:width\" content=\"2560\" \/>\n\t<meta property=\"og:image:height\" content=\"1920\" \/>\n\t<meta property=\"og:image:type\" content=\"image\/jpeg\" \/>\n<meta name=\"author\" content=\"Turisme Valles\" \/>\n<meta name=\"twitter:card\" content=\"summary_large_image\" \/>\n<meta name=\"twitter:label1\" content=\"Escrito por\" \/>\n\t<meta name=\"twitter:data1\" content=\"Turisme Valles\" \/>\n\t<meta name=\"twitter:label2\" content=\"Tiempo de lectura\" \/>\n\t<meta name=\"twitter:data2\" content=\"3 minutos\" \/>\n<script type=\"application\/ld+json\" class=\"yoast-schema-graph\">{\"@context\":\"https:\/\/schema.org\",\"@graph\":[{\"@type\":\"Article\",\"@id\":\"https:\/\/turismevalles.com\/el-valles-oriental-present-a-la-sea-otter-europe-costa-brava-girona-2025\/#article\",\"isPartOf\":{\"@id\":\"https:\/\/turismevalles.com\/el-valles-oriental-present-a-la-sea-otter-europe-costa-brava-girona-2025\/\"},\"author\":{\"name\":\"Turisme Valles\",\"@id\":\"https:\/\/turismevalles.com\/en\/#\/schema\/person\/da3ada7244bbe32fad8e7e8236465a16\"},\"headline\":\"El Vall\u00e8s Oriental presente en la Sea Otter Europe Costa Brava- Girona 2025\",\"datePublished\":\"2025-09-22T10:31:30+00:00\",\"dateModified\":\"2025-09-22T10:41:32+00:00\",\"mainEntityOfPage\":{\"@id\":\"https:\/\/turismevalles.com\/el-valles-oriental-present-a-la-sea-otter-europe-costa-brava-girona-2025\/\"},\"wordCount\":280,\"commentCount\":0,\"publisher\":{\"@id\":\"https:\/\/turismevalles.com\/en\/#organization\"},\"image\":{\"@id\":\"https:\/\/turismevalles.com\/el-valles-oriental-present-a-la-sea-otter-europe-costa-brava-girona-2025\/#primaryimage\"},\"thumbnailUrl\":\"https:\/\/turismevalles.com\/wp-content\/uploads\/2025\/09\/Sea_Otter_2025_003-scaled.jpg\",\"keywords\":[\"Fira\",\"Ruta de Gravel del Vall\u00e8s Oriental\",\"Sea Otter Europe\",\"Sea Otter Europe Costa Brava &#8211; Girona\"],\"articleSection\":[\"Sin categorizar\"],\"inLanguage\":\"es\",\"potentialAction\":[{\"@type\":\"CommentAction\",\"name\":\"Comment\",\"target\":[\"https:\/\/turismevalles.com\/el-valles-oriental-present-a-la-sea-otter-europe-costa-brava-girona-2025\/#respond\"]}]},{\"@type\":\"WebPage\",\"@id\":\"https:\/\/turismevalles.com\/el-valles-oriental-present-a-la-sea-otter-europe-costa-brava-girona-2025\/\",\"url\":\"https:\/\/turismevalles.com\/el-valles-oriental-present-a-la-sea-otter-europe-costa-brava-girona-2025\/\",\"name\":\"El Vall\u00e8s Oriental presente en la Sea Otter Europe Costa Brava- Girona 2025 - Turisme Vall\u00e8s\",\"isPartOf\":{\"@id\":\"https:\/\/turismevalles.com\/en\/#website\"},\"primaryImageOfPage\":{\"@id\":\"https:\/\/turismevalles.com\/el-valles-oriental-present-a-la-sea-otter-europe-costa-brava-girona-2025\/#primaryimage\"},\"image\":{\"@id\":\"https:\/\/turismevalles.com\/el-valles-oriental-present-a-la-sea-otter-europe-costa-brava-girona-2025\/#primaryimage\"},\"thumbnailUrl\":\"https:\/\/turismevalles.com\/wp-content\/uploads\/2025\/09\/Sea_Otter_2025_003-scaled.jpg\",\"datePublished\":\"2025-09-22T10:31:30+00:00\",\"dateModified\":\"2025-09-22T10:41:32+00:00\",\"description\":\"Ruta de Gravel del Vall\u00e8s Oriental a la Sea Otter Europe Costa Brava - Girona 2025. TurismeVall\u00e8s. A prop de Barcelona\",\"breadcrumb\":{\"@id\":\"https:\/\/turismevalles.com\/el-valles-oriental-present-a-la-sea-otter-europe-costa-brava-girona-2025\/#breadcrumb\"},\"inLanguage\":\"es\",\"potentialAction\":[{\"@type\":\"ReadAction\",\"target\":[\"https:\/\/turismevalles.com\/el-valles-oriental-present-a-la-sea-otter-europe-costa-brava-girona-2025\/\"]}]},{\"@type\":\"ImageObject\",\"inLanguage\":\"es\",\"@id\":\"https:\/\/turismevalles.com\/el-valles-oriental-present-a-la-sea-otter-europe-costa-brava-girona-2025\/#primaryimage\",\"url\":\"https:\/\/turismevalles.com\/wp-content\/uploads\/2025\/09\/Sea_Otter_2025_003-scaled.jpg\",\"contentUrl\":\"https:\/\/turismevalles.com\/wp-content\/uploads\/2025\/09\/Sea_Otter_2025_003-scaled.jpg\",\"width\":2560,\"height\":1920,\"caption\":\"oplus_34\"},{\"@type\":\"BreadcrumbList\",\"@id\":\"https:\/\/turismevalles.com\/el-valles-oriental-present-a-la-sea-otter-europe-costa-brava-girona-2025\/#breadcrumb\",\"itemListElement\":[{\"@type\":\"ListItem\",\"position\":1,\"name\":\"Inicio\",\"item\":\"https:\/\/turismevalles.com\/es\/\"},{\"@type\":\"ListItem\",\"position\":2,\"name\":\"El Vall\u00e8s Oriental presente en la Sea Otter Europe Costa Brava- Girona 2025\"}]},{\"@type\":\"WebSite\",\"@id\":\"https:\/\/turismevalles.com\/en\/#website\",\"url\":\"https:\/\/turismevalles.com\/en\/\",\"name\":\"Turisme Vall\u00e8s\",\"description\":\"\",\"publisher\":{\"@id\":\"https:\/\/turismevalles.com\/en\/#organization\"},\"potentialAction\":[{\"@type\":\"SearchAction\",\"target\":{\"@type\":\"EntryPoint\",\"urlTemplate\":\"https:\/\/turismevalles.com\/en\/?s={search_term_string}\"},\"query-input\":{\"@type\":\"PropertyValueSpecification\",\"valueRequired\":true,\"valueName\":\"search_term_string\"}}],\"inLanguage\":\"es\"},{\"@type\":\"Organization\",\"@id\":\"https:\/\/turismevalles.com\/en\/#organization\",\"name\":\"Turisme Vall\u00e8s\",\"url\":\"https:\/\/turismevalles.com\/en\/\",\"logo\":{\"@type\":\"ImageObject\",\"inLanguage\":\"es\",\"@id\":\"https:\/\/turismevalles.com\/en\/#\/schema\/logo\/image\/\",\"url\":\"https:\/\/turismevalles.com\/wp-content\/uploads\/2020\/08\/cropped-logo_ca-2.png\",\"contentUrl\":\"https:\/\/turismevalles.com\/wp-content\/uploads\/2020\/08\/cropped-logo_ca-2.png\",\"width\":314,\"height\":85,\"caption\":\"Turisme Vall\u00e8s\"},\"image\":{\"@id\":\"https:\/\/turismevalles.com\/en\/#\/schema\/logo\/image\/\"}},{\"@type\":\"Person\",\"@id\":\"https:\/\/turismevalles.com\/en\/#\/schema\/person\/da3ada7244bbe32fad8e7e8236465a16\",\"name\":\"Turisme Valles\",\"image\":{\"@type\":\"ImageObject\",\"inLanguage\":\"es\",\"@id\":\"https:\/\/turismevalles.com\/en\/#\/schema\/person\/image\/\",\"url\":\"https:\/\/secure.gravatar.com\/avatar\/7e16883f64cc26bc17bd484e55e43f21867385a5cb8ebdc8b94540485c823a4b?s=96&d=mm&r=g\",\"contentUrl\":\"https:\/\/secure.gravatar.com\/avatar\/7e16883f64cc26bc17bd484e55e43f21867385a5cb8ebdc8b94540485c823a4b?s=96&d=mm&r=g\",\"caption\":\"Turisme Valles\"},\"url\":\"https:\/\/turismevalles.com\/es\/author\/turismevallesoriental\/\"}]}<\/script>\n<!-- \/ Yoast SEO plugin. -->","yoast_head_json":{"title":"El Vall\u00e8s Oriental presente en la Sea Otter Europe Costa Brava- Girona 2025 - Turisme Vall\u00e8s","description":"Ruta de Gravel del Vall\u00e8s Oriental a la Sea Otter Europe Costa Brava - Girona 2025. TurismeVall\u00e8s. A prop de Barcelona","robots":{"index":"index","follow":"follow","max-snippet":"max-snippet:-1","max-image-preview":"max-image-preview:large","max-video-preview":"max-video-preview:-1"},"canonical":"https:\/\/turismevalles.com\/el-valles-oriental-present-a-la-sea-otter-europe-costa-brava-girona-2025\/","og_locale":"es_ES","og_type":"article","og_title":"El Vall\u00e8s Oriental presente en la Sea Otter Europe Costa Brava- Girona 2025 - Turisme Vall\u00e8s","og_description":"Ruta de Gravel del Vall\u00e8s Oriental a la Sea Otter Europe Costa Brava - Girona 2025. TurismeVall\u00e8s. A prop de Barcelona","og_url":"https:\/\/turismevalles.com\/el-valles-oriental-present-a-la-sea-otter-europe-costa-brava-girona-2025\/","og_site_name":"Turisme Vall\u00e8s","article_published_time":"2025-09-22T10:31:30+00:00","article_modified_time":"2025-09-22T10:41:32+00:00","og_image":[{"width":2560,"height":1920,"url":"https:\/\/turismevalles.com\/wp-content\/uploads\/2025\/09\/Sea_Otter_2025_003-scaled.jpg","type":"image\/jpeg"}],"author":"Turisme Valles","twitter_card":"summary_large_image","twitter_misc":{"Escrito por":"Turisme Valles","Tiempo de lectura":"3 minutos"},"schema":{"@context":"https:\/\/schema.org","@graph":[{"@type":"Article","@id":"https:\/\/turismevalles.com\/el-valles-oriental-present-a-la-sea-otter-europe-costa-brava-girona-2025\/#article","isPartOf":{"@id":"https:\/\/turismevalles.com\/el-valles-oriental-present-a-la-sea-otter-europe-costa-brava-girona-2025\/"},"author":{"name":"Turisme Valles","@id":"https:\/\/turismevalles.com\/en\/#\/schema\/person\/da3ada7244bbe32fad8e7e8236465a16"},"headline":"El Vall\u00e8s Oriental presente en la Sea Otter Europe Costa Brava- Girona 2025","datePublished":"2025-09-22T10:31:30+00:00","dateModified":"2025-09-22T10:41:32+00:00","mainEntityOfPage":{"@id":"https:\/\/turismevalles.com\/el-valles-oriental-present-a-la-sea-otter-europe-costa-brava-girona-2025\/"},"wordCount":280,"commentCount":0,"publisher":{"@id":"https:\/\/turismevalles.com\/en\/#organization"},"image":{"@id":"https:\/\/turismevalles.com\/el-valles-oriental-present-a-la-sea-otter-europe-costa-brava-girona-2025\/#primaryimage"},"thumbnailUrl":"https:\/\/turismevalles.com\/wp-content\/uploads\/2025\/09\/Sea_Otter_2025_003-scaled.jpg","keywords":["Fira","Ruta de Gravel del Vall\u00e8s Oriental","Sea Otter Europe","Sea Otter Europe Costa Brava &#8211; Girona"],"articleSection":["Sin categorizar"],"inLanguage":"es","potentialAction":[{"@type":"CommentAction","name":"Comment","target":["https:\/\/turismevalles.com\/el-valles-oriental-present-a-la-sea-otter-europe-costa-brava-girona-2025\/#respond"]}]},{"@type":"WebPage","@id":"https:\/\/turismevalles.com\/el-valles-oriental-present-a-la-sea-otter-europe-costa-brava-girona-2025\/","url":"https:\/\/turismevalles.com\/el-valles-oriental-present-a-la-sea-otter-europe-costa-brava-girona-2025\/","name":"El Vall\u00e8s Oriental presente en la Sea Otter Europe Costa Brava- Girona 2025 - Turisme Vall\u00e8s","isPartOf":{"@id":"https:\/\/turismevalles.com\/en\/#website"},"primaryImageOfPage":{"@id":"https:\/\/turismevalles.com\/el-valles-oriental-present-a-la-sea-otter-europe-costa-brava-girona-2025\/#primaryimage"},"image":{"@id":"https:\/\/turismevalles.com\/el-valles-oriental-present-a-la-sea-otter-europe-costa-brava-girona-2025\/#primaryimage"},"thumbnailUrl":"https:\/\/turismevalles.com\/wp-content\/uploads\/2025\/09\/Sea_Otter_2025_003-scaled.jpg","datePublished":"2025-09-22T10:31:30+00:00","dateModified":"2025-09-22T10:41:32+00:00","description":"Ruta de Gravel del Vall\u00e8s Oriental a la Sea Otter Europe Costa Brava - Girona 2025. TurismeVall\u00e8s. A prop de Barcelona","breadcrumb":{"@id":"https:\/\/turismevalles.com\/el-valles-oriental-present-a-la-sea-otter-europe-costa-brava-girona-2025\/#breadcrumb"},"inLanguage":"es","potentialAction":[{"@type":"ReadAction","target":["https:\/\/turismevalles.com\/el-valles-oriental-present-a-la-sea-otter-europe-costa-brava-girona-2025\/"]}]},{"@type":"ImageObject","inLanguage":"es","@id":"https:\/\/turismevalles.com\/el-valles-oriental-present-a-la-sea-otter-europe-costa-brava-girona-2025\/#primaryimage","url":"https:\/\/turismevalles.com\/wp-content\/uploads\/2025\/09\/Sea_Otter_2025_003-scaled.jpg","contentUrl":"https:\/\/turismevalles.com\/wp-content\/uploads\/2025\/09\/Sea_Otter_2025_003-scaled.jpg","width":2560,"height":1920,"caption":"oplus_34"},{"@type":"BreadcrumbList","@id":"https:\/\/turismevalles.com\/el-valles-oriental-present-a-la-sea-otter-europe-costa-brava-girona-2025\/#breadcrumb","itemListElement":[{"@type":"ListItem","position":1,"name":"Inicio","item":"https:\/\/turismevalles.com\/es\/"},{"@type":"ListItem","position":2,"name":"El Vall\u00e8s Oriental presente en la Sea Otter Europe Costa Brava- Girona 2025"}]},{"@type":"WebSite","@id":"https:\/\/turismevalles.com\/en\/#website","url":"https:\/\/turismevalles.com\/en\/","name":"Turisme Vall\u00e8s","description":"","publisher":{"@id":"https:\/\/turismevalles.com\/en\/#organization"},"potentialAction":[{"@type":"SearchAction","target":{"@type":"EntryPoint","urlTemplate":"https:\/\/turismevalles.com\/en\/?s={search_term_string}"},"query-input":{"@type":"PropertyValueSpecification","valueRequired":true,"valueName":"search_term_string"}}],"inLanguage":"es"},{"@type":"Organization","@id":"https:\/\/turismevalles.com\/en\/#organization","name":"Turisme Vall\u00e8s","url":"https:\/\/turismevalles.com\/en\/","logo":{"@type":"ImageObject","inLanguage":"es","@id":"https:\/\/turismevalles.com\/en\/#\/schema\/logo\/image\/","url":"https:\/\/turismevalles.com\/wp-content\/uploads\/2020\/08\/cropped-logo_ca-2.png","contentUrl":"https:\/\/turismevalles.com\/wp-content\/uploads\/2020\/08\/cropped-logo_ca-2.png","width":314,"height":85,"caption":"Turisme Vall\u00e8s"},"image":{"@id":"https:\/\/turismevalles.com\/en\/#\/schema\/logo\/image\/"}},{"@type":"Person","@id":"https:\/\/turismevalles.com\/en\/#\/schema\/person\/da3ada7244bbe32fad8e7e8236465a16","name":"Turisme Valles","image":{"@type":"ImageObject","inLanguage":"es","@id":"https:\/\/turismevalles.com\/en\/#\/schema\/person\/image\/","url":"https:\/\/secure.gravatar.com\/avatar\/7e16883f64cc26bc17bd484e55e43f21867385a5cb8ebdc8b94540485c823a4b?s=96&d=mm&r=g","contentUrl":"https:\/\/secure.gravatar.com\/avatar\/7e16883f64cc26bc17bd484e55e43f21867385a5cb8ebdc8b94540485c823a4b?s=96&d=mm&r=g","caption":"Turisme Valles"},"url":"https:\/\/turismevalles.com\/es\/author\/turismevallesoriental\/"}]}},"uagb_featured_image_src":{"full":["https:\/\/turismevalles.com\/wp-content\/uploads\/2025\/09\/Sea_Otter_2025_003-scaled.jpg",2560,1920,false],"thumbnail":["https:\/\/turismevalles.com\/wp-content\/uploads\/2025\/09\/Sea_Otter_2025_003-150x150.jpg",150,150,true],"medium":["https:\/\/turismevalles.com\/wp-content\/uploads\/2025\/09\/Sea_Otter_2025_003-300x225.jpg",300,225,true],"medium_large":["https:\/\/turismevalles.com\/wp-content\/uploads\/2025\/09\/Sea_Otter_2025_003-768x576.jpg",768,576,true],"large":["https:\/\/turismevalles.com\/wp-content\/uploads\/2025\/09\/Sea_Otter_2025_003-1024x768.jpg",1024,768,true],"thumblist":["https:\/\/turismevalles.com\/wp-content\/uploads\/2025\/09\/Sea_Otter_2025_003-300x300.jpg",300,300,true],"meccarouselthumb":["https:\/\/turismevalles.com\/wp-content\/uploads\/2025\/09\/Sea_Otter_2025_003-474x324.jpg",474,324,true],"gridsquare":["https:\/\/turismevalles.com\/wp-content\/uploads\/2025\/09\/Sea_Otter_2025_003-391x260.jpg",391,260,true],"tileview":["https:\/\/turismevalles.com\/wp-content\/uploads\/2025\/09\/Sea_Otter_2025_003-300x400.jpg",300,400,true],"1536x1536":["https:\/\/turismevalles.com\/wp-content\/uploads\/2025\/09\/Sea_Otter_2025_003-1536x1152.jpg",1536,1152,true],"2048x2048":["https:\/\/turismevalles.com\/wp-content\/uploads\/2025\/09\/Sea_Otter_2025_003-2048x1536.jpg",2048,1536,true]},"uagb_author_info":{"display_name":"Turisme Valles","author_link":"https:\/\/turismevalles.com\/es\/author\/turismevallesoriental\/"},"uagb_comment_info":0,"uagb_excerpt":"TurismeVall\u00e8s ha participado, bajo el paraguas de la Diputaci\u00f3n de Barcelona, \u200b\u200ben la feria Sea Otter Europe Costa Brava &#8211; Girona, un evento de referencia ... Veure m\u00e9s","_links":{"self":[{"href":"https:\/\/turismevalles.com\/es\/wp-json\/wp\/v2\/posts\/65527","targetHints":{"allow":["GET"]}}],"collection":[{"href":"https:\/\/turismevalles.com\/es\/wp-json\/wp\/v2\/posts"}],"about":[{"href":"https:\/\/turismevalles.com\/es\/wp-json\/wp\/v2\/types\/post"}],"author":[{"embeddable":true,"href":"https:\/\/turismevalles.com\/es\/wp-json\/wp\/v2\/users\/5"}],"replies":[{"embeddable":true,"href":"https:\/\/turismevalles.com\/es\/wp-json\/wp\/v2\/comments?post=65527"}],"version-history":[{"count":0,"href":"https:\/\/turismevalles.com\/es\/wp-json\/wp\/v2\/posts\/65527\/revisions"}],"wp:featuredmedia":[{"embeddable":true,"href":"https:\/\/turismevalles.com\/es\/wp-json\/wp\/v2\/media\/65513"}],"wp:attachment":[{"href":"https:\/\/turismevalles.com\/es\/wp-json\/wp\/v2\/media?parent=65527"}],"wp:term":[{"taxonomy":"category","embeddable":true,"href":"https:\/\/turismevalles.com\/es\/wp-json\/wp\/v2\/categories?post=65527"},{"taxonomy":"post_tag","embeddable":true,"href":"https:\/\/turismevalles.com\/es\/wp-json\/wp\/v2\/tags?post=65527"}],"curies":[{"name":"wp","href":"https:\/\/api.w.org\/{rel}","templated":true}]}}