{"id":67289,"date":"2026-01-05T11:42:17","date_gmt":"2026-01-05T10:42:17","guid":{"rendered":"https:\/\/turismevalles.com\/turismevalles-dedica-el-calendario-turistico-2026-al-patrimonio-arquitectonico-de-la-comarca\/"},"modified":"2026-01-05T11:42:17","modified_gmt":"2026-01-05T10:42:17","slug":"turismevalles-dedica-el-calendario-turistico-2026-al-patrimonio-arquitectonico-de-la-comarca","status":"publish","type":"post","link":"https:\/\/turismevalles.com\/es\/turismevalles-dedica-el-calendario-turistico-2026-al-patrimonio-arquitectonico-de-la-comarca\/","title":{"rendered":"TurismeVall\u00e8s dedica el calendario tur\u00edstico 2026 al patrimonio arquitect\u00f3nico de la comarca"},"content":{"rendered":"\n<p><strong>El Servicio de Turismo del Consell Comarcal ha editado el calendario tur\u00edstico de 2026 como una herramienta de promoci\u00f3n que pone en valor la riqueza y diversidad del patrimonio arquitect\u00f3nico de la comarca.<br\/><br\/> <br\/> <br\/><\/strong><strong><\/strong><\/p>\n\n<p>La tem\u00e1tica se alinea con las estrategias tur\u00edsticas de la provincia y con que en 2026<a href=\"https:\/\/www.barcelona.cat\/capitalmundialarquitectura\/ca\/presentacio\"> Barcelona ser\u00e1 Capital Mundial de la Arquitectura<\/a> (UNESCO-UIA), coincidiendo con la conmemoraci\u00f3n del <a href=\"https:\/\/web.gencat.cat\/ca\/generalitat\/accio-govern\/commemoracions\/2026\/any-gaudi\">centenario de la muerte de Antoni Gaud\u00ed.<\/a><\/p>\n\n<p>El calendario recoge una selecci\u00f3n de im\u00e1genes de elementos arquitect\u00f3nicos de diferentes estilos y \u00e9pocas, desde la prehistoria hasta la actualidad, como el menhir neol\u00edtico de Mollet del Vall\u00e8s o el Puente Roto de Santa Maria de Palautordera.<\/p>\n\n<p>Tambi\u00e9n destacan espacios como Las Escaleras del \u00c1ngelus de Figar\u00f3-Montmany, recientemente declaradas Bien Cultural de Inter\u00e9s Local, o la ermita rom\u00e1nica de Santa Justa y Santa Rufina de Lli\u00e7\u00e0 d&#8217;Amunt, que protagoniza la portada y que forma parte del proyecto <a href=\"https:\/\/romtur-poctefa.eu\/?page_id=730&amp;lang=ca\">Romtur<\/a>, dedicado a la promoci\u00f3n del tur\u00edstico.<\/p>\n\n<p>Adem\u00e1s, incluye una amplia representaci\u00f3n de municipios que forman parte del programa <a href=\"https:\/\/turismevalles.com\/es\/valles_oriental\/compromiso-para-la-sostenibilidad-biosphere\/\">Compromiso por la Sostenibilidad tur\u00edstica Destino Barcelona<\/a> en el Vall\u00e8s Oriental y que trabajan por una gesti\u00f3n sostenible del turismo en su municipio, d\u00e1ndoles as\u00ed visibilidad de sus recursos.<\/p>\n\n<p>Se han editado 2.000 unidades que incluyen todos los <a href=\"https:\/\/www.vallesoriental.cat\/media\/repository\/comarca\/festes\/FestiusLocals_2026_VOr_i_autonomics.pdf\">festivos locales<\/a> de la comarca.<\/p>\n\n<p>Se trata de un material promocional destinado a los agentes p\u00fablicos y privados del sector tur\u00edstico del Vall\u00e8s Oriental, entidades e instituciones vinculadas a la promoci\u00f3n del territorio, y se utilizar\u00e1 tambi\u00e9n como herramienta de difusi\u00f3n en ferias tur\u00edsticas y en las oficinas de turismo de Catalu\u00f1a en el exterior.<\/p>\n\n<p>La portada y contraportada invitan a visitar la web de turismevalles.com, para descubrir estos elementos y todos los recursos tur\u00edsticos que ofrece el territorio.<br\/>Portada y contraportada: Ermita de Santa Justa y Santa Rufina \u00b7 Lli\u00e7\u00e0 d&#8217;Amunt<\/p>\n<div class=\"wp-block-image\">\n<figure class=\"alignright size-large is-resized\"><img loading=\"lazy\" decoding=\"async\" width=\"768\" height=\"1024\" src=\"https:\/\/turismevalles.com\/wp-content\/uploads\/2026\/01\/YDRAY-IMG_9632-768x1024.jpeg\" alt=\"\" class=\"wp-image-67195\" style=\"width:375px;height:auto\" srcset=\"https:\/\/turismevalles.com\/wp-content\/uploads\/2026\/01\/YDRAY-IMG_9632-768x1024.jpeg 768w, https:\/\/turismevalles.com\/wp-content\/uploads\/2026\/01\/YDRAY-IMG_9632-225x300.jpeg 225w, https:\/\/turismevalles.com\/wp-content\/uploads\/2026\/01\/YDRAY-IMG_9632-300x400.jpeg 300w, https:\/\/turismevalles.com\/wp-content\/uploads\/2026\/01\/YDRAY-IMG_9632-1152x1536.jpeg 1152w, https:\/\/turismevalles.com\/wp-content\/uploads\/2026\/01\/YDRAY-IMG_9632-1536x2048.jpeg 1536w, https:\/\/turismevalles.com\/wp-content\/uploads\/2026\/01\/YDRAY-IMG_9632-scaled.jpeg 1920w\" sizes=\"auto, (max-width: 768px) 100vw, 768px\" \/><\/figure><\/div>\n<p>Enero \u2013 Escalas del \u00c1ngelus \u00b7 Figar\u00f3-Montmany<\/p>\n\n<p>Febrero \u2013 Sant Miquel del Fai \u00b7 Bigues i Riells del Fai<\/p>\n\n<p>Marzo \u2013 La T\u00e8rmica \u00b7 Granollers<\/p>\n\n<p>Abril \u2013 Igl\u00e9sia parroquial de Sant F\u00e8lix \u00b7 Canovelles<\/p>\n\n<p>Mayo \u2013 Pont Trencat \u00b7 Santa Maria de Palautordera<\/p>\n\n<p>Junio \u2013 La Torrassa \u00b7 Llinars del Vall\u00e8s<\/p>\n\n<p>Julio \u2013 Menhir neol\u00edtico \u00b7 Mollet del Vall\u00e8s<\/p>\n\n<p>Agosto \u2013 Ayuntamiento Modernista de les Franqueses del Vall\u00e8s \u00b7 Les Franqueses del Vall\u00e8s<\/p>\n\n<p>Septiembre \u2013 Casa modernista Can Viader \u00b7 Cardedeu<\/p>\n\n<p>Octubre \u2013 Pou de gla\u00e7 de Can Gurri \u00b7 Lli\u00e7\u00e0 de Vall<\/p>\n\n<p>Noviembre \u2013 La For\u00e7a \u00b7 Sant Pere de Vilamajor<\/p>\n\n<p>Desembre \u2013 Esgl\u00e9sia de Sant Vicen\u00e7 \u00b7 Vallromanes<\/p>\n\n<h2 class=\"gb-headline gb-headline-029f626b gb-headline-text\">Descarga aqu\u00ed el calendario 2026 del Vall\u00e8s Oriental con todos los festivos de la comarca.<\/h2>\n\n<div data-wp-interactive=\"core\/file\" class=\"wp-block-file\"><object data-wp-bind--hidden=\"!state.hasPdfPreview\" hidden class=\"wp-block-file__embed\" data=\"https:\/\/turismevalles.com\/wp-content\/uploads\/2026\/01\/CALENDARI-Turisme-Valles-2026-V2-1_compressed.pdf\" type=\"application\/pdf\" style=\"width:100%;height:600px\" aria-label=\"Incrustado de CALENDARI Turisme Valles 2026 V2 (1)_compressed.\"><\/object><a id=\"wp-block-file--media-e885af82-f873-472d-a31b-464566eff2ed\" href=\"https:\/\/turismevalles.com\/wp-content\/uploads\/2026\/01\/CALENDARI-Turisme-Valles-2026-V2-1_compressed.pdf\">CALENDARI Turisme Valles 2026 V2 (1)_compressed<\/a><a href=\"https:\/\/turismevalles.com\/wp-content\/uploads\/2026\/01\/CALENDARI-Turisme-Valles-2026-V2-1_compressed.pdf\" class=\"wp-block-file__button wp-element-button\" download=\"\" aria-describedby=\"wp-block-file--media-e885af82-f873-472d-a31b-464566eff2ed\">Descarga<\/a><\/div>\n\n<p><\/p>\n","protected":false},"excerpt":{"rendered":"<p>El Servicio de Turismo del Consell Comarcal ha editado el calendario tur\u00edstico de 2026 como una herramienta de promoci\u00f3n que pone en valor la riqueza &#8230; <a title=\"TurismeVall\u00e8s dedica el calendario tur\u00edstico 2026 al patrimonio arquitect\u00f3nico de la comarca\" class=\"read-more\" href=\"https:\/\/turismevalles.com\/es\/turismevalles-dedica-el-calendario-turistico-2026-al-patrimonio-arquitectonico-de-la-comarca\/\" aria-label=\"M\u00e1s en TurismeVall\u00e8s dedica el calendario tur\u00edstico 2026 al patrimonio arquitect\u00f3nico de la comarca\">Veure m\u00e9s<\/a><\/p>\n","protected":false},"author":5,"featured_media":67194,"comment_status":"open","ping_status":"closed","sticky":false,"template":"","format":"standard","meta":{"_acf_changed":false,"inline_featured_image":false,"_uag_custom_page_level_css":"","footnotes":""},"categories":[114],"tags":[],"class_list":["post-67289","post","type-post","status-publish","format-standard","has-post-thumbnail","hentry","category-sin-categorizar","generate-columns","tablet-grid-50","mobile-grid-100","grid-parent","grid-33"],"acf":[],"yoast_head":"<!-- This site is optimized with the Yoast SEO plugin v26.4 - https:\/\/yoast.com\/wordpress\/plugins\/seo\/ -->\n<title>TurismeVall\u00e8s dedica el calendario tur\u00edstico 2026 al patrimonio arquitect\u00f3nico de la comarca - Turisme Vall\u00e8s<\/title>\n<meta name=\"robots\" content=\"index, follow, max-snippet:-1, max-image-preview:large, max-video-preview:-1\" \/>\n<link rel=\"canonical\" href=\"https:\/\/turismevalles.com\/es\/turismevalles-dedica-el-calendario-turistico-2026-al-patrimonio-arquitectonico-de-la-comarca\/\" \/>\n<meta property=\"og:locale\" content=\"es_ES\" \/>\n<meta property=\"og:type\" content=\"article\" \/>\n<meta property=\"og:title\" content=\"TurismeVall\u00e8s dedica el calendario tur\u00edstico 2026 al patrimonio arquitect\u00f3nico de la comarca - Turisme Vall\u00e8s\" \/>\n<meta property=\"og:description\" content=\"El Servicio de Turismo del Consell Comarcal ha editado el calendario tur\u00edstico de 2026 como una herramienta de promoci\u00f3n que pone en valor la riqueza ... Veure m\u00e9s\" \/>\n<meta property=\"og:url\" content=\"https:\/\/turismevalles.com\/es\/turismevalles-dedica-el-calendario-turistico-2026-al-patrimonio-arquitectonico-de-la-comarca\/\" \/>\n<meta property=\"og:site_name\" content=\"Turisme Vall\u00e8s\" \/>\n<meta property=\"article:published_time\" content=\"2026-01-05T10:42:17+00:00\" \/>\n<meta property=\"og:image\" content=\"https:\/\/turismevalles.com\/wp-content\/uploads\/2026\/01\/calendari-1024x682.png\" \/>\n\t<meta property=\"og:image:width\" content=\"1024\" \/>\n\t<meta property=\"og:image:height\" content=\"682\" \/>\n\t<meta property=\"og:image:type\" content=\"image\/png\" \/>\n<meta name=\"author\" content=\"Turisme Valles\" \/>\n<meta name=\"twitter:card\" content=\"summary_large_image\" \/>\n<meta name=\"twitter:label1\" content=\"Escrito por\" \/>\n\t<meta name=\"twitter:data1\" content=\"Turisme Valles\" \/>\n\t<meta name=\"twitter:label2\" content=\"Tiempo de lectura\" \/>\n\t<meta name=\"twitter:data2\" content=\"2 minutos\" \/>\n<script type=\"application\/ld+json\" class=\"yoast-schema-graph\">{\"@context\":\"https:\/\/schema.org\",\"@graph\":[{\"@type\":\"Article\",\"@id\":\"https:\/\/turismevalles.com\/es\/turismevalles-dedica-el-calendario-turistico-2026-al-patrimonio-arquitectonico-de-la-comarca\/#article\",\"isPartOf\":{\"@id\":\"https:\/\/turismevalles.com\/es\/turismevalles-dedica-el-calendario-turistico-2026-al-patrimonio-arquitectonico-de-la-comarca\/\"},\"author\":{\"name\":\"Turisme Valles\",\"@id\":\"https:\/\/turismevalles.com\/en\/#\/schema\/person\/da3ada7244bbe32fad8e7e8236465a16\"},\"headline\":\"TurismeVall\u00e8s dedica el calendario tur\u00edstico 2026 al patrimonio arquitect\u00f3nico de la comarca\",\"datePublished\":\"2026-01-05T10:42:17+00:00\",\"mainEntityOfPage\":{\"@id\":\"https:\/\/turismevalles.com\/es\/turismevalles-dedica-el-calendario-turistico-2026-al-patrimonio-arquitectonico-de-la-comarca\/\"},\"wordCount\":459,\"commentCount\":0,\"publisher\":{\"@id\":\"https:\/\/turismevalles.com\/en\/#organization\"},\"image\":{\"@id\":\"https:\/\/turismevalles.com\/es\/turismevalles-dedica-el-calendario-turistico-2026-al-patrimonio-arquitectonico-de-la-comarca\/#primaryimage\"},\"thumbnailUrl\":\"https:\/\/turismevalles.com\/wp-content\/uploads\/2026\/01\/calendari.png\",\"articleSection\":[\"Sin categorizar\"],\"inLanguage\":\"es\",\"potentialAction\":[{\"@type\":\"CommentAction\",\"name\":\"Comment\",\"target\":[\"https:\/\/turismevalles.com\/es\/turismevalles-dedica-el-calendario-turistico-2026-al-patrimonio-arquitectonico-de-la-comarca\/#respond\"]}]},{\"@type\":\"WebPage\",\"@id\":\"https:\/\/turismevalles.com\/es\/turismevalles-dedica-el-calendario-turistico-2026-al-patrimonio-arquitectonico-de-la-comarca\/\",\"url\":\"https:\/\/turismevalles.com\/es\/turismevalles-dedica-el-calendario-turistico-2026-al-patrimonio-arquitectonico-de-la-comarca\/\",\"name\":\"TurismeVall\u00e8s dedica el calendario tur\u00edstico 2026 al patrimonio arquitect\u00f3nico de la comarca - Turisme Vall\u00e8s\",\"isPartOf\":{\"@id\":\"https:\/\/turismevalles.com\/en\/#website\"},\"primaryImageOfPage\":{\"@id\":\"https:\/\/turismevalles.com\/es\/turismevalles-dedica-el-calendario-turistico-2026-al-patrimonio-arquitectonico-de-la-comarca\/#primaryimage\"},\"image\":{\"@id\":\"https:\/\/turismevalles.com\/es\/turismevalles-dedica-el-calendario-turistico-2026-al-patrimonio-arquitectonico-de-la-comarca\/#primaryimage\"},\"thumbnailUrl\":\"https:\/\/turismevalles.com\/wp-content\/uploads\/2026\/01\/calendari.png\",\"datePublished\":\"2026-01-05T10:42:17+00:00\",\"breadcrumb\":{\"@id\":\"https:\/\/turismevalles.com\/es\/turismevalles-dedica-el-calendario-turistico-2026-al-patrimonio-arquitectonico-de-la-comarca\/#breadcrumb\"},\"inLanguage\":\"es\",\"potentialAction\":[{\"@type\":\"ReadAction\",\"target\":[\"https:\/\/turismevalles.com\/es\/turismevalles-dedica-el-calendario-turistico-2026-al-patrimonio-arquitectonico-de-la-comarca\/\"]}]},{\"@type\":\"ImageObject\",\"inLanguage\":\"es\",\"@id\":\"https:\/\/turismevalles.com\/es\/turismevalles-dedica-el-calendario-turistico-2026-al-patrimonio-arquitectonico-de-la-comarca\/#primaryimage\",\"url\":\"https:\/\/turismevalles.com\/wp-content\/uploads\/2026\/01\/calendari.png\",\"contentUrl\":\"https:\/\/turismevalles.com\/wp-content\/uploads\/2026\/01\/calendari.png\",\"width\":2000,\"height\":1333,\"caption\":\"calendari 2026\"},{\"@type\":\"BreadcrumbList\",\"@id\":\"https:\/\/turismevalles.com\/es\/turismevalles-dedica-el-calendario-turistico-2026-al-patrimonio-arquitectonico-de-la-comarca\/#breadcrumb\",\"itemListElement\":[{\"@type\":\"ListItem\",\"position\":1,\"name\":\"Inicio\",\"item\":\"https:\/\/turismevalles.com\/es\/\"},{\"@type\":\"ListItem\",\"position\":2,\"name\":\"TurismeVall\u00e8s dedica el calendario tur\u00edstico 2026 al patrimonio arquitect\u00f3nico de la comarca\"}]},{\"@type\":\"WebSite\",\"@id\":\"https:\/\/turismevalles.com\/en\/#website\",\"url\":\"https:\/\/turismevalles.com\/en\/\",\"name\":\"Turisme Vall\u00e8s\",\"description\":\"\",\"publisher\":{\"@id\":\"https:\/\/turismevalles.com\/en\/#organization\"},\"potentialAction\":[{\"@type\":\"SearchAction\",\"target\":{\"@type\":\"EntryPoint\",\"urlTemplate\":\"https:\/\/turismevalles.com\/en\/?s={search_term_string}\"},\"query-input\":{\"@type\":\"PropertyValueSpecification\",\"valueRequired\":true,\"valueName\":\"search_term_string\"}}],\"inLanguage\":\"es\"},{\"@type\":\"Organization\",\"@id\":\"https:\/\/turismevalles.com\/en\/#organization\",\"name\":\"Turisme Vall\u00e8s\",\"url\":\"https:\/\/turismevalles.com\/en\/\",\"logo\":{\"@type\":\"ImageObject\",\"inLanguage\":\"es\",\"@id\":\"https:\/\/turismevalles.com\/en\/#\/schema\/logo\/image\/\",\"url\":\"https:\/\/turismevalles.com\/wp-content\/uploads\/2020\/08\/cropped-logo_ca-2.png\",\"contentUrl\":\"https:\/\/turismevalles.com\/wp-content\/uploads\/2020\/08\/cropped-logo_ca-2.png\",\"width\":314,\"height\":85,\"caption\":\"Turisme Vall\u00e8s\"},\"image\":{\"@id\":\"https:\/\/turismevalles.com\/en\/#\/schema\/logo\/image\/\"}},{\"@type\":\"Person\",\"@id\":\"https:\/\/turismevalles.com\/en\/#\/schema\/person\/da3ada7244bbe32fad8e7e8236465a16\",\"name\":\"Turisme Valles\",\"image\":{\"@type\":\"ImageObject\",\"inLanguage\":\"es\",\"@id\":\"https:\/\/turismevalles.com\/en\/#\/schema\/person\/image\/\",\"url\":\"https:\/\/secure.gravatar.com\/avatar\/7e16883f64cc26bc17bd484e55e43f21867385a5cb8ebdc8b94540485c823a4b?s=96&d=mm&r=g\",\"contentUrl\":\"https:\/\/secure.gravatar.com\/avatar\/7e16883f64cc26bc17bd484e55e43f21867385a5cb8ebdc8b94540485c823a4b?s=96&d=mm&r=g\",\"caption\":\"Turisme Valles\"},\"url\":\"https:\/\/turismevalles.com\/es\/author\/turismevallesoriental\/\"}]}<\/script>\n<!-- \/ Yoast SEO plugin. -->","yoast_head_json":{"title":"TurismeVall\u00e8s dedica el calendario tur\u00edstico 2026 al patrimonio arquitect\u00f3nico de la comarca - Turisme Vall\u00e8s","robots":{"index":"index","follow":"follow","max-snippet":"max-snippet:-1","max-image-preview":"max-image-preview:large","max-video-preview":"max-video-preview:-1"},"canonical":"https:\/\/turismevalles.com\/es\/turismevalles-dedica-el-calendario-turistico-2026-al-patrimonio-arquitectonico-de-la-comarca\/","og_locale":"es_ES","og_type":"article","og_title":"TurismeVall\u00e8s dedica el calendario tur\u00edstico 2026 al patrimonio arquitect\u00f3nico de la comarca - Turisme Vall\u00e8s","og_description":"El Servicio de Turismo del Consell Comarcal ha editado el calendario tur\u00edstico de 2026 como una herramienta de promoci\u00f3n que pone en valor la riqueza ... Veure m\u00e9s","og_url":"https:\/\/turismevalles.com\/es\/turismevalles-dedica-el-calendario-turistico-2026-al-patrimonio-arquitectonico-de-la-comarca\/","og_site_name":"Turisme Vall\u00e8s","article_published_time":"2026-01-05T10:42:17+00:00","og_image":[{"width":1024,"height":682,"url":"https:\/\/turismevalles.com\/wp-content\/uploads\/2026\/01\/calendari-1024x682.png","type":"image\/png"}],"author":"Turisme Valles","twitter_card":"summary_large_image","twitter_misc":{"Escrito por":"Turisme Valles","Tiempo de lectura":"2 minutos"},"schema":{"@context":"https:\/\/schema.org","@graph":[{"@type":"Article","@id":"https:\/\/turismevalles.com\/es\/turismevalles-dedica-el-calendario-turistico-2026-al-patrimonio-arquitectonico-de-la-comarca\/#article","isPartOf":{"@id":"https:\/\/turismevalles.com\/es\/turismevalles-dedica-el-calendario-turistico-2026-al-patrimonio-arquitectonico-de-la-comarca\/"},"author":{"name":"Turisme Valles","@id":"https:\/\/turismevalles.com\/en\/#\/schema\/person\/da3ada7244bbe32fad8e7e8236465a16"},"headline":"TurismeVall\u00e8s dedica el calendario tur\u00edstico 2026 al patrimonio arquitect\u00f3nico de la comarca","datePublished":"2026-01-05T10:42:17+00:00","mainEntityOfPage":{"@id":"https:\/\/turismevalles.com\/es\/turismevalles-dedica-el-calendario-turistico-2026-al-patrimonio-arquitectonico-de-la-comarca\/"},"wordCount":459,"commentCount":0,"publisher":{"@id":"https:\/\/turismevalles.com\/en\/#organization"},"image":{"@id":"https:\/\/turismevalles.com\/es\/turismevalles-dedica-el-calendario-turistico-2026-al-patrimonio-arquitectonico-de-la-comarca\/#primaryimage"},"thumbnailUrl":"https:\/\/turismevalles.com\/wp-content\/uploads\/2026\/01\/calendari.png","articleSection":["Sin categorizar"],"inLanguage":"es","potentialAction":[{"@type":"CommentAction","name":"Comment","target":["https:\/\/turismevalles.com\/es\/turismevalles-dedica-el-calendario-turistico-2026-al-patrimonio-arquitectonico-de-la-comarca\/#respond"]}]},{"@type":"WebPage","@id":"https:\/\/turismevalles.com\/es\/turismevalles-dedica-el-calendario-turistico-2026-al-patrimonio-arquitectonico-de-la-comarca\/","url":"https:\/\/turismevalles.com\/es\/turismevalles-dedica-el-calendario-turistico-2026-al-patrimonio-arquitectonico-de-la-comarca\/","name":"TurismeVall\u00e8s dedica el calendario tur\u00edstico 2026 al patrimonio arquitect\u00f3nico de la comarca - Turisme Vall\u00e8s","isPartOf":{"@id":"https:\/\/turismevalles.com\/en\/#website"},"primaryImageOfPage":{"@id":"https:\/\/turismevalles.com\/es\/turismevalles-dedica-el-calendario-turistico-2026-al-patrimonio-arquitectonico-de-la-comarca\/#primaryimage"},"image":{"@id":"https:\/\/turismevalles.com\/es\/turismevalles-dedica-el-calendario-turistico-2026-al-patrimonio-arquitectonico-de-la-comarca\/#primaryimage"},"thumbnailUrl":"https:\/\/turismevalles.com\/wp-content\/uploads\/2026\/01\/calendari.png","datePublished":"2026-01-05T10:42:17+00:00","breadcrumb":{"@id":"https:\/\/turismevalles.com\/es\/turismevalles-dedica-el-calendario-turistico-2026-al-patrimonio-arquitectonico-de-la-comarca\/#breadcrumb"},"inLanguage":"es","potentialAction":[{"@type":"ReadAction","target":["https:\/\/turismevalles.com\/es\/turismevalles-dedica-el-calendario-turistico-2026-al-patrimonio-arquitectonico-de-la-comarca\/"]}]},{"@type":"ImageObject","inLanguage":"es","@id":"https:\/\/turismevalles.com\/es\/turismevalles-dedica-el-calendario-turistico-2026-al-patrimonio-arquitectonico-de-la-comarca\/#primaryimage","url":"https:\/\/turismevalles.com\/wp-content\/uploads\/2026\/01\/calendari.png","contentUrl":"https:\/\/turismevalles.com\/wp-content\/uploads\/2026\/01\/calendari.png","width":2000,"height":1333,"caption":"calendari 2026"},{"@type":"BreadcrumbList","@id":"https:\/\/turismevalles.com\/es\/turismevalles-dedica-el-calendario-turistico-2026-al-patrimonio-arquitectonico-de-la-comarca\/#breadcrumb","itemListElement":[{"@type":"ListItem","position":1,"name":"Inicio","item":"https:\/\/turismevalles.com\/es\/"},{"@type":"ListItem","position":2,"name":"TurismeVall\u00e8s dedica el calendario tur\u00edstico 2026 al patrimonio arquitect\u00f3nico de la comarca"}]},{"@type":"WebSite","@id":"https:\/\/turismevalles.com\/en\/#website","url":"https:\/\/turismevalles.com\/en\/","name":"Turisme Vall\u00e8s","description":"","publisher":{"@id":"https:\/\/turismevalles.com\/en\/#organization"},"potentialAction":[{"@type":"SearchAction","target":{"@type":"EntryPoint","urlTemplate":"https:\/\/turismevalles.com\/en\/?s={search_term_string}"},"query-input":{"@type":"PropertyValueSpecification","valueRequired":true,"valueName":"search_term_string"}}],"inLanguage":"es"},{"@type":"Organization","@id":"https:\/\/turismevalles.com\/en\/#organization","name":"Turisme Vall\u00e8s","url":"https:\/\/turismevalles.com\/en\/","logo":{"@type":"ImageObject","inLanguage":"es","@id":"https:\/\/turismevalles.com\/en\/#\/schema\/logo\/image\/","url":"https:\/\/turismevalles.com\/wp-content\/uploads\/2020\/08\/cropped-logo_ca-2.png","contentUrl":"https:\/\/turismevalles.com\/wp-content\/uploads\/2020\/08\/cropped-logo_ca-2.png","width":314,"height":85,"caption":"Turisme Vall\u00e8s"},"image":{"@id":"https:\/\/turismevalles.com\/en\/#\/schema\/logo\/image\/"}},{"@type":"Person","@id":"https:\/\/turismevalles.com\/en\/#\/schema\/person\/da3ada7244bbe32fad8e7e8236465a16","name":"Turisme Valles","image":{"@type":"ImageObject","inLanguage":"es","@id":"https:\/\/turismevalles.com\/en\/#\/schema\/person\/image\/","url":"https:\/\/secure.gravatar.com\/avatar\/7e16883f64cc26bc17bd484e55e43f21867385a5cb8ebdc8b94540485c823a4b?s=96&d=mm&r=g","contentUrl":"https:\/\/secure.gravatar.com\/avatar\/7e16883f64cc26bc17bd484e55e43f21867385a5cb8ebdc8b94540485c823a4b?s=96&d=mm&r=g","caption":"Turisme Valles"},"url":"https:\/\/turismevalles.com\/es\/author\/turismevallesoriental\/"}]}},"uagb_featured_image_src":{"full":["https:\/\/turismevalles.com\/wp-content\/uploads\/2026\/01\/calendari.png",2000,1333,false],"thumbnail":["https:\/\/turismevalles.com\/wp-content\/uploads\/2026\/01\/calendari-150x150.png",150,150,true],"medium":["https:\/\/turismevalles.com\/wp-content\/uploads\/2026\/01\/calendari-300x200.png",300,200,true],"medium_large":["https:\/\/turismevalles.com\/wp-content\/uploads\/2026\/01\/calendari-768x512.png",768,512,true],"large":["https:\/\/turismevalles.com\/wp-content\/uploads\/2026\/01\/calendari-1024x682.png",1024,682,true],"thumblist":["https:\/\/turismevalles.com\/wp-content\/uploads\/2026\/01\/calendari-300x300.png",300,300,true],"meccarouselthumb":["https:\/\/turismevalles.com\/wp-content\/uploads\/2026\/01\/calendari-474x324.png",474,324,true],"gridsquare":["https:\/\/turismevalles.com\/wp-content\/uploads\/2026\/01\/calendari-391x260.png",391,260,true],"tileview":["https:\/\/turismevalles.com\/wp-content\/uploads\/2026\/01\/calendari-300x400.png",300,400,true],"1536x1536":["https:\/\/turismevalles.com\/wp-content\/uploads\/2026\/01\/calendari-1536x1024.png",1536,1024,true],"2048x2048":["https:\/\/turismevalles.com\/wp-content\/uploads\/2026\/01\/calendari.png",2000,1333,false]},"uagb_author_info":{"display_name":"Turisme Valles","author_link":"https:\/\/turismevalles.com\/es\/author\/turismevallesoriental\/"},"uagb_comment_info":0,"uagb_excerpt":"El Servicio de Turismo del Consell Comarcal ha editado el calendario tur\u00edstico de 2026 como una herramienta de promoci\u00f3n que pone en valor la riqueza ... Veure m\u00e9s","_links":{"self":[{"href":"https:\/\/turismevalles.com\/es\/wp-json\/wp\/v2\/posts\/67289","targetHints":{"allow":["GET"]}}],"collection":[{"href":"https:\/\/turismevalles.com\/es\/wp-json\/wp\/v2\/posts"}],"about":[{"href":"https:\/\/turismevalles.com\/es\/wp-json\/wp\/v2\/types\/post"}],"author":[{"embeddable":true,"href":"https:\/\/turismevalles.com\/es\/wp-json\/wp\/v2\/users\/5"}],"replies":[{"embeddable":true,"href":"https:\/\/turismevalles.com\/es\/wp-json\/wp\/v2\/comments?post=67289"}],"version-history":[{"count":1,"href":"https:\/\/turismevalles.com\/es\/wp-json\/wp\/v2\/posts\/67289\/revisions"}],"predecessor-version":[{"id":67290,"href":"https:\/\/turismevalles.com\/es\/wp-json\/wp\/v2\/posts\/67289\/revisions\/67290"}],"wp:featuredmedia":[{"embeddable":true,"href":"https:\/\/turismevalles.com\/es\/wp-json\/wp\/v2\/media\/67194"}],"wp:attachment":[{"href":"https:\/\/turismevalles.com\/es\/wp-json\/wp\/v2\/media?parent=67289"}],"wp:term":[{"taxonomy":"category","embeddable":true,"href":"https:\/\/turismevalles.com\/es\/wp-json\/wp\/v2\/categories?post=67289"},{"taxonomy":"post_tag","embeddable":true,"href":"https:\/\/turismevalles.com\/es\/wp-json\/wp\/v2\/tags?post=67289"}],"curies":[{"name":"wp","href":"https:\/\/api.w.org\/{rel}","templated":true}]}}