{"id":24986,"date":"2023-02-23T15:41:03","date_gmt":"2023-02-23T14:41:03","guid":{"rendered":"http:\/\/turismevalles.com.mialias.net\/?p=24986"},"modified":"2023-02-23T15:41:04","modified_gmt":"2023-02-23T14:41:04","slug":"bien-etre-et-tourisme-vacances-a-echelle-humaine-au-valles-oriental","status":"publish","type":"post","link":"https:\/\/turismevalles.com\/fr\/bien-etre-et-tourisme-vacances-a-echelle-humaine-au-valles-oriental\/","title":{"rendered":"Bien-\u00eatre et tourisme : vacances \u00e0 \u00e9chelle humaine au Vall\u00e8s Oriental"},"content":{"rendered":"\n<h2 class=\"gb-headline gb-headline-60be7beb gb-headline-text\"><strong>Penser au bien-\u00eatre et tourisme est parfois une contradiction&nbsp;; tout d\u00e9pend pourtant de la destination choisie et ce que l\u2019on entend par bien-\u00eatre.<\/strong><\/h2>\n\n\n\n<h2 class=\"gb-headline gb-headline-e9d172bd gb-headline-text\"><strong>Quelles sont les activit\u00e9s de bien-\u00eatre&nbsp;?<\/strong><\/h2>\n\n\n\n<p>Le bien-\u00eatre est l\u2019\u00e9tat de&nbsp;<strong>qui se sent bien<\/strong>&nbsp;et dont les besoins basiques sont couverts. Cela signifie se sentir en&nbsp;<strong>\u00e9quilibre.<\/strong>&nbsp;C\u2019est exp\u00e9rimenter la paix int\u00e9rieure ressentie quand l\u2019<strong>esprit, le corps et les \u00e9motions<\/strong>&nbsp;coulent dans la m\u00eame direction.<\/p>\n\n\n\n<p>Qu\u2019est-ce qu\u2019il y a de mieux que l\u2019\u00e9poque estivale pour retrouver notre centre et nous nourrir de nos intentions&nbsp;?<\/p>\n\n\n\n<p>Durant l\u2019ann\u00e9e, nous sommes soumis \u00e0 beaucoup de pressions, horaires et obligations qui, souvent, nous font donner plus que ce que nous pouvons ou voulons r\u00e9ellement.<\/p>\n\n\n\n<p>Mais c\u2019est le sc\u00e9nario de notre vie et souvent nous l\u2019\u00e9crivons nous-m\u00eames. Nous pourrions s\u00fbrement nous passer d\u2019autant d\u2019activit\u00e9s extrascolaires, de r\u00e9unions sociales ou d\u2019activit\u00e9s sportives. Nous vivons avec la pr\u00e9occupation constante de faire des choses et ce que justement nous devons apprendre, c\u2019est \u00e0 ne rien faire.<\/p>\n\n\n\n<p>Et si nous nous rapprochions de ce qui est proche (c\u2019est le cas de le dire) et ceci sans besoin de longs voyages, ni d\u2019a\u00e9roports et si nous nous centrions \u00e0 r\u00e9cup\u00e9rer notre \u00e9quilibre&nbsp;?<\/p>\n\n\n\n<p>Pensant \u00e0 des activit\u00e9s de bien-\u00eatre, ce qui nous vient d\u2019abord \u00e0 l\u2019esprit sont les spas, les s\u00e9ances de massages et d\u2019esth\u00e9tique. Or, bien que toutes ces activit\u00e9s existent dans le Vall\u00e8s, bien-\u00eatre et tourisme ne signifient pas uniquement \u00e7a.<\/p>\n\n\n\n<h2 class=\"gb-headline gb-headline-44616156 gb-headline-text\"><strong>Bien-\u00eatre et tourisme de qualit\u00e9 = des exp\u00e9riences qui nous transforment.<\/strong><\/h2>\n\n\n\n<p>Quand on planifie les jours les plus attendus de l\u2019ann\u00e9e, en pensant \u00e0 notre bien-\u00eatre et celui de nos proches, nous pensons au repos, un temps de qualit\u00e9 en leur compagnie, avoir des moments pur apprendre ensemble, des instants de loisirs et de relaxation totale.<\/p>\n\n\n\n<p>Nous imaginons des paysages, nous asseoir sans se presser, des balades en bonne compagnie, de l\u2019eau, des nuits fra\u00eeches, de la s\u00e9r\u00e9nit\u00e9 et de l\u2019harmonie, surtout beaucoup d\u2019harmonie.<\/p>\n\n\n\n<p>Ce temps de qualit\u00e9 repr\u00e9sente cl\u00f4turer l\u2019ann\u00e9e et prendre des forces pour la suivante.<\/p>\n\n\n\n<p>Cela veut dire transformer l\u2019\u00e9nergie interne et nettoyer l\u2019esprit.&nbsp;<\/p>\n\n\n\n<p>Pour ce faire, nous avons besoin de nous rendre dans des lieux o\u00f9 nous ne sommes jamais all\u00e9s, vivre de nouvelles exp\u00e9riences, conna\u00eetre d\u2019autres points de vue qui nous distraient de notre routine et nous montrent de nouveaux mondes et r\u00e9alit\u00e9s.<\/p>\n\n\n\n<p>Derni\u00e8rement, la phrase qui dit \u00ab Ce n\u2019est pas tant ce qui vous arrive mais plut\u00f4t comment vous prenez ce qu\u2019il vous arrive&nbsp;\u00bb s\u2019entend partout et nous aimerions l\u2019appliquer au territoire avec une petite variation&nbsp;: \u00ab&nbsp;Ce n\u2019est pas tant o\u00f9 vous passez vos vacances mais plut\u00f4t comment vous les vivez&nbsp;\u00bb.<\/p>\n\n\n\n<h2 class=\"gb-headline gb-headline-663681f7 gb-headline-text\"><strong>Combien de types de bien-\u00eatre avons-vous dans le Vall\u00e8s ?&nbsp;<\/strong><\/h2>\n\n\n\n<p>Nous croyons que la vari\u00e9t\u00e9 ravive les plaisirs et que bien-\u00eatre et tourisme ne veulent pas seulement dire recevoir un massage ou se reposer. Nous sommes convaincus que c\u2019est seulement en nous plongeant dans diff\u00e9rentes situations ou types d\u2019activit\u00e9s, uniquement par plaisir, que nous atteindrons la d\u00e9connection totale dont nous avons besoin pour nous r\u00e9g\u00e9n\u00e9rer.<\/p>\n\n\n\n<p>Voici donc comment nous vous pr\u00e9sentons le bien-\u00eatre&nbsp;:<\/p>\n\n\n\n<h2 class=\"gb-headline gb-headline-2f233c14 gb-headline-text\"><strong>Bien-\u00eatre et patrimoine<\/strong>.<\/h2>\n\n\n\n<p>Reconnectez avec ce qui est proche de chez vous. Conna\u00eetre l\u2019histoire de cet ermitage, au milieu de ce bois qu\u2019il y a des ann\u00e9es que vous ne visitiez pas. Montrez cela \u00e0 vos enfants et vous leur ferez comprendre d\u2019o\u00f9 vous venez et, quand vous le revoyez, vous le regardez avec des yeux neufs et vous voulez savoir pourquoi il est l\u00e0 depuis presque deux mille ans.<\/p>\n\n\n\n<h2 class=\"gb-headline gb-headline-d02abcd4 gb-headline-text\"><strong>Bien-\u00eatre et culture.<\/strong><\/h2>\n\n\n\n<p>Les personnes qui vivent et agissent sur un territoire sont celles qui le font grandir et briller. Ce sont celles qui g\u00e9n\u00e8rent de la culture lorsque, ensemble, nous mettons la main \u00e0 la p\u00e2te et nous participons \u00e0 nos f\u00eates, lorsque nous les imaginons et les cr\u00e9ons. Venez y participer. Il s\u2019agit de vraies f\u00eates populaires o\u00f9 vous trouverez des gens authentiques issus de chacun des villages avec lesquels vous pourrez profiter de la f\u00eate.<\/p>\n\n\n\n<h2 class=\"gb-headline gb-headline-f74ac7cc gb-headline-text\"><strong>Bien-\u00eatre en famille<\/strong><\/h2>\n\n\n\n<p>Se d\u00e9placer en famille n\u2019est pas facile mais \u00e7a en vaut la peine pour les moments partag\u00e9s. Quand nous d\u00e9couvrons ensemble de nouveaux endroits, des saveurs, des musiques et des personnes, nous nous transformons en une \u00e9quipe et cela gu\u00e9rit toutes les distances subies durant l\u2019ann\u00e9e. Nous cr\u00e9ons ainsi de nouveaux souvenirs ensemble qui nous arracherons des sourires dans les moments plus p\u00e9nibles.<\/p>\n\n\n\n<h2 class=\"gb-headline gb-headline-acba4aa6 gb-headline-text\"><strong>Bien-\u00eatre thermal.<\/strong><\/h2>\n\n\n\n<p>Ici, nul besoin de parler beaucoup. C\u2019est le tourisme de bien-\u00eatre par antonomase. Des bains \u00e0 bulles avec des douches d\u2019eau \u00e0 pression qui, placidement, nous font frissonner dans le dos et aux plantes des pieds. Des s\u00e9ances de massage ou d\u2019esth\u00e9tique\u2026 Pour vous, votre compagne ou compagnon et qui vous voulez inviter.<\/p>\n\n\n\n<h2 class=\"gb-headline gb-headline-0f30b2fc gb-headline-text\"><strong>Bien-\u00eatre gastronomique<\/strong>.<\/h2>\n\n\n\n<p>Des haricots \u00ab&nbsp;del ganxet&nbsp;\u00bb, des p\u00e2tes, de la bi\u00e8re, du yoghourt et des fromages, des fruits et l\u00e9gumes&nbsp;; du vin, de la charcuterie et des pains de tous les types de c\u00e9r\u00e9ales\u2026 Et nous n\u2019avons pas seulement les produits. <a href=\"http:\/\/turismevalles.com\/restaurants\/\">Notre restauration<\/a> est excellente avec des \u00e9tablissements qui sont l\u00e0 depuis toujours, et d\u2019autres de cuisine d\u2019auteur qui cr\u00e9ent d\u2019authentiques merveilles aux fourneaux.<\/p>\n\n\n\n<h2 class=\"gb-headline gb-headline-4a069831 gb-headline-text\"><strong>Bien-\u00eatre sportif.<\/strong><\/h2>\n\n\n\n<p>\u00ab&nbsp;Plus d\u2019activit\u00e9s, plus de vie&nbsp;!&nbsp;\u00bb. Tout le monde aime la plage et faire du sport est toujours un merveilleux choix pour \u00e9quilibrer le corps et l\u2019esprit. Si vous voulez conna\u00eetre les lieux les plus frais pour marcher ou rouler \u00e0 v\u00e9lo au Vall\u00e8s cet \u00e9t\u00e9, consultez <a href=\"http:\/\/turismevalles.com\/fugir-la-calor\/\">&nbsp;cet article<\/a>.<\/p>\n\n\n\n<h2 class=\"gb-headline gb-headline-eb35286f gb-headline-text\"><strong>Bien-\u00eatre naturel.<\/strong><\/h2>\n\n\n\n<p>Le&nbsp;<a href=\"https:\/\/parcs.diba.cat\/web\/montseny\">Parc Naturel du Montseny<\/a> est notre \u00e9tendard en ce qui concerne le tourisme de nature, mais nous avons aussi le <a href=\"https:\/\/parcs.diba.cat\/web\/montnegre\">Parc Naturel de Montnegre Corredor<\/a> ou les<a href=\"https:\/\/cinglesdeberti.blogspot.com\/\">&nbsp;Sentiers de Bert\u00ed.&nbsp;<\/a>Comme vous pouvez le constater, nous avons du choix en la mati\u00e8re, un des plus importants pour retrouver notre \u00e9quilibre au rythme du chant des oiseaux.<\/p>\n\n\n\n<h2 class=\"gb-headline gb-headline-a2f60e84 gb-headline-text\"><strong>Bien-\u00eatre et achats<\/strong>.&nbsp;<\/h2>\n\n\n\n<p>Le centre de villes comme Granollers, Sant Celoni ou Mollet ont su conserver leur commerce ainsi que la tradition des jours de <a href=\"http:\/\/turismevalles.com\/valles_oriental\/mercats-i-fires\/\">march\u00e9 hebdomadaire<\/a>. De plus, \u00e0 la Roca, nous avons un des <em>outlets<\/em> les plus visit\u00e9s de Catalogne,&nbsp;<a href=\"https:\/\/www.thebicestercollection.com\/la-roca-village\/es\">La Roca Village<\/a>.&nbsp;Il ne faudra aller nulle part ailleurs pour trouver tout ce dont vous avez besoin pour vos vacances, ou bien pour les pr\u00e9sents et souvenirs pour ceux qui n\u2019ont pas pu vous accompagner. Pensez tout de m\u00eame \u00e0 faire des achats responsables et n\u2019achetez que ce dont vous avez besoin.<\/p>\n\n\n\n<h2 class=\"gb-headline gb-headline-a3d15e70 gb-headline-text\"><strong>Adieu aux agglom\u00e9rations, bienvenue aux petits plaisirs.<\/strong><\/h2>\n\n\n\n<p>Le Vall\u00e8s Oriental est un \u00e9ternel joyau \u00e0 d\u00e9couvrir.<\/p>\n\n\n\n<p>Vous ne trouverez pas ses attraits dans les catalogues des agences de voyage et c\u2019est ce qui en fait une r\u00e9gion int\u00e9ressante. Il s\u2019agit d\u2019un m\u00e9lange des options de toujours avec une constante \u00e9volution dans l\u2019offre des activit\u00e9s. Sa proximit\u00e9 avec Barcelone la rend moderne, pionni\u00e8re et efficace mais sa tradition rurale lui apporte cet aura qui indique que le temps ne s\u2019est, quelque part, pas \u00e9coul\u00e9.<\/p>\n\n\n\n<p>Quand vous viendrez, vous aurez le temps&nbsp;: du temps pour vous retrouver avec les petits plaisirs de la vie, ceux-l\u00e0 m\u00eames qui la rendent grande.<\/p>\n\n\n\n<p>Votre bien-\u00eatre vous attend dans le Vall\u00e8s Oriental, venez, goutez, jouez et, surtout, amusez-vous avec les v\u00f4tres. Pr\u00e8s chez vous et n\u2019importe quand.<\/p>\n","protected":false},"excerpt":{"rendered":"<p>Penser au bien-\u00eatre et tourisme est parfois une contradiction&nbsp;; tout d\u00e9pend pourtant de la destination choisie et ce que l\u2019on entend par bien-\u00eatre. Quelles sont &#8230; <a title=\"Bien-\u00eatre et tourisme : vacances \u00e0 \u00e9chelle humaine au Vall\u00e8s Oriental\" class=\"read-more\" href=\"https:\/\/turismevalles.com\/fr\/bien-etre-et-tourisme-vacances-a-echelle-humaine-au-valles-oriental\/\" aria-label=\"More on Bien-\u00eatre et tourisme : vacances \u00e0 \u00e9chelle humaine au Vall\u00e8s Oriental\">Veure m\u00e9s<\/a><\/p>\n","protected":false},"author":5,"featured_media":21636,"comment_status":"open","ping_status":"closed","sticky":false,"template":"","format":"standard","meta":{"_acf_changed":false,"inline_featured_image":false,"_uag_custom_page_level_css":"","footnotes":""},"categories":[113],"tags":[],"class_list":["post-24986","post","type-post","status-publish","format-standard","has-post-thumbnail","hentry","category-non-classifiee","generate-columns","tablet-grid-50","mobile-grid-100","grid-parent","grid-33"],"acf":[],"yoast_head":"<!-- This site is optimized with the Yoast SEO plugin v26.4 - https:\/\/yoast.com\/wordpress\/plugins\/seo\/ -->\n<title>Bien-\u00eatre et tourisme : vacances \u00e0 \u00e9chelle humaine au Vall\u00e8s Oriental - Turisme Vall\u00e8s<\/title>\n<meta name=\"robots\" content=\"index, follow, max-snippet:-1, max-image-preview:large, max-video-preview:-1\" \/>\n<link rel=\"canonical\" href=\"https:\/\/turismevalles.com\/benestar-i-turisme\/\" \/>\n<meta property=\"og:locale\" content=\"fr_FR\" \/>\n<meta property=\"og:type\" content=\"article\" \/>\n<meta property=\"og:title\" content=\"Bien-\u00eatre et tourisme : vacances \u00e0 \u00e9chelle humaine au Vall\u00e8s Oriental - Turisme Vall\u00e8s\" \/>\n<meta property=\"og:description\" content=\"Penser au bien-\u00eatre et tourisme est parfois une contradiction&nbsp;; tout d\u00e9pend pourtant de la destination choisie et ce que l\u2019on entend par bien-\u00eatre. Quelles sont ... Veure m\u00e9s\" \/>\n<meta property=\"og:url\" content=\"https:\/\/turismevalles.com\/benestar-i-turisme\/\" \/>\n<meta property=\"og:site_name\" content=\"Turisme Vall\u00e8s\" \/>\n<meta property=\"article:published_time\" content=\"2023-02-23T14:41:03+00:00\" \/>\n<meta property=\"article:modified_time\" content=\"2023-02-23T14:41:04+00:00\" \/>\n<meta property=\"og:image\" content=\"https:\/\/turismevalles.com\/wp-content\/uploads\/2022\/08\/benestar-i-turisme-scaled.jpg\" \/>\n\t<meta property=\"og:image:width\" content=\"2560\" \/>\n\t<meta property=\"og:image:height\" content=\"1920\" \/>\n\t<meta property=\"og:image:type\" content=\"image\/jpeg\" \/>\n<meta name=\"author\" content=\"Turisme Valles\" \/>\n<meta name=\"twitter:card\" content=\"summary_large_image\" \/>\n<meta name=\"twitter:label1\" content=\"\u00c9crit par\" \/>\n\t<meta name=\"twitter:data1\" content=\"Turisme Valles\" \/>\n\t<meta name=\"twitter:label2\" content=\"Dur\u00e9e de lecture estim\u00e9e\" \/>\n\t<meta name=\"twitter:data2\" content=\"6 minutes\" \/>\n<script type=\"application\/ld+json\" class=\"yoast-schema-graph\">{\"@context\":\"https:\/\/schema.org\",\"@graph\":[{\"@type\":\"Article\",\"@id\":\"https:\/\/turismevalles.com\/benestar-i-turisme\/#article\",\"isPartOf\":{\"@id\":\"https:\/\/turismevalles.com\/benestar-i-turisme\/\"},\"author\":{\"name\":\"Turisme Valles\",\"@id\":\"https:\/\/turismevalles.com\/en\/#\/schema\/person\/da3ada7244bbe32fad8e7e8236465a16\"},\"headline\":\"Bien-\u00eatre et tourisme : vacances \u00e0 \u00e9chelle humaine au Vall\u00e8s Oriental\",\"datePublished\":\"2023-02-23T14:41:03+00:00\",\"dateModified\":\"2023-02-23T14:41:04+00:00\",\"mainEntityOfPage\":{\"@id\":\"https:\/\/turismevalles.com\/benestar-i-turisme\/\"},\"wordCount\":1367,\"commentCount\":0,\"publisher\":{\"@id\":\"https:\/\/turismevalles.com\/en\/#organization\"},\"image\":{\"@id\":\"https:\/\/turismevalles.com\/benestar-i-turisme\/#primaryimage\"},\"thumbnailUrl\":\"https:\/\/turismevalles.com\/wp-content\/uploads\/2022\/08\/benestar-i-turisme-scaled.jpg\",\"articleSection\":[\"Non classifi\u00e9(e)\"],\"inLanguage\":\"fr-FR\",\"potentialAction\":[{\"@type\":\"CommentAction\",\"name\":\"Comment\",\"target\":[\"https:\/\/turismevalles.com\/benestar-i-turisme\/#respond\"]}]},{\"@type\":\"WebPage\",\"@id\":\"https:\/\/turismevalles.com\/benestar-i-turisme\/\",\"url\":\"https:\/\/turismevalles.com\/benestar-i-turisme\/\",\"name\":\"Bien-\u00eatre et tourisme : vacances \u00e0 \u00e9chelle humaine au Vall\u00e8s Oriental - Turisme Vall\u00e8s\",\"isPartOf\":{\"@id\":\"https:\/\/turismevalles.com\/en\/#website\"},\"primaryImageOfPage\":{\"@id\":\"https:\/\/turismevalles.com\/benestar-i-turisme\/#primaryimage\"},\"image\":{\"@id\":\"https:\/\/turismevalles.com\/benestar-i-turisme\/#primaryimage\"},\"thumbnailUrl\":\"https:\/\/turismevalles.com\/wp-content\/uploads\/2022\/08\/benestar-i-turisme-scaled.jpg\",\"datePublished\":\"2023-02-23T14:41:03+00:00\",\"dateModified\":\"2023-02-23T14:41:04+00:00\",\"breadcrumb\":{\"@id\":\"https:\/\/turismevalles.com\/benestar-i-turisme\/#breadcrumb\"},\"inLanguage\":\"fr-FR\",\"potentialAction\":[{\"@type\":\"ReadAction\",\"target\":[\"https:\/\/turismevalles.com\/benestar-i-turisme\/\"]}]},{\"@type\":\"ImageObject\",\"inLanguage\":\"fr-FR\",\"@id\":\"https:\/\/turismevalles.com\/benestar-i-turisme\/#primaryimage\",\"url\":\"https:\/\/turismevalles.com\/wp-content\/uploads\/2022\/08\/benestar-i-turisme-scaled.jpg\",\"contentUrl\":\"https:\/\/turismevalles.com\/wp-content\/uploads\/2022\/08\/benestar-i-turisme-scaled.jpg\",\"width\":2560,\"height\":1920,\"caption\":\"benestar i turisme\"},{\"@type\":\"BreadcrumbList\",\"@id\":\"https:\/\/turismevalles.com\/benestar-i-turisme\/#breadcrumb\",\"itemListElement\":[{\"@type\":\"ListItem\",\"position\":1,\"name\":\"Inici\",\"item\":\"https:\/\/turismevalles.com\/fr\/\"},{\"@type\":\"ListItem\",\"position\":2,\"name\":\"Bien-\u00eatre et tourisme : vacances \u00e0 \u00e9chelle humaine au Vall\u00e8s Oriental\"}]},{\"@type\":\"WebSite\",\"@id\":\"https:\/\/turismevalles.com\/en\/#website\",\"url\":\"https:\/\/turismevalles.com\/en\/\",\"name\":\"Turisme Vall\u00e8s\",\"description\":\"\",\"publisher\":{\"@id\":\"https:\/\/turismevalles.com\/en\/#organization\"},\"potentialAction\":[{\"@type\":\"SearchAction\",\"target\":{\"@type\":\"EntryPoint\",\"urlTemplate\":\"https:\/\/turismevalles.com\/en\/?s={search_term_string}\"},\"query-input\":{\"@type\":\"PropertyValueSpecification\",\"valueRequired\":true,\"valueName\":\"search_term_string\"}}],\"inLanguage\":\"fr-FR\"},{\"@type\":\"Organization\",\"@id\":\"https:\/\/turismevalles.com\/en\/#organization\",\"name\":\"Turisme Vall\u00e8s\",\"url\":\"https:\/\/turismevalles.com\/en\/\",\"logo\":{\"@type\":\"ImageObject\",\"inLanguage\":\"fr-FR\",\"@id\":\"https:\/\/turismevalles.com\/en\/#\/schema\/logo\/image\/\",\"url\":\"https:\/\/turismevalles.com\/wp-content\/uploads\/2020\/08\/cropped-logo_ca-2.png\",\"contentUrl\":\"https:\/\/turismevalles.com\/wp-content\/uploads\/2020\/08\/cropped-logo_ca-2.png\",\"width\":314,\"height\":85,\"caption\":\"Turisme Vall\u00e8s\"},\"image\":{\"@id\":\"https:\/\/turismevalles.com\/en\/#\/schema\/logo\/image\/\"}},{\"@type\":\"Person\",\"@id\":\"https:\/\/turismevalles.com\/en\/#\/schema\/person\/da3ada7244bbe32fad8e7e8236465a16\",\"name\":\"Turisme Valles\",\"image\":{\"@type\":\"ImageObject\",\"inLanguage\":\"fr-FR\",\"@id\":\"https:\/\/turismevalles.com\/en\/#\/schema\/person\/image\/\",\"url\":\"https:\/\/secure.gravatar.com\/avatar\/7e16883f64cc26bc17bd484e55e43f21867385a5cb8ebdc8b94540485c823a4b?s=96&d=mm&r=g\",\"contentUrl\":\"https:\/\/secure.gravatar.com\/avatar\/7e16883f64cc26bc17bd484e55e43f21867385a5cb8ebdc8b94540485c823a4b?s=96&d=mm&r=g\",\"caption\":\"Turisme Valles\"},\"url\":\"https:\/\/turismevalles.com\/fr\/author\/turismevallesoriental\/\"}]}<\/script>\n<!-- \/ Yoast SEO plugin. -->","yoast_head_json":{"title":"Bien-\u00eatre et tourisme : vacances \u00e0 \u00e9chelle humaine au Vall\u00e8s Oriental - Turisme Vall\u00e8s","robots":{"index":"index","follow":"follow","max-snippet":"max-snippet:-1","max-image-preview":"max-image-preview:large","max-video-preview":"max-video-preview:-1"},"canonical":"https:\/\/turismevalles.com\/benestar-i-turisme\/","og_locale":"fr_FR","og_type":"article","og_title":"Bien-\u00eatre et tourisme : vacances \u00e0 \u00e9chelle humaine au Vall\u00e8s Oriental - Turisme Vall\u00e8s","og_description":"Penser au bien-\u00eatre et tourisme est parfois une contradiction&nbsp;; tout d\u00e9pend pourtant de la destination choisie et ce que l\u2019on entend par bien-\u00eatre. Quelles sont ... Veure m\u00e9s","og_url":"https:\/\/turismevalles.com\/benestar-i-turisme\/","og_site_name":"Turisme Vall\u00e8s","article_published_time":"2023-02-23T14:41:03+00:00","article_modified_time":"2023-02-23T14:41:04+00:00","og_image":[{"width":2560,"height":1920,"url":"https:\/\/turismevalles.com\/wp-content\/uploads\/2022\/08\/benestar-i-turisme-scaled.jpg","type":"image\/jpeg"}],"author":"Turisme Valles","twitter_card":"summary_large_image","twitter_misc":{"\u00c9crit par":"Turisme Valles","Dur\u00e9e de lecture estim\u00e9e":"6 minutes"},"schema":{"@context":"https:\/\/schema.org","@graph":[{"@type":"Article","@id":"https:\/\/turismevalles.com\/benestar-i-turisme\/#article","isPartOf":{"@id":"https:\/\/turismevalles.com\/benestar-i-turisme\/"},"author":{"name":"Turisme Valles","@id":"https:\/\/turismevalles.com\/en\/#\/schema\/person\/da3ada7244bbe32fad8e7e8236465a16"},"headline":"Bien-\u00eatre et tourisme : vacances \u00e0 \u00e9chelle humaine au Vall\u00e8s Oriental","datePublished":"2023-02-23T14:41:03+00:00","dateModified":"2023-02-23T14:41:04+00:00","mainEntityOfPage":{"@id":"https:\/\/turismevalles.com\/benestar-i-turisme\/"},"wordCount":1367,"commentCount":0,"publisher":{"@id":"https:\/\/turismevalles.com\/en\/#organization"},"image":{"@id":"https:\/\/turismevalles.com\/benestar-i-turisme\/#primaryimage"},"thumbnailUrl":"https:\/\/turismevalles.com\/wp-content\/uploads\/2022\/08\/benestar-i-turisme-scaled.jpg","articleSection":["Non classifi\u00e9(e)"],"inLanguage":"fr-FR","potentialAction":[{"@type":"CommentAction","name":"Comment","target":["https:\/\/turismevalles.com\/benestar-i-turisme\/#respond"]}]},{"@type":"WebPage","@id":"https:\/\/turismevalles.com\/benestar-i-turisme\/","url":"https:\/\/turismevalles.com\/benestar-i-turisme\/","name":"Bien-\u00eatre et tourisme : vacances \u00e0 \u00e9chelle humaine au Vall\u00e8s Oriental - Turisme Vall\u00e8s","isPartOf":{"@id":"https:\/\/turismevalles.com\/en\/#website"},"primaryImageOfPage":{"@id":"https:\/\/turismevalles.com\/benestar-i-turisme\/#primaryimage"},"image":{"@id":"https:\/\/turismevalles.com\/benestar-i-turisme\/#primaryimage"},"thumbnailUrl":"https:\/\/turismevalles.com\/wp-content\/uploads\/2022\/08\/benestar-i-turisme-scaled.jpg","datePublished":"2023-02-23T14:41:03+00:00","dateModified":"2023-02-23T14:41:04+00:00","breadcrumb":{"@id":"https:\/\/turismevalles.com\/benestar-i-turisme\/#breadcrumb"},"inLanguage":"fr-FR","potentialAction":[{"@type":"ReadAction","target":["https:\/\/turismevalles.com\/benestar-i-turisme\/"]}]},{"@type":"ImageObject","inLanguage":"fr-FR","@id":"https:\/\/turismevalles.com\/benestar-i-turisme\/#primaryimage","url":"https:\/\/turismevalles.com\/wp-content\/uploads\/2022\/08\/benestar-i-turisme-scaled.jpg","contentUrl":"https:\/\/turismevalles.com\/wp-content\/uploads\/2022\/08\/benestar-i-turisme-scaled.jpg","width":2560,"height":1920,"caption":"benestar i turisme"},{"@type":"BreadcrumbList","@id":"https:\/\/turismevalles.com\/benestar-i-turisme\/#breadcrumb","itemListElement":[{"@type":"ListItem","position":1,"name":"Inici","item":"https:\/\/turismevalles.com\/fr\/"},{"@type":"ListItem","position":2,"name":"Bien-\u00eatre et tourisme : vacances \u00e0 \u00e9chelle humaine au Vall\u00e8s Oriental"}]},{"@type":"WebSite","@id":"https:\/\/turismevalles.com\/en\/#website","url":"https:\/\/turismevalles.com\/en\/","name":"Turisme Vall\u00e8s","description":"","publisher":{"@id":"https:\/\/turismevalles.com\/en\/#organization"},"potentialAction":[{"@type":"SearchAction","target":{"@type":"EntryPoint","urlTemplate":"https:\/\/turismevalles.com\/en\/?s={search_term_string}"},"query-input":{"@type":"PropertyValueSpecification","valueRequired":true,"valueName":"search_term_string"}}],"inLanguage":"fr-FR"},{"@type":"Organization","@id":"https:\/\/turismevalles.com\/en\/#organization","name":"Turisme Vall\u00e8s","url":"https:\/\/turismevalles.com\/en\/","logo":{"@type":"ImageObject","inLanguage":"fr-FR","@id":"https:\/\/turismevalles.com\/en\/#\/schema\/logo\/image\/","url":"https:\/\/turismevalles.com\/wp-content\/uploads\/2020\/08\/cropped-logo_ca-2.png","contentUrl":"https:\/\/turismevalles.com\/wp-content\/uploads\/2020\/08\/cropped-logo_ca-2.png","width":314,"height":85,"caption":"Turisme Vall\u00e8s"},"image":{"@id":"https:\/\/turismevalles.com\/en\/#\/schema\/logo\/image\/"}},{"@type":"Person","@id":"https:\/\/turismevalles.com\/en\/#\/schema\/person\/da3ada7244bbe32fad8e7e8236465a16","name":"Turisme Valles","image":{"@type":"ImageObject","inLanguage":"fr-FR","@id":"https:\/\/turismevalles.com\/en\/#\/schema\/person\/image\/","url":"https:\/\/secure.gravatar.com\/avatar\/7e16883f64cc26bc17bd484e55e43f21867385a5cb8ebdc8b94540485c823a4b?s=96&d=mm&r=g","contentUrl":"https:\/\/secure.gravatar.com\/avatar\/7e16883f64cc26bc17bd484e55e43f21867385a5cb8ebdc8b94540485c823a4b?s=96&d=mm&r=g","caption":"Turisme Valles"},"url":"https:\/\/turismevalles.com\/fr\/author\/turismevallesoriental\/"}]}},"uagb_featured_image_src":{"full":["https:\/\/turismevalles.com\/wp-content\/uploads\/2022\/08\/benestar-i-turisme-scaled.jpg",2560,1920,false],"thumbnail":["https:\/\/turismevalles.com\/wp-content\/uploads\/2022\/08\/benestar-i-turisme-150x150.jpg",150,150,true],"medium":["https:\/\/turismevalles.com\/wp-content\/uploads\/2022\/08\/benestar-i-turisme-300x225.jpg",300,225,true],"medium_large":["https:\/\/turismevalles.com\/wp-content\/uploads\/2022\/08\/benestar-i-turisme-768x576.jpg",768,576,true],"large":["https:\/\/turismevalles.com\/wp-content\/uploads\/2022\/08\/benestar-i-turisme-1024x768.jpg",1024,768,true],"thumblist":["https:\/\/turismevalles.com\/wp-content\/uploads\/2022\/08\/benestar-i-turisme-300x300.jpg",300,300,true],"meccarouselthumb":["https:\/\/turismevalles.com\/wp-content\/uploads\/2022\/08\/benestar-i-turisme-474x324.jpg",474,324,true],"gridsquare":["https:\/\/turismevalles.com\/wp-content\/uploads\/2022\/08\/benestar-i-turisme-391x260.jpg",391,260,true],"tileview":["https:\/\/turismevalles.com\/wp-content\/uploads\/2022\/08\/benestar-i-turisme-300x400.jpg",300,400,true],"1536x1536":["https:\/\/turismevalles.com\/wp-content\/uploads\/2022\/08\/benestar-i-turisme-1536x1152.jpg",1536,1152,true],"2048x2048":["https:\/\/turismevalles.com\/wp-content\/uploads\/2022\/08\/benestar-i-turisme-2048x1536.jpg",2048,1536,true]},"uagb_author_info":{"display_name":"Turisme Valles","author_link":"https:\/\/turismevalles.com\/fr\/author\/turismevallesoriental\/"},"uagb_comment_info":0,"uagb_excerpt":"Penser au bien-\u00eatre et tourisme est parfois une contradiction&nbsp;; tout d\u00e9pend pourtant de la destination choisie et ce que l\u2019on entend par bien-\u00eatre. Quelles sont ... Veure m\u00e9s","_links":{"self":[{"href":"https:\/\/turismevalles.com\/fr\/wp-json\/wp\/v2\/posts\/24986","targetHints":{"allow":["GET"]}}],"collection":[{"href":"https:\/\/turismevalles.com\/fr\/wp-json\/wp\/v2\/posts"}],"about":[{"href":"https:\/\/turismevalles.com\/fr\/wp-json\/wp\/v2\/types\/post"}],"author":[{"embeddable":true,"href":"https:\/\/turismevalles.com\/fr\/wp-json\/wp\/v2\/users\/5"}],"replies":[{"embeddable":true,"href":"https:\/\/turismevalles.com\/fr\/wp-json\/wp\/v2\/comments?post=24986"}],"version-history":[{"count":0,"href":"https:\/\/turismevalles.com\/fr\/wp-json\/wp\/v2\/posts\/24986\/revisions"}],"wp:featuredmedia":[{"embeddable":true,"href":"https:\/\/turismevalles.com\/fr\/wp-json\/wp\/v2\/media\/21636"}],"wp:attachment":[{"href":"https:\/\/turismevalles.com\/fr\/wp-json\/wp\/v2\/media?parent=24986"}],"wp:term":[{"taxonomy":"category","embeddable":true,"href":"https:\/\/turismevalles.com\/fr\/wp-json\/wp\/v2\/categories?post=24986"},{"taxonomy":"post_tag","embeddable":true,"href":"https:\/\/turismevalles.com\/fr\/wp-json\/wp\/v2\/tags?post=24986"}],"curies":[{"name":"wp","href":"https:\/\/api.w.org\/{rel}","templated":true}]}}