{"id":24988,"date":"2023-02-23T15:46:41","date_gmt":"2023-02-23T14:46:41","guid":{"rendered":"http:\/\/turismevalles.com.mialias.net\/?p=24988"},"modified":"2023-02-23T15:46:42","modified_gmt":"2023-02-23T14:46:42","slug":"cyclisme-et-mindfulness-le-meilleur-des-deux-mondes","status":"publish","type":"post","link":"https:\/\/turismevalles.com\/fr\/cyclisme-et-mindfulness-le-meilleur-des-deux-mondes\/","title":{"rendered":"Cyclisme et mindfulness : le meilleur des deux mondes"},"content":{"rendered":"\n<h2 class=\"gb-headline gb-headline-c40df6e4 gb-headline-text\"><strong>Le cyclisme et le mindfulness sont le tandem parfait pour explorer de nouveaux chemins de connaissance personnelle tout en roulant sur deux roues. Nous ne nous conformons pas seulement par faire du sport ou \u00e9chapper de la routine, ajoutons-y un nouvel ingr\u00e9dient : la pleine conscience.<\/strong><\/h2>\n\n\n\n<h2 class=\"gb-headline gb-headline-3ae8a62a gb-headline-text\"><strong>Que signifie le mindfulness ?<\/strong><\/h2>\n\n\n\n<p>Pour ceux qui ne seraient pas familiaris\u00e9s avec ce terme, <em>mindfulness<\/em> est le terme anglo-saxon pour ce que l\u2019on connait comme <em>pleine conscience<\/em>.<\/p>\n\n\n\n<p>Et qu\u2019est-ce que la pleine conscience&nbsp;?<\/p>\n\n\n\n<p>C\u2019est une technique qui implique la pr\u00e9sence de corps et d\u2019esprit dans tout ce que vous faites.<\/p>\n\n\n\n<p>Clairement, c\u2019est vouloir jouir du moment pr\u00e9sent et exprimer chaque jour au maximum.<\/p>\n\n\n\n<p>\u00catre attentif et observateur.<\/p>\n\n\n\n<p>\u00c7a signifie aussi \u00eatre aimable avec soi-m\u00eame et envers ses \u00e9motions, et ne pas se laisser attraper par l\u2019exc\u00e8s de pens\u00e9es ou la pr\u00e9occupation pour l\u2019avenir.<\/p>\n\n\n\n<p>La pleine conscience est un outil puissant qui peut aider \u00e0 nous sentir plus tranquilles, plus heureux et plus contr\u00f4l\u00e9s. \u00c7a nous aide \u00e0 lutter contre les sentiments difficiles et \u00e0 se relaxer en situation de stress.<\/p>\n\n\n\n<p>En r\u00e9sum\u00e9, \u00e7a aide \u00e0 mieux affronter les difficult\u00e9s de la vie.<\/p>\n\n\n\n<h2 class=\"gb-headline gb-headline-bc3233f7 gb-headline-text\"><strong>Ainsi que si vous souhaitez en savoir un peu plus sur comment combiner le cyclisme et le mindfulness, restez avec nous et continuez \u00e0 lire.<\/strong><\/h2>\n\n\n\n<h2 class=\"gb-headline gb-headline-64e97aac gb-headline-text\"><strong>Comment incorporer le mindfulness a votre vie quotidienne&nbsp;?<\/strong><\/h2>\n\n\n\n<p>Le fait est que le monde du mindfulness est en train de cro\u00eetre exponentiellement et que, chaque jour, plus de personnes de diff\u00e9rents domaines red\u00e9couvrent les b\u00e9n\u00e9fices de sa pratique.<\/p>\n\n\n\n<p>Son objectif est de contr\u00f4ler ces \u00e9motions et pens\u00e9es n\u00e9gatives qui nous harc\u00e8lent, et cela sans pr\u00e9venir, \u00e0 tout moment, nous g\u00e2chant ainsi notre journ\u00e9e.<\/p>\n\n\n\n<p>Sa pratique requi\u00e8re du temps et de l\u2019engagement, mais, une fois acquise, elle peut s\u2019appliquer dans des endroits divers, tels que le train, en cuisinant, au travail ou m\u00eame, et c\u2019est ce dont nous allons parler, \u00e0 v\u00e9lo.<\/p>\n\n\n\n<h2 class=\"gb-headline gb-headline-92f89527 gb-headline-text\"><strong>Que faut-il prendre en consid\u00e9ration pour commencer \u00e0 pratiquer&nbsp;?<\/strong><\/h2>\n\n\n\n<p>Respiration consciente<\/p>\n\n\n\n<p>Commencez par vous concentrer sur votre respiration. Comment entre et sort-elle de votre corps ? Observez s\u2019il y a une tension dans la poitrine ou l\u2019estomac, si l\u2019air est froid ou chaud quand il entre et sort du nez.<\/p>\n\n\n\n<p>ll est possible que vous notiez que votre respiration change de fa\u00e7on naturelle avec le temps&nbsp;: vous respirez parfois rapidement, d\u2019autre fois vous respirez peu \u00e0 peu, vous pouvez \u00e9galement remarquer que votre respiration devient superficielle quand vous \u00eates stress\u00e9.<\/p>\n\n\n\n<p>Il s\u2019agit, dans les moments o\u00f9 votre respiration se trouve alt\u00e9r\u00e9e, de prendre quelques minutes de repos pour l\u2019\u00e9quilibrer \u00e0 nouveau.<\/p>\n\n\n\n<p>M\u00e9ditation<\/p>\n\n\n\n<p>Une bonne mani\u00e8re de commencer \u00e0 pratiquer la pleine conscience est la m\u00e9ditation. Asseyez-vous confortablement en angle droit et fermez les yeux ou fixez doucement un point vers l\u2019avant. Laissez entrer et sortir de votre conscience vos pens\u00e9es sans porter de jugement.<\/p>\n\n\n\n<p>Afin de pouvoir \u00e9loigner vos pens\u00e9es n\u00e9gatives et vos angoisses, pensez \u00e0 un lieu o\u00f9 vous aimez beaucoup \u00eatre ou essayez de visualiser une situation lors de laquelle vous vous \u00eates senti tr\u00e8s heureux. Une fois l\u00e0, revivez comment vous vous \u00eates senti \u00e0 ce moment-l\u00e0 et tentez d\u2019amener cette \u00e9motion positive dans le pr\u00e9sent.<\/p>\n\n\n\n<p>Le pouvoir des aliments<\/p>\n\n\n\n<p>On dit que l\u2019estomac est comme un cerveau et, donc, qu\u2019une bonne ou une mauvaise digestion peut alt\u00e9rer nos \u00e9motions et nos pens\u00e9es. Le mindfulness conseille de manger petit \u00e0 petit en nous concentrant bien sur la saveur et la texture des aliments. Il nous informe \u00e9galement que ce que nous pensons pendant que nous mangeons est tr\u00e8s important : il nous recommande d\u2019\u00eatre capable de centrer notre esprit sur ce moment pr\u00e9cis, il ne nous conseille donc pas de regarder les nouvelles ou de lire des rapports de travail pendant le repas.<\/p>\n\n\n\n<p>Relaxation musculaire<\/p>\n\n\n\n<p>Savoir contracter et rel\u00e2cher des groupes de muscles, comme ceux du visage, de l\u2019abdomen, ou des bras et des mains peut nous aider \u00e0 prendre conscience de notre corps et de commencer \u00e0 l\u2019\u00e9couter.<\/p>\n\n\n\n<p>Il faut penser que beaucoup de douleurs corporelles dont nous souffrons sont provoqu\u00e9es par nos propres \u00e9motions.<\/p>\n\n\n\n<p>Pratiquer un exercice de relaxation avant de se coucher vous aidera \u00e0 vous exercer et \u00e0 vous l\u2019appliquer, au besoin, \u00e0 un autre moment de la journ\u00e9e.<\/p>\n\n\n\n<h2 class=\"gb-headline gb-headline-a3b08227 gb-headline-text\"><strong>Comment le cyclisme affecte votre \u00e9tat d\u2019esprit&nbsp;?<\/strong><\/h2>\n\n\n\n<p>Rouler \u00e0 v\u00e9lo est une merveilleuse mani\u00e8re de garder la forme, d\u2019\u00e9chapper de la routine quotidienne et de se sentir bien.<\/p>\n\n\n\n<p>Les recherches d\u00e9montrent que la pratique du cyclisme peut augmenter le bonheur jusqu\u2019\u00e0 63 %, gr\u00e2ce \u00e0 une plus grande exposition \u00e0 la lumi\u00e8re solaire et au contact \u00e0 l\u2019air libre.<\/p>\n\n\n\n<p>Actuellement, la pr\u00e9cipitation, le trafic ou la contamination affectent nos vies de fa\u00e7on diff\u00e9rente mais ce qui nous affecte le plus, surtout en ville, c\u2019est le fameux stress, bien connu de tous.<\/p>\n\n\n\n<p>Quand nous sommes \u00e0 la limite de nos possibilit\u00e9s, nous cessons de respecter les d\u00e9lais au travail, nous souffrons d\u2019insomnie ou d\u2019\u00e9pisodes d\u2019anxi\u00e9t\u00e9 ou encore de d\u00e9s\u00e9quilibres alimentaires.<\/p>\n\n\n\n<p>C\u2019est juste que nous n\u2019en pouvons plus.<\/p>\n\n\n\n<p>Voil\u00e0 pourquoi rouler \u00e0 v\u00e9lo nous aide \u00e0 donner une dimension plus humaine, durable et amusante \u00e0 notre vie.<\/p>\n\n\n\n<p>Par ailleurs, en termes de sant\u00e9, la pratique du cyclisme aide \u00e0 r\u00e9duire la pression art\u00e9rielle et \u00e0 diminuer les niveaux de cortisol (l\u2019hormone du stress) et donc de r\u00e9duire le risque de maladies cardiaques ou les accidents vasculaires c\u00e9r\u00e9braux.<\/p>\n\n\n\n<p>D\u2019autre part, comme avec d\u2019autres activit\u00e9s physiques, le cyclisme aide \u00e0 lib\u00e9rer des endorphines et de la dopamine, appel\u00e9es les hormones du bonheur.<\/p>\n\n\n\n<p>En cons\u00e9quence, si vous \u00eates de ceux qui vont \u00e0 v\u00e9lo au travail ou bien si vous allez une fois par semaine \u00e0 la montagne faire une bonne promenade, rouler \u00e0 v\u00e9lo vous aidera \u00e0 vous sentir \u00e9motionnellement plus fort afin d\u2019affronter les d\u00e9fis de la vie dans une perspective plus positive.<\/p>\n\n\n\n<h2 class=\"gb-headline gb-headline-5a5e3770 gb-headline-text\"><strong>Quels sont les b\u00e9n\u00e9fices de combiner cyclisme et mindfulness&nbsp;?<\/strong><\/h2>\n\n\n\n<p>Maintenant que nous connaissons les b\u00e9n\u00e9fices du cyclisme et de la pleine conscience s\u00e9par\u00e9ment, il est temps de voir comment on les combine pour que leur pratique ne laisse indiff\u00e9rent aucun de nos cinq sens.<\/p>\n\n\n\n<p>Dans le monde du sport, Patricia Ram\u00edrez, sp\u00e9cialiste en psychologie sportive,&nbsp;dans son article www.sportlife.es dit du mindfulness qu\u2019il :<\/p>\n\n\n\n<p>\u00ab Augmente la concentration, am\u00e9liore l\u2019attention et r\u00e9gule les \u00e9motions,<\/p>\n\n\n\n<p>ces aspects \u00e9tant les cl\u00e9s pour am\u00e9liorer le rendement sportif.<\/p>\n\n\n\n<p>Cela consiste \u00e0 arriver \u00e0 ce que toute notre attention soit dirig\u00e9e vers un unique objectif&nbsp;:<\/p>\n\n\n\n<p>ce que vous \u00eates en train de faire, que ce soit courir, nager, sauter ou jouer au football&nbsp;\u00bb.<\/p>\n\n\n\n<p>Si nous devons extraire un mot-cl\u00e9 de l\u2019explication de Patricia, ce serait le mot<strong>&nbsp;<em>focus<\/em>.<\/strong><\/p>\n\n\n\n<p>Cyclisme et mindfulness veut dire que, durant la pratique du cyclisme, nous nous centrons sur des aspects tels que la mani\u00e8re de p\u00e9daler, notre respiration ou la force que nous utilisons dans nos bras et nos mains lorsque nous prenons le guidon du v\u00e9lo.<\/p>\n\n\n\n<p>Nous nous centrons \u00e9galement sur notre route, la signalisation et nous jouissons du paysage.<\/p>\n\n\n\n<p>Il est inutile de faire une route en VTT dans la montagne si nous pensons ou parlons sans arr\u00eat de nos probl\u00e8mes personnels ou professionnels.<\/p>\n\n\n\n<p>En outre, nous pouvons m\u00eame arriver \u00e0 nous blesser ou avoir un accident si nos pens\u00e9es ne sont pas o\u00f9 elles doivent \u00eatre.<\/p>\n\n\n\n<p>Le mindfulness appliqu\u00e9 au cyclisme veut dire que chaque fois que notre esprit divague, nous devons nous rendre compte qu\u2019il le fait et \u00eatre capables de le r\u00e9cup\u00e9rer et le ramener au moment pr\u00e9sent.<\/p>\n\n\n\n<p>C\u2019est de cette mani\u00e8re que nous atteindrons la pleine conscience de ce que nous faisons et que nous pourrons jouir pleinement et en assimiler tous les b\u00e9n\u00e9fices.<\/p>\n\n\n\n<h2 class=\"gb-headline gb-headline-b90405fa gb-headline-text\"><strong>Quels seront donc, les r\u00e9sultats de combiner cyclisme et mindfulness ?<\/strong><\/h2>\n\n\n\n<p>Apr\u00e8s tout ce que nous avons expliqu\u00e9, c\u2019est s\u00fbr que \u00e7a vous sera b\u00e9n\u00e9fique.<\/p>\n\n\n\n<p>Aucun doute l\u00e0-dessus. Que ce soit pour l\u2019activit\u00e9 physique en soi ou pour la pleine conscience \u00e0 laquelle vous vous consacrerez consciemment.<\/p>\n\n\n\n<p>Le m\u00e9lange de cyclisme et de mindfulness vous garantit une d\u00e9connexion totale de l\u2019afflux de pens\u00e9es qui nous passent par la t\u00eate jour apr\u00e8s jour.<\/p>\n\n\n\n<p>Ce moment de coup de balais mental ainsi que de jouissance, s\u2019il est fait avec assiduit\u00e9, aura pour r\u00e9sultat un meilleur contr\u00f4le du stress, de l\u2019anxi\u00e9t\u00e9 et m\u00eame des douleurs corporelles, telles que les contractures dont nous souffrons tout au long de l\u2019ann\u00e9e.<\/p>\n\n\n\n<p>\u00c7a vous dit de rejoindre le <em>v\u00e9lofulness <\/em>?<\/p>\n","protected":false},"excerpt":{"rendered":"<p>Le cyclisme et le mindfulness sont le tandem parfait pour explorer de nouveaux chemins de connaissance personnelle tout en roulant sur deux roues. Nous ne &#8230; <a title=\"Cyclisme et mindfulness : le meilleur des deux mondes\" class=\"read-more\" href=\"https:\/\/turismevalles.com\/fr\/cyclisme-et-mindfulness-le-meilleur-des-deux-mondes\/\" aria-label=\"More on Cyclisme et mindfulness : le meilleur des deux mondes\">Veure m\u00e9s<\/a><\/p>\n","protected":false},"author":5,"featured_media":18987,"comment_status":"open","ping_status":"closed","sticky":false,"template":"","format":"standard","meta":{"_acf_changed":false,"inline_featured_image":false,"_uag_custom_page_level_css":"","footnotes":""},"categories":[113],"tags":[],"class_list":["post-24988","post","type-post","status-publish","format-standard","has-post-thumbnail","hentry","category-non-classifiee","generate-columns","tablet-grid-50","mobile-grid-100","grid-parent","grid-33"],"acf":[],"yoast_head":"<!-- This site is optimized with the Yoast SEO plugin v26.4 - https:\/\/yoast.com\/wordpress\/plugins\/seo\/ -->\n<title>Cyclisme et mindfulness : le meilleur des deux mondes - Turisme Vall\u00e8s<\/title>\n<meta name=\"robots\" content=\"index, follow, max-snippet:-1, max-image-preview:large, max-video-preview:-1\" \/>\n<link rel=\"canonical\" href=\"https:\/\/turismevalles.com\/ciclisme-i-mindfulness\/\" \/>\n<meta property=\"og:locale\" content=\"fr_FR\" \/>\n<meta property=\"og:type\" content=\"article\" \/>\n<meta property=\"og:title\" content=\"Cyclisme et mindfulness : le meilleur des deux mondes - Turisme Vall\u00e8s\" \/>\n<meta property=\"og:description\" content=\"Le cyclisme et le mindfulness sont le tandem parfait pour explorer de nouveaux chemins de connaissance personnelle tout en roulant sur deux roues. Nous ne ... Veure m\u00e9s\" \/>\n<meta property=\"og:url\" content=\"https:\/\/turismevalles.com\/ciclisme-i-mindfulness\/\" \/>\n<meta property=\"og:site_name\" content=\"Turisme Vall\u00e8s\" \/>\n<meta property=\"article:published_time\" content=\"2023-02-23T14:46:41+00:00\" \/>\n<meta property=\"article:modified_time\" content=\"2023-02-23T14:46:42+00:00\" \/>\n<meta property=\"og:image\" content=\"https:\/\/turismevalles.com\/wp-content\/uploads\/2022\/03\/bicicleta-y-mindfullness-scaled.jpg\" \/>\n\t<meta property=\"og:image:width\" content=\"2560\" \/>\n\t<meta property=\"og:image:height\" content=\"1707\" \/>\n\t<meta property=\"og:image:type\" content=\"image\/jpeg\" \/>\n<meta name=\"author\" content=\"Turisme Valles\" \/>\n<meta name=\"twitter:card\" content=\"summary_large_image\" \/>\n<meta name=\"twitter:label1\" content=\"\u00c9crit par\" \/>\n\t<meta name=\"twitter:data1\" content=\"Turisme Valles\" \/>\n\t<meta name=\"twitter:label2\" content=\"Dur\u00e9e de lecture estim\u00e9e\" \/>\n\t<meta name=\"twitter:data2\" content=\"7 minutes\" \/>\n<script type=\"application\/ld+json\" class=\"yoast-schema-graph\">{\"@context\":\"https:\/\/schema.org\",\"@graph\":[{\"@type\":\"Article\",\"@id\":\"https:\/\/turismevalles.com\/ciclisme-i-mindfulness\/#article\",\"isPartOf\":{\"@id\":\"https:\/\/turismevalles.com\/ciclisme-i-mindfulness\/\"},\"author\":{\"name\":\"Turisme Valles\",\"@id\":\"https:\/\/turismevalles.com\/en\/#\/schema\/person\/da3ada7244bbe32fad8e7e8236465a16\"},\"headline\":\"Cyclisme et mindfulness : le meilleur des deux mondes\",\"datePublished\":\"2023-02-23T14:46:41+00:00\",\"dateModified\":\"2023-02-23T14:46:42+00:00\",\"mainEntityOfPage\":{\"@id\":\"https:\/\/turismevalles.com\/ciclisme-i-mindfulness\/\"},\"wordCount\":1520,\"commentCount\":0,\"publisher\":{\"@id\":\"https:\/\/turismevalles.com\/en\/#organization\"},\"image\":{\"@id\":\"https:\/\/turismevalles.com\/ciclisme-i-mindfulness\/#primaryimage\"},\"thumbnailUrl\":\"https:\/\/turismevalles.com\/wp-content\/uploads\/2022\/03\/bicicleta-y-mindfullness-scaled.jpg\",\"articleSection\":[\"Non classifi\u00e9(e)\"],\"inLanguage\":\"fr-FR\",\"potentialAction\":[{\"@type\":\"CommentAction\",\"name\":\"Comment\",\"target\":[\"https:\/\/turismevalles.com\/ciclisme-i-mindfulness\/#respond\"]}]},{\"@type\":\"WebPage\",\"@id\":\"https:\/\/turismevalles.com\/ciclisme-i-mindfulness\/\",\"url\":\"https:\/\/turismevalles.com\/ciclisme-i-mindfulness\/\",\"name\":\"Cyclisme et mindfulness : le meilleur des deux mondes - Turisme Vall\u00e8s\",\"isPartOf\":{\"@id\":\"https:\/\/turismevalles.com\/en\/#website\"},\"primaryImageOfPage\":{\"@id\":\"https:\/\/turismevalles.com\/ciclisme-i-mindfulness\/#primaryimage\"},\"image\":{\"@id\":\"https:\/\/turismevalles.com\/ciclisme-i-mindfulness\/#primaryimage\"},\"thumbnailUrl\":\"https:\/\/turismevalles.com\/wp-content\/uploads\/2022\/03\/bicicleta-y-mindfullness-scaled.jpg\",\"datePublished\":\"2023-02-23T14:46:41+00:00\",\"dateModified\":\"2023-02-23T14:46:42+00:00\",\"breadcrumb\":{\"@id\":\"https:\/\/turismevalles.com\/ciclisme-i-mindfulness\/#breadcrumb\"},\"inLanguage\":\"fr-FR\",\"potentialAction\":[{\"@type\":\"ReadAction\",\"target\":[\"https:\/\/turismevalles.com\/ciclisme-i-mindfulness\/\"]}]},{\"@type\":\"ImageObject\",\"inLanguage\":\"fr-FR\",\"@id\":\"https:\/\/turismevalles.com\/ciclisme-i-mindfulness\/#primaryimage\",\"url\":\"https:\/\/turismevalles.com\/wp-content\/uploads\/2022\/03\/bicicleta-y-mindfullness-scaled.jpg\",\"contentUrl\":\"https:\/\/turismevalles.com\/wp-content\/uploads\/2022\/03\/bicicleta-y-mindfullness-scaled.jpg\",\"width\":2560,\"height\":1707,\"caption\":\"Outdoor shot of young European male wearing cycling clothing, helmet and glasses standing on track in woods with his electric bicycle having ride in nature for making his mind and clearing head\"},{\"@type\":\"BreadcrumbList\",\"@id\":\"https:\/\/turismevalles.com\/ciclisme-i-mindfulness\/#breadcrumb\",\"itemListElement\":[{\"@type\":\"ListItem\",\"position\":1,\"name\":\"Inici\",\"item\":\"https:\/\/turismevalles.com\/fr\/\"},{\"@type\":\"ListItem\",\"position\":2,\"name\":\"Cyclisme et mindfulness : le meilleur des deux mondes\"}]},{\"@type\":\"WebSite\",\"@id\":\"https:\/\/turismevalles.com\/en\/#website\",\"url\":\"https:\/\/turismevalles.com\/en\/\",\"name\":\"Turisme Vall\u00e8s\",\"description\":\"\",\"publisher\":{\"@id\":\"https:\/\/turismevalles.com\/en\/#organization\"},\"potentialAction\":[{\"@type\":\"SearchAction\",\"target\":{\"@type\":\"EntryPoint\",\"urlTemplate\":\"https:\/\/turismevalles.com\/en\/?s={search_term_string}\"},\"query-input\":{\"@type\":\"PropertyValueSpecification\",\"valueRequired\":true,\"valueName\":\"search_term_string\"}}],\"inLanguage\":\"fr-FR\"},{\"@type\":\"Organization\",\"@id\":\"https:\/\/turismevalles.com\/en\/#organization\",\"name\":\"Turisme Vall\u00e8s\",\"url\":\"https:\/\/turismevalles.com\/en\/\",\"logo\":{\"@type\":\"ImageObject\",\"inLanguage\":\"fr-FR\",\"@id\":\"https:\/\/turismevalles.com\/en\/#\/schema\/logo\/image\/\",\"url\":\"https:\/\/turismevalles.com\/wp-content\/uploads\/2020\/08\/cropped-logo_ca-2.png\",\"contentUrl\":\"https:\/\/turismevalles.com\/wp-content\/uploads\/2020\/08\/cropped-logo_ca-2.png\",\"width\":314,\"height\":85,\"caption\":\"Turisme Vall\u00e8s\"},\"image\":{\"@id\":\"https:\/\/turismevalles.com\/en\/#\/schema\/logo\/image\/\"}},{\"@type\":\"Person\",\"@id\":\"https:\/\/turismevalles.com\/en\/#\/schema\/person\/da3ada7244bbe32fad8e7e8236465a16\",\"name\":\"Turisme Valles\",\"image\":{\"@type\":\"ImageObject\",\"inLanguage\":\"fr-FR\",\"@id\":\"https:\/\/turismevalles.com\/en\/#\/schema\/person\/image\/\",\"url\":\"https:\/\/secure.gravatar.com\/avatar\/7e16883f64cc26bc17bd484e55e43f21867385a5cb8ebdc8b94540485c823a4b?s=96&d=mm&r=g\",\"contentUrl\":\"https:\/\/secure.gravatar.com\/avatar\/7e16883f64cc26bc17bd484e55e43f21867385a5cb8ebdc8b94540485c823a4b?s=96&d=mm&r=g\",\"caption\":\"Turisme Valles\"},\"url\":\"https:\/\/turismevalles.com\/fr\/author\/turismevallesoriental\/\"}]}<\/script>\n<!-- \/ Yoast SEO plugin. -->","yoast_head_json":{"title":"Cyclisme et mindfulness : le meilleur des deux mondes - Turisme Vall\u00e8s","robots":{"index":"index","follow":"follow","max-snippet":"max-snippet:-1","max-image-preview":"max-image-preview:large","max-video-preview":"max-video-preview:-1"},"canonical":"https:\/\/turismevalles.com\/ciclisme-i-mindfulness\/","og_locale":"fr_FR","og_type":"article","og_title":"Cyclisme et mindfulness : le meilleur des deux mondes - Turisme Vall\u00e8s","og_description":"Le cyclisme et le mindfulness sont le tandem parfait pour explorer de nouveaux chemins de connaissance personnelle tout en roulant sur deux roues. Nous ne ... Veure m\u00e9s","og_url":"https:\/\/turismevalles.com\/ciclisme-i-mindfulness\/","og_site_name":"Turisme Vall\u00e8s","article_published_time":"2023-02-23T14:46:41+00:00","article_modified_time":"2023-02-23T14:46:42+00:00","og_image":[{"width":2560,"height":1707,"url":"https:\/\/turismevalles.com\/wp-content\/uploads\/2022\/03\/bicicleta-y-mindfullness-scaled.jpg","type":"image\/jpeg"}],"author":"Turisme Valles","twitter_card":"summary_large_image","twitter_misc":{"\u00c9crit par":"Turisme Valles","Dur\u00e9e de lecture estim\u00e9e":"7 minutes"},"schema":{"@context":"https:\/\/schema.org","@graph":[{"@type":"Article","@id":"https:\/\/turismevalles.com\/ciclisme-i-mindfulness\/#article","isPartOf":{"@id":"https:\/\/turismevalles.com\/ciclisme-i-mindfulness\/"},"author":{"name":"Turisme Valles","@id":"https:\/\/turismevalles.com\/en\/#\/schema\/person\/da3ada7244bbe32fad8e7e8236465a16"},"headline":"Cyclisme et mindfulness : le meilleur des deux mondes","datePublished":"2023-02-23T14:46:41+00:00","dateModified":"2023-02-23T14:46:42+00:00","mainEntityOfPage":{"@id":"https:\/\/turismevalles.com\/ciclisme-i-mindfulness\/"},"wordCount":1520,"commentCount":0,"publisher":{"@id":"https:\/\/turismevalles.com\/en\/#organization"},"image":{"@id":"https:\/\/turismevalles.com\/ciclisme-i-mindfulness\/#primaryimage"},"thumbnailUrl":"https:\/\/turismevalles.com\/wp-content\/uploads\/2022\/03\/bicicleta-y-mindfullness-scaled.jpg","articleSection":["Non classifi\u00e9(e)"],"inLanguage":"fr-FR","potentialAction":[{"@type":"CommentAction","name":"Comment","target":["https:\/\/turismevalles.com\/ciclisme-i-mindfulness\/#respond"]}]},{"@type":"WebPage","@id":"https:\/\/turismevalles.com\/ciclisme-i-mindfulness\/","url":"https:\/\/turismevalles.com\/ciclisme-i-mindfulness\/","name":"Cyclisme et mindfulness : le meilleur des deux mondes - Turisme Vall\u00e8s","isPartOf":{"@id":"https:\/\/turismevalles.com\/en\/#website"},"primaryImageOfPage":{"@id":"https:\/\/turismevalles.com\/ciclisme-i-mindfulness\/#primaryimage"},"image":{"@id":"https:\/\/turismevalles.com\/ciclisme-i-mindfulness\/#primaryimage"},"thumbnailUrl":"https:\/\/turismevalles.com\/wp-content\/uploads\/2022\/03\/bicicleta-y-mindfullness-scaled.jpg","datePublished":"2023-02-23T14:46:41+00:00","dateModified":"2023-02-23T14:46:42+00:00","breadcrumb":{"@id":"https:\/\/turismevalles.com\/ciclisme-i-mindfulness\/#breadcrumb"},"inLanguage":"fr-FR","potentialAction":[{"@type":"ReadAction","target":["https:\/\/turismevalles.com\/ciclisme-i-mindfulness\/"]}]},{"@type":"ImageObject","inLanguage":"fr-FR","@id":"https:\/\/turismevalles.com\/ciclisme-i-mindfulness\/#primaryimage","url":"https:\/\/turismevalles.com\/wp-content\/uploads\/2022\/03\/bicicleta-y-mindfullness-scaled.jpg","contentUrl":"https:\/\/turismevalles.com\/wp-content\/uploads\/2022\/03\/bicicleta-y-mindfullness-scaled.jpg","width":2560,"height":1707,"caption":"Outdoor shot of young European male wearing cycling clothing, helmet and glasses standing on track in woods with his electric bicycle having ride in nature for making his mind and clearing head"},{"@type":"BreadcrumbList","@id":"https:\/\/turismevalles.com\/ciclisme-i-mindfulness\/#breadcrumb","itemListElement":[{"@type":"ListItem","position":1,"name":"Inici","item":"https:\/\/turismevalles.com\/fr\/"},{"@type":"ListItem","position":2,"name":"Cyclisme et mindfulness : le meilleur des deux mondes"}]},{"@type":"WebSite","@id":"https:\/\/turismevalles.com\/en\/#website","url":"https:\/\/turismevalles.com\/en\/","name":"Turisme Vall\u00e8s","description":"","publisher":{"@id":"https:\/\/turismevalles.com\/en\/#organization"},"potentialAction":[{"@type":"SearchAction","target":{"@type":"EntryPoint","urlTemplate":"https:\/\/turismevalles.com\/en\/?s={search_term_string}"},"query-input":{"@type":"PropertyValueSpecification","valueRequired":true,"valueName":"search_term_string"}}],"inLanguage":"fr-FR"},{"@type":"Organization","@id":"https:\/\/turismevalles.com\/en\/#organization","name":"Turisme Vall\u00e8s","url":"https:\/\/turismevalles.com\/en\/","logo":{"@type":"ImageObject","inLanguage":"fr-FR","@id":"https:\/\/turismevalles.com\/en\/#\/schema\/logo\/image\/","url":"https:\/\/turismevalles.com\/wp-content\/uploads\/2020\/08\/cropped-logo_ca-2.png","contentUrl":"https:\/\/turismevalles.com\/wp-content\/uploads\/2020\/08\/cropped-logo_ca-2.png","width":314,"height":85,"caption":"Turisme Vall\u00e8s"},"image":{"@id":"https:\/\/turismevalles.com\/en\/#\/schema\/logo\/image\/"}},{"@type":"Person","@id":"https:\/\/turismevalles.com\/en\/#\/schema\/person\/da3ada7244bbe32fad8e7e8236465a16","name":"Turisme Valles","image":{"@type":"ImageObject","inLanguage":"fr-FR","@id":"https:\/\/turismevalles.com\/en\/#\/schema\/person\/image\/","url":"https:\/\/secure.gravatar.com\/avatar\/7e16883f64cc26bc17bd484e55e43f21867385a5cb8ebdc8b94540485c823a4b?s=96&d=mm&r=g","contentUrl":"https:\/\/secure.gravatar.com\/avatar\/7e16883f64cc26bc17bd484e55e43f21867385a5cb8ebdc8b94540485c823a4b?s=96&d=mm&r=g","caption":"Turisme Valles"},"url":"https:\/\/turismevalles.com\/fr\/author\/turismevallesoriental\/"}]}},"uagb_featured_image_src":{"full":["https:\/\/turismevalles.com\/wp-content\/uploads\/2022\/03\/bicicleta-y-mindfullness-scaled.jpg",2560,1707,false],"thumbnail":["https:\/\/turismevalles.com\/wp-content\/uploads\/2022\/03\/bicicleta-y-mindfullness-150x150.jpg",150,150,true],"medium":["https:\/\/turismevalles.com\/wp-content\/uploads\/2022\/03\/bicicleta-y-mindfullness-300x200.jpg",300,200,true],"medium_large":["https:\/\/turismevalles.com\/wp-content\/uploads\/2022\/03\/bicicleta-y-mindfullness-768x512.jpg",768,512,true],"large":["https:\/\/turismevalles.com\/wp-content\/uploads\/2022\/03\/bicicleta-y-mindfullness-1024x683.jpg",1024,683,true],"thumblist":["https:\/\/turismevalles.com\/wp-content\/uploads\/2022\/03\/bicicleta-y-mindfullness-300x300.jpg",300,300,true],"meccarouselthumb":["https:\/\/turismevalles.com\/wp-content\/uploads\/2022\/03\/bicicleta-y-mindfullness-474x324.jpg",474,324,true],"gridsquare":["https:\/\/turismevalles.com\/wp-content\/uploads\/2022\/03\/bicicleta-y-mindfullness-391x260.jpg",391,260,true],"tileview":["https:\/\/turismevalles.com\/wp-content\/uploads\/2022\/03\/bicicleta-y-mindfullness-300x400.jpg",300,400,true],"1536x1536":["https:\/\/turismevalles.com\/wp-content\/uploads\/2022\/03\/bicicleta-y-mindfullness-1536x1024.jpg",1536,1024,true],"2048x2048":["https:\/\/turismevalles.com\/wp-content\/uploads\/2022\/03\/bicicleta-y-mindfullness-2048x1365.jpg",2048,1365,true]},"uagb_author_info":{"display_name":"Turisme Valles","author_link":"https:\/\/turismevalles.com\/fr\/author\/turismevallesoriental\/"},"uagb_comment_info":0,"uagb_excerpt":"Le cyclisme et le mindfulness sont le tandem parfait pour explorer de nouveaux chemins de connaissance personnelle tout en roulant sur deux roues. Nous ne ... Veure m\u00e9s","_links":{"self":[{"href":"https:\/\/turismevalles.com\/fr\/wp-json\/wp\/v2\/posts\/24988","targetHints":{"allow":["GET"]}}],"collection":[{"href":"https:\/\/turismevalles.com\/fr\/wp-json\/wp\/v2\/posts"}],"about":[{"href":"https:\/\/turismevalles.com\/fr\/wp-json\/wp\/v2\/types\/post"}],"author":[{"embeddable":true,"href":"https:\/\/turismevalles.com\/fr\/wp-json\/wp\/v2\/users\/5"}],"replies":[{"embeddable":true,"href":"https:\/\/turismevalles.com\/fr\/wp-json\/wp\/v2\/comments?post=24988"}],"version-history":[{"count":0,"href":"https:\/\/turismevalles.com\/fr\/wp-json\/wp\/v2\/posts\/24988\/revisions"}],"wp:featuredmedia":[{"embeddable":true,"href":"https:\/\/turismevalles.com\/fr\/wp-json\/wp\/v2\/media\/18987"}],"wp:attachment":[{"href":"https:\/\/turismevalles.com\/fr\/wp-json\/wp\/v2\/media?parent=24988"}],"wp:term":[{"taxonomy":"category","embeddable":true,"href":"https:\/\/turismevalles.com\/fr\/wp-json\/wp\/v2\/categories?post=24988"},{"taxonomy":"post_tag","embeddable":true,"href":"https:\/\/turismevalles.com\/fr\/wp-json\/wp\/v2\/tags?post=24988"}],"curies":[{"name":"wp","href":"https:\/\/api.w.org\/{rel}","templated":true}]}}