{"id":24990,"date":"2023-02-23T15:52:24","date_gmt":"2023-02-23T14:52:24","guid":{"rendered":"http:\/\/turismevalles.com.mialias.net\/?p=24990"},"modified":"2023-02-23T15:52:24","modified_gmt":"2023-02-23T14:52:24","slug":"comment-choisir-le-velo-adequat-pour-rouler-dans-le-valles-oriental","status":"publish","type":"post","link":"https:\/\/turismevalles.com\/fr\/comment-choisir-le-velo-adequat-pour-rouler-dans-le-valles-oriental\/","title":{"rendered":"Comment choisir le v\u00e9lo ad\u00e9quat pour rouler dans le Vall\u00e8s Oriental ?"},"content":{"rendered":"\n<h2 class=\"gb-headline gb-headline-19ff3584 gb-headline-text\"><strong>La diversit\u00e9 du territoire du Vall\u00e8s fait que, parfois, il puisse \u00eatre difficile de choisir la bicyclette ad\u00e9quate. Les weekends, on p\u00e9dale dans les chemins et sentiers mais, en semaine, on se d\u00e9place en ville.<\/strong><\/h2>\n\n\n\n<h2 class=\"gb-headline gb-headline-515d861e gb-headline-text\"><strong>De combien de v\u00e9los avons-nous donc besoin&nbsp;?<\/strong><\/h2>\n\n\n\n<h2 class=\"gb-headline gb-headline-9a54b8e1 gb-headline-text\"><strong>Choisir le v\u00e9lo ad\u00e9quat en fonction du terrain<\/strong><\/h2>\n\n\n\n<p>El Vall\u00e8s est une vall\u00e9e entour\u00e9e de falaises et de montagnes qui laisse beaucoup de marge aux adeptes des deux roues.<\/p>\n\n\n\n<p>Sur les zones plates de la vall\u00e9e, d\u2019un c\u00f4t\u00e9, le terrain offre des pistes agr\u00e9ables avec quelques collines de difficult\u00e9s basses ou moyennes. D\u2019un autre c\u00f4t\u00e9, c\u2019est l\u00e0 que se trouvent les villes les plus importantes comme Granollers, Mollet ou Montorn\u00e8s, connect\u00e9es entre elles par un r\u00e9seau de pistes cyclables dont un tron\u00e7on est asphalt\u00e9.<\/p>\n\n\n\n<p>Si on opte pour le haut, vers les falaises de Bert\u00ed, le Montseny ou la Cordili\u00e8re Littorale, les d\u00e9nivel\u00e9s sont plus marqu\u00e9s et les pistes se combinent avec des sentiers et des zones bois\u00e9es o\u00f9 s\u2019aventurer si on roule muni d\u2019un \u00e9quipement ad\u00e9quat.<\/p>\n\n\n\n<p>C\u2019est ainsi que, si nous voulons jouir pleinement de chaque terrain pour parcourir le Vall\u00e8s Oriental, nous devrions disposer de diff\u00e9rents types de v\u00e9los. Or, cette possibilit\u00e9 n\u2019est pas ad\u00e9quate pour tous, ni du point de vue du budget, ni de l\u2019espace.<\/p>\n\n\n\n<h2 class=\"gb-headline gb-headline-9c090668 gb-headline-text\"><strong>Commencer et puis peaufiner<\/strong><\/h2>\n\n\n\n<p>Quand on commence \u00e0 introduire le v\u00e9lo dans notre quotidien pur remplacer les v\u00e9hicules \u00e0 moteur, le plus courant est de d\u00e9poussi\u00e9rer celui que nous gardons au garage et que nous n\u2019avons plus utilis\u00e9 depuis longtemps.<\/p>\n\n\n\n<p>Voil\u00e0 pourquoi nous voyons beaucoup de v\u00e9los de montagne circulant, par exemple, sur l\u2019asphalte.<\/p>\n\n\n\n<p>C\u2019est bien comme \u00e7a, l\u2019important \u00e9tant de commencer \u00e0 p\u00e9daler sans pr\u00e9ambules.<\/p>\n\n\n\n<p>Plus tard, une fois convaincus des b\u00e9n\u00e9fices de ce nouveau style de vie, arrive le moment de faire un pas au-del\u00e0 et de chercher un v\u00e9lo qui, techniquement, nous satisfasse davantage. Des d\u00e9placements efficaces et confortables nous rendront la vie plus agr\u00e9able.<\/p>\n\n\n\n<p>Par exemple, quand on p\u00e9dale chaque jour, un type de roue nous int\u00e9resse, qui nous permette de gagner du temps sur nos d\u00e9placements avec moins d\u2019efforts. Ou bien nous sentons que la selle, le guidon ou les p\u00e9dales ne sont pas pratiques.<\/p>\n\n\n\n<p>Se rendre compte de ces aspects veut dire que nous connaissons mieux nos besoins et que c\u2019est le moment de chercher des conseils professionnels pour choisir la bicyclette la plus ad\u00e9quate pour nous.<\/p>\n\n\n\n<p>C\u2019est pourquoi nous nous sommes rendus chez <a href=\"https:\/\/www.tbikes.net\/\" target=\"_blank\" rel=\"noreferrer noopener\">T-Bikes<\/a>, \u00e0 Parets del Vall\u00e8s.<\/p>\n\n\n\n<p>Nous avons discut\u00e9 avec eux de ce que serait le v\u00e9lo id\u00e9al pour chaque occasion et de comment r\u00e9soudre les probl\u00e8mes de versatilit\u00e9 de terrain du Vall\u00e8s. La conversation fut tr\u00e8s r\u00e9v\u00e9latrice puisqu\u2019on nous a parl\u00e9 d\u2019un nouveau style de v\u00e9lo qui peut servir dans tous les cas.<\/p>\n\n\n\n<h2 class=\"gb-headline gb-headline-28fccc59 gb-headline-text\"><strong>Les gravel, les bicyclettes parfaites pour circuler dans le Vall\u00e8s<\/strong><\/h2>\n\n\n\n<p>Pour ceux qui cherchent la versatilit\u00e9 et l\u2019adaptabilit\u00e9 aux exigences d\u2019un terrain changeant comme celui du Vall\u00e8s Oriental :<\/p>\n\n\n\n<p>Qu\u2019est-ce qu\u2019il vous semblerait si on vous disait qu\u2019il existe un v\u00e9lo avec un cadre semblable aux v\u00e9los de route mais adapt\u00e9 aux chemins et avec des roues d\u2019une ampleur moyenne qui s\u2019adaptent \u00e0 diff\u00e9rents terrains&nbsp;?<\/p>\n\n\n\n<p>\u00ab Les gravel bikes sont des v\u00e9los qui sont n\u00e9s pour voyager et, en ce moment, comment elles prennent la part de march\u00e9 des v\u00e9los de route&nbsp;\u00bb<\/p>\n\n\n\n<p>Albert Padr\u00f3, technicien et assesseur chez T-Bikes<\/p>\n\n\n\n<p>Les premiers gravel bikes datent de 2015 aux \u00c9tats-Unis et apparaissent comme une \u00e9volution du cyclo-cross. Il s\u2019agit de v\u00e9los faits pour le grand public et ce qui leur permet de s\u2019\u00e9tendre, c\u2019est leur polyvalence&nbsp;:<\/p>\n\n\n\n<p>Avec un gravel bike, vous pouvez p\u00e9daler tranquillement sur l\u2019asphalte comme sur route sans craindre d\u2019en briser le cadre ni de rouler trop lentement \u00e0 cause de ses amples roues.<\/p>\n\n\n\n<p>En plus, ce v\u00e9hicule vous permet de transporter un \u00e9quipement.<\/p>\n\n\n\n<p>Comme \u00e7a arrive avec tous les styles de v\u00e9los, nous trouvons sur le march\u00e9 toutes les gammes, les basiques et la gamme moyenne ont en g\u00e9n\u00e9ral un cadre en aluminium de diff\u00e9rentes qualit\u00e9s et ceux de haute gamme, un cadre en carbone.<\/p>\n\n\n\n<p>Quant aux prix, cela peut aller de 650\u202f\u20ac jusqu\u2019\u00e0 des prix beaucoup plus hauts, qui, en fonction des mat\u00e9riaux et des compl\u00e9ments, peuvent d\u00e9passer les 8.000\u202f\u20ac.<\/p>\n\n\n\n<h2 class=\"gb-headline gb-headline-4b471b5a gb-headline-text\"><strong>Choisir le v\u00e9lo ad\u00e9quat pour courir moins de risques.<\/strong><\/h2>\n\n\n\n<p>D\u2019apr\u00e8s Albert, la raison principale pour laquelle les gravel bikes ont du succ\u00e8s et prennent des parts de march\u00e9 aux bicyclettes de route, c\u2019est pour le danger auquel s\u2019exposent les cyclistes en circulant sur des voies de transit intense.<\/p>\n\n\n\n<p>Bien que, de fa\u00e7on g\u00e9n\u00e9rale, les accidents avec des cyclistes aient diminu\u00e9 en comparaison avec il y a quinze ans, l\u2019augmentation des usagers de bicyclettes provoqu\u00e9e par la pand\u00e9mie a d\u00e9riv\u00e9 vers une hausse des accidents durant ces deux derni\u00e8res ann\u00e9es.<\/p>\n\n\n\n<p>Pour cela la communaut\u00e9 cycliste opte toujours plus pour la circulation sur des voies moins transit\u00e9es par les voitures et les camions et cherchent donc des pistes alternatives, autant pour leurs d\u00e9placements quotidiens que pour les <a href=\"http:\/\/turismevalles.com\/itineraris-municipals\/\">circuits de loisirs&nbsp;<\/a>durant les weekends.<\/p>\n\n\n\n<p>Ces changements de comportement dans l\u2019usage des v\u00e9los a provoqu\u00e9 \u00e0 la fois un changement de tendance dans l\u2019achat de bicyclettes, o\u00f9 l\u2019on remarque une baisse du march\u00e9 du v\u00e9lo de route au profit du gravel bike.<\/p>\n\n\n\n<p>\u00ab Les gravel bikes peuvent \u00eatre pulmonaires et \u00e9lectriques. Leurs ventes soutenues font penser qu\u2019il ne s\u2019agit pas seulement d\u2019une mode mais bien d\u2019un nouveau style de cyclisme qui s\u2019est introduit et qui, finalement, sera le meilleur rempla\u00e7ant de la voiture&nbsp;\u00bb.<\/p>\n\n\n\n<p>Avec ce commentaire, Albert nous ouvre un autre monde de possibilit\u00e9s, celui des <a href=\"https:\/\/www.tbikes.net\/bicicletas-electricas\/\">v\u00e9los \u00e9lectriques.<\/a><\/p>\n\n\n\n<h2 class=\"gb-headline gb-headline-fee74922 gb-headline-text\"><strong>Les \u00e9lectriques, la meilleure solution en mont\u00e9e.<\/strong><\/h2>\n\n\n\n<p>Pour se d\u00e9placer \u00e0 v\u00e9lo, un des crit\u00e8res est, sans aucun doute, \u00eatre au minimum en forme et, bien que ce soit vrai, plus on roule, plus le corps se muscle, il faut quand m\u00eame reconna\u00eetre que, certains jours, \u00e7a peut \u00eatre p\u00e9nible.<\/p>\n\n\n\n<p>Les mont\u00e9es sont un bon d\u00e9fi si vous les pratiquez une fois par semaine pour faire du sport ou vous amuser. En revanche, apr\u00e8s une journ\u00e9e de travail et dans des conditions pluvieuses ou de grande chaleur, faire la m\u00eame mont\u00e9e chaque jour peut \u00eatre un motif de poids pour garer le cycle et prendre un v\u00e9hicule \u00e0 moteur.<\/p>\n\n\n\n<p>Par cons\u00e9quent, une fois que vous avez choisi le v\u00e9lo comme moyen de transport, un v\u00e9lo \u00e9lectrique peut \u00eatre un grand alli\u00e9 pour les moments les plus difficiles.<\/p>\n\n\n\n<p>7 b\u00e9n\u00e9fices des \u00e9lectriques<\/p>\n\n\n\n<ol class=\"wp-block-list\" type=\"1\"><li>Pour les conduire, il ne faut pas de permis de conduire, ni d\u2019assurance, ni d\u2019imp\u00f4t de circulation, ni de contr\u00f4le technique. En cons\u00e9quence, c\u2019est un avantage si vous h\u00e9sitez \u00e0 acheter une moto.<\/li><li>Vous pouvez circuler sur la voie cyclable ou encore sur route et sur pistes avec une libert\u00e9 de mouvements totale.<\/li><li>Ils sont plus l\u00e9gers, propres et fiables que les v\u00e9hicules \u00e0 l\u2019essence.<\/li><li>La recharge de la batterie co\u00fbte 6 centimes, ce qui revient meilleur march\u00e9 que le transport public.<\/li><li>Vous faites de l\u2019exercice et jouis jouissez de la promenade mais vous vous appuyez sur le moteur \u00e9lectrique dans les moments les plus difficiles.<\/li><li>Ils ne contaminent pas et peuvent se recharger facilement avec l\u2019\u00e9nergie solaire ou \u00e9olique.<\/li><li>Vous pouvez les emporter dans la plupart des transports publics comme les autobus, les trains ou les trams.<\/li><\/ol>\n\n\n\n<h2 class=\"gb-headline gb-headline-1334cc89 gb-headline-text\"><strong>La question cl\u00e9 pour choisir la bicyclette ad\u00e9quate<\/strong><\/h2>\n\n\n\n<p>Dans ce post, nous vous avons parl\u00e9 du gravel bike car nous croyons que sa polyvalence le rend le plus ad\u00e9quats pour les terrains changeants du Vall\u00e8s Oriental, mais le plus important avant d\u2019acheter un v\u00e9lo, c\u2019est de se demander&nbsp;:<\/p>\n\n\n\n<p>Pourquoi est-ce que je veux un v\u00e9lo&nbsp;?<\/p>\n\n\n\n<p>R\u00e9fl\u00e9chir \u00e0 la r\u00e9ponse a plus d\u2019importance que ce qu\u2019il n\u2019y parait car ce sera la base de votre d\u00e9cision d\u2019achat.<\/p>\n\n\n\n<p>Vous en voulez un pour faire du sport le weekend&nbsp;? Pour emmener les enfants \u00e0 l\u2019\u00e9cole&nbsp;? Pour aller travailler&nbsp;?<\/p>\n\n\n\n<p>Si vous en voulez un pour diff\u00e9rentes raisons, il est probable que vous choisissiez un gravel bike, mais, au cas o\u00f9 vous la voudriez pour une raison concr\u00e8te, nous vous laissons ici le <a href=\"https:\/\/www.biciscope.com\/que-bicicleta-comprar-consejos\/\">lien vers un article<\/a>&nbsp;qui vous aidera \u00e0 vous d\u00e9cider.<\/p>\n\n\n\n<p>C\u2019est tout pour aujourd\u2019hui. Nous esp\u00e9rons avoir \u00e9clairci vos doutes et que vous voudrez vivre sur deux roues le plus vite possible.<\/p>\n","protected":false},"excerpt":{"rendered":"<p>La diversit\u00e9 du territoire du Vall\u00e8s fait que, parfois, il puisse \u00eatre difficile de choisir la bicyclette ad\u00e9quate. Les weekends, on p\u00e9dale dans les chemins &#8230; <a title=\"Comment choisir le v\u00e9lo ad\u00e9quat pour rouler dans le Vall\u00e8s Oriental ?\" class=\"read-more\" href=\"https:\/\/turismevalles.com\/fr\/comment-choisir-le-velo-adequat-pour-rouler-dans-le-valles-oriental\/\" aria-label=\"More on Comment choisir le v\u00e9lo ad\u00e9quat pour rouler dans le Vall\u00e8s Oriental ?\">Veure m\u00e9s<\/a><\/p>\n","protected":false},"author":5,"featured_media":20108,"comment_status":"open","ping_status":"closed","sticky":false,"template":"","format":"standard","meta":{"_acf_changed":false,"inline_featured_image":false,"_uag_custom_page_level_css":"","footnotes":""},"categories":[113],"tags":[],"class_list":["post-24990","post","type-post","status-publish","format-standard","has-post-thumbnail","hentry","category-non-classifiee","generate-columns","tablet-grid-50","mobile-grid-100","grid-parent","grid-33"],"acf":[],"yoast_head":"<!-- This site is optimized with the Yoast SEO plugin v26.4 - https:\/\/yoast.com\/wordpress\/plugins\/seo\/ -->\n<title>Comment choisir le v\u00e9lo ad\u00e9quat pour rouler dans le Vall\u00e8s Oriental ? - Turisme Vall\u00e8s<\/title>\n<meta name=\"robots\" content=\"index, follow, max-snippet:-1, max-image-preview:large, max-video-preview:-1\" \/>\n<link rel=\"canonical\" href=\"https:\/\/turismevalles.com\/triar-bicicleta-adequada\/\" \/>\n<meta property=\"og:locale\" content=\"fr_FR\" \/>\n<meta property=\"og:type\" content=\"article\" \/>\n<meta property=\"og:title\" content=\"Comment choisir le v\u00e9lo ad\u00e9quat pour rouler dans le Vall\u00e8s Oriental ? - Turisme Vall\u00e8s\" \/>\n<meta property=\"og:description\" content=\"La diversit\u00e9 du territoire du Vall\u00e8s fait que, parfois, il puisse \u00eatre difficile de choisir la bicyclette ad\u00e9quate. Les weekends, on p\u00e9dale dans les chemins ... Veure m\u00e9s\" \/>\n<meta property=\"og:url\" content=\"https:\/\/turismevalles.com\/triar-bicicleta-adequada\/\" \/>\n<meta property=\"og:site_name\" content=\"Turisme Vall\u00e8s\" \/>\n<meta property=\"article:published_time\" content=\"2023-02-23T14:52:24+00:00\" \/>\n<meta property=\"og:image\" content=\"https:\/\/turismevalles.com\/wp-content\/uploads\/2022\/07\/triar-la-bicicleta-adequada-scaled.jpg\" \/>\n\t<meta property=\"og:image:width\" content=\"2560\" \/>\n\t<meta property=\"og:image:height\" content=\"1707\" \/>\n\t<meta property=\"og:image:type\" content=\"image\/jpeg\" \/>\n<meta name=\"author\" content=\"Turisme Valles\" \/>\n<meta name=\"twitter:card\" content=\"summary_large_image\" \/>\n<meta name=\"twitter:label1\" content=\"\u00c9crit par\" \/>\n\t<meta name=\"twitter:data1\" content=\"Turisme Valles\" \/>\n\t<meta name=\"twitter:label2\" content=\"Dur\u00e9e de lecture estim\u00e9e\" \/>\n\t<meta name=\"twitter:data2\" content=\"6 minutes\" \/>\n<script type=\"application\/ld+json\" class=\"yoast-schema-graph\">{\"@context\":\"https:\/\/schema.org\",\"@graph\":[{\"@type\":\"Article\",\"@id\":\"https:\/\/turismevalles.com\/triar-bicicleta-adequada\/#article\",\"isPartOf\":{\"@id\":\"https:\/\/turismevalles.com\/triar-bicicleta-adequada\/\"},\"author\":{\"name\":\"Turisme Valles\",\"@id\":\"https:\/\/turismevalles.com\/en\/#\/schema\/person\/da3ada7244bbe32fad8e7e8236465a16\"},\"headline\":\"Comment choisir le v\u00e9lo ad\u00e9quat pour rouler dans le Vall\u00e8s Oriental ?\",\"datePublished\":\"2023-02-23T14:52:24+00:00\",\"mainEntityOfPage\":{\"@id\":\"https:\/\/turismevalles.com\/triar-bicicleta-adequada\/\"},\"wordCount\":1552,\"commentCount\":0,\"publisher\":{\"@id\":\"https:\/\/turismevalles.com\/en\/#organization\"},\"image\":{\"@id\":\"https:\/\/turismevalles.com\/triar-bicicleta-adequada\/#primaryimage\"},\"thumbnailUrl\":\"https:\/\/turismevalles.com\/wp-content\/uploads\/2022\/07\/triar-la-bicicleta-adequada-scaled.jpg\",\"articleSection\":[\"Non classifi\u00e9(e)\"],\"inLanguage\":\"fr-FR\",\"potentialAction\":[{\"@type\":\"CommentAction\",\"name\":\"Comment\",\"target\":[\"https:\/\/turismevalles.com\/triar-bicicleta-adequada\/#respond\"]}]},{\"@type\":\"WebPage\",\"@id\":\"https:\/\/turismevalles.com\/triar-bicicleta-adequada\/\",\"url\":\"https:\/\/turismevalles.com\/triar-bicicleta-adequada\/\",\"name\":\"Comment choisir le v\u00e9lo ad\u00e9quat pour rouler dans le Vall\u00e8s Oriental ? - Turisme Vall\u00e8s\",\"isPartOf\":{\"@id\":\"https:\/\/turismevalles.com\/en\/#website\"},\"primaryImageOfPage\":{\"@id\":\"https:\/\/turismevalles.com\/triar-bicicleta-adequada\/#primaryimage\"},\"image\":{\"@id\":\"https:\/\/turismevalles.com\/triar-bicicleta-adequada\/#primaryimage\"},\"thumbnailUrl\":\"https:\/\/turismevalles.com\/wp-content\/uploads\/2022\/07\/triar-la-bicicleta-adequada-scaled.jpg\",\"datePublished\":\"2023-02-23T14:52:24+00:00\",\"breadcrumb\":{\"@id\":\"https:\/\/turismevalles.com\/triar-bicicleta-adequada\/#breadcrumb\"},\"inLanguage\":\"fr-FR\",\"potentialAction\":[{\"@type\":\"ReadAction\",\"target\":[\"https:\/\/turismevalles.com\/triar-bicicleta-adequada\/\"]}]},{\"@type\":\"ImageObject\",\"inLanguage\":\"fr-FR\",\"@id\":\"https:\/\/turismevalles.com\/triar-bicicleta-adequada\/#primaryimage\",\"url\":\"https:\/\/turismevalles.com\/wp-content\/uploads\/2022\/07\/triar-la-bicicleta-adequada-scaled.jpg\",\"contentUrl\":\"https:\/\/turismevalles.com\/wp-content\/uploads\/2022\/07\/triar-la-bicicleta-adequada-scaled.jpg\",\"width\":2560,\"height\":1707},{\"@type\":\"BreadcrumbList\",\"@id\":\"https:\/\/turismevalles.com\/triar-bicicleta-adequada\/#breadcrumb\",\"itemListElement\":[{\"@type\":\"ListItem\",\"position\":1,\"name\":\"Inici\",\"item\":\"https:\/\/turismevalles.com\/fr\/\"},{\"@type\":\"ListItem\",\"position\":2,\"name\":\"Comment choisir le v\u00e9lo ad\u00e9quat pour rouler dans le Vall\u00e8s Oriental ?\"}]},{\"@type\":\"WebSite\",\"@id\":\"https:\/\/turismevalles.com\/en\/#website\",\"url\":\"https:\/\/turismevalles.com\/en\/\",\"name\":\"Turisme Vall\u00e8s\",\"description\":\"\",\"publisher\":{\"@id\":\"https:\/\/turismevalles.com\/en\/#organization\"},\"potentialAction\":[{\"@type\":\"SearchAction\",\"target\":{\"@type\":\"EntryPoint\",\"urlTemplate\":\"https:\/\/turismevalles.com\/en\/?s={search_term_string}\"},\"query-input\":{\"@type\":\"PropertyValueSpecification\",\"valueRequired\":true,\"valueName\":\"search_term_string\"}}],\"inLanguage\":\"fr-FR\"},{\"@type\":\"Organization\",\"@id\":\"https:\/\/turismevalles.com\/en\/#organization\",\"name\":\"Turisme Vall\u00e8s\",\"url\":\"https:\/\/turismevalles.com\/en\/\",\"logo\":{\"@type\":\"ImageObject\",\"inLanguage\":\"fr-FR\",\"@id\":\"https:\/\/turismevalles.com\/en\/#\/schema\/logo\/image\/\",\"url\":\"https:\/\/turismevalles.com\/wp-content\/uploads\/2020\/08\/cropped-logo_ca-2.png\",\"contentUrl\":\"https:\/\/turismevalles.com\/wp-content\/uploads\/2020\/08\/cropped-logo_ca-2.png\",\"width\":314,\"height\":85,\"caption\":\"Turisme Vall\u00e8s\"},\"image\":{\"@id\":\"https:\/\/turismevalles.com\/en\/#\/schema\/logo\/image\/\"}},{\"@type\":\"Person\",\"@id\":\"https:\/\/turismevalles.com\/en\/#\/schema\/person\/da3ada7244bbe32fad8e7e8236465a16\",\"name\":\"Turisme Valles\",\"image\":{\"@type\":\"ImageObject\",\"inLanguage\":\"fr-FR\",\"@id\":\"https:\/\/turismevalles.com\/en\/#\/schema\/person\/image\/\",\"url\":\"https:\/\/secure.gravatar.com\/avatar\/7e16883f64cc26bc17bd484e55e43f21867385a5cb8ebdc8b94540485c823a4b?s=96&d=mm&r=g\",\"contentUrl\":\"https:\/\/secure.gravatar.com\/avatar\/7e16883f64cc26bc17bd484e55e43f21867385a5cb8ebdc8b94540485c823a4b?s=96&d=mm&r=g\",\"caption\":\"Turisme Valles\"},\"url\":\"https:\/\/turismevalles.com\/fr\/author\/turismevallesoriental\/\"}]}<\/script>\n<!-- \/ Yoast SEO plugin. -->","yoast_head_json":{"title":"Comment choisir le v\u00e9lo ad\u00e9quat pour rouler dans le Vall\u00e8s Oriental ? - Turisme Vall\u00e8s","robots":{"index":"index","follow":"follow","max-snippet":"max-snippet:-1","max-image-preview":"max-image-preview:large","max-video-preview":"max-video-preview:-1"},"canonical":"https:\/\/turismevalles.com\/triar-bicicleta-adequada\/","og_locale":"fr_FR","og_type":"article","og_title":"Comment choisir le v\u00e9lo ad\u00e9quat pour rouler dans le Vall\u00e8s Oriental ? - Turisme Vall\u00e8s","og_description":"La diversit\u00e9 du territoire du Vall\u00e8s fait que, parfois, il puisse \u00eatre difficile de choisir la bicyclette ad\u00e9quate. Les weekends, on p\u00e9dale dans les chemins ... Veure m\u00e9s","og_url":"https:\/\/turismevalles.com\/triar-bicicleta-adequada\/","og_site_name":"Turisme Vall\u00e8s","article_published_time":"2023-02-23T14:52:24+00:00","og_image":[{"width":2560,"height":1707,"url":"https:\/\/turismevalles.com\/wp-content\/uploads\/2022\/07\/triar-la-bicicleta-adequada-scaled.jpg","type":"image\/jpeg"}],"author":"Turisme Valles","twitter_card":"summary_large_image","twitter_misc":{"\u00c9crit par":"Turisme Valles","Dur\u00e9e de lecture estim\u00e9e":"6 minutes"},"schema":{"@context":"https:\/\/schema.org","@graph":[{"@type":"Article","@id":"https:\/\/turismevalles.com\/triar-bicicleta-adequada\/#article","isPartOf":{"@id":"https:\/\/turismevalles.com\/triar-bicicleta-adequada\/"},"author":{"name":"Turisme Valles","@id":"https:\/\/turismevalles.com\/en\/#\/schema\/person\/da3ada7244bbe32fad8e7e8236465a16"},"headline":"Comment choisir le v\u00e9lo ad\u00e9quat pour rouler dans le Vall\u00e8s Oriental ?","datePublished":"2023-02-23T14:52:24+00:00","mainEntityOfPage":{"@id":"https:\/\/turismevalles.com\/triar-bicicleta-adequada\/"},"wordCount":1552,"commentCount":0,"publisher":{"@id":"https:\/\/turismevalles.com\/en\/#organization"},"image":{"@id":"https:\/\/turismevalles.com\/triar-bicicleta-adequada\/#primaryimage"},"thumbnailUrl":"https:\/\/turismevalles.com\/wp-content\/uploads\/2022\/07\/triar-la-bicicleta-adequada-scaled.jpg","articleSection":["Non classifi\u00e9(e)"],"inLanguage":"fr-FR","potentialAction":[{"@type":"CommentAction","name":"Comment","target":["https:\/\/turismevalles.com\/triar-bicicleta-adequada\/#respond"]}]},{"@type":"WebPage","@id":"https:\/\/turismevalles.com\/triar-bicicleta-adequada\/","url":"https:\/\/turismevalles.com\/triar-bicicleta-adequada\/","name":"Comment choisir le v\u00e9lo ad\u00e9quat pour rouler dans le Vall\u00e8s Oriental ? - Turisme Vall\u00e8s","isPartOf":{"@id":"https:\/\/turismevalles.com\/en\/#website"},"primaryImageOfPage":{"@id":"https:\/\/turismevalles.com\/triar-bicicleta-adequada\/#primaryimage"},"image":{"@id":"https:\/\/turismevalles.com\/triar-bicicleta-adequada\/#primaryimage"},"thumbnailUrl":"https:\/\/turismevalles.com\/wp-content\/uploads\/2022\/07\/triar-la-bicicleta-adequada-scaled.jpg","datePublished":"2023-02-23T14:52:24+00:00","breadcrumb":{"@id":"https:\/\/turismevalles.com\/triar-bicicleta-adequada\/#breadcrumb"},"inLanguage":"fr-FR","potentialAction":[{"@type":"ReadAction","target":["https:\/\/turismevalles.com\/triar-bicicleta-adequada\/"]}]},{"@type":"ImageObject","inLanguage":"fr-FR","@id":"https:\/\/turismevalles.com\/triar-bicicleta-adequada\/#primaryimage","url":"https:\/\/turismevalles.com\/wp-content\/uploads\/2022\/07\/triar-la-bicicleta-adequada-scaled.jpg","contentUrl":"https:\/\/turismevalles.com\/wp-content\/uploads\/2022\/07\/triar-la-bicicleta-adequada-scaled.jpg","width":2560,"height":1707},{"@type":"BreadcrumbList","@id":"https:\/\/turismevalles.com\/triar-bicicleta-adequada\/#breadcrumb","itemListElement":[{"@type":"ListItem","position":1,"name":"Inici","item":"https:\/\/turismevalles.com\/fr\/"},{"@type":"ListItem","position":2,"name":"Comment choisir le v\u00e9lo ad\u00e9quat pour rouler dans le Vall\u00e8s Oriental ?"}]},{"@type":"WebSite","@id":"https:\/\/turismevalles.com\/en\/#website","url":"https:\/\/turismevalles.com\/en\/","name":"Turisme Vall\u00e8s","description":"","publisher":{"@id":"https:\/\/turismevalles.com\/en\/#organization"},"potentialAction":[{"@type":"SearchAction","target":{"@type":"EntryPoint","urlTemplate":"https:\/\/turismevalles.com\/en\/?s={search_term_string}"},"query-input":{"@type":"PropertyValueSpecification","valueRequired":true,"valueName":"search_term_string"}}],"inLanguage":"fr-FR"},{"@type":"Organization","@id":"https:\/\/turismevalles.com\/en\/#organization","name":"Turisme Vall\u00e8s","url":"https:\/\/turismevalles.com\/en\/","logo":{"@type":"ImageObject","inLanguage":"fr-FR","@id":"https:\/\/turismevalles.com\/en\/#\/schema\/logo\/image\/","url":"https:\/\/turismevalles.com\/wp-content\/uploads\/2020\/08\/cropped-logo_ca-2.png","contentUrl":"https:\/\/turismevalles.com\/wp-content\/uploads\/2020\/08\/cropped-logo_ca-2.png","width":314,"height":85,"caption":"Turisme Vall\u00e8s"},"image":{"@id":"https:\/\/turismevalles.com\/en\/#\/schema\/logo\/image\/"}},{"@type":"Person","@id":"https:\/\/turismevalles.com\/en\/#\/schema\/person\/da3ada7244bbe32fad8e7e8236465a16","name":"Turisme Valles","image":{"@type":"ImageObject","inLanguage":"fr-FR","@id":"https:\/\/turismevalles.com\/en\/#\/schema\/person\/image\/","url":"https:\/\/secure.gravatar.com\/avatar\/7e16883f64cc26bc17bd484e55e43f21867385a5cb8ebdc8b94540485c823a4b?s=96&d=mm&r=g","contentUrl":"https:\/\/secure.gravatar.com\/avatar\/7e16883f64cc26bc17bd484e55e43f21867385a5cb8ebdc8b94540485c823a4b?s=96&d=mm&r=g","caption":"Turisme Valles"},"url":"https:\/\/turismevalles.com\/fr\/author\/turismevallesoriental\/"}]}},"uagb_featured_image_src":{"full":["https:\/\/turismevalles.com\/wp-content\/uploads\/2022\/07\/triar-la-bicicleta-adequada-scaled.jpg",2560,1707,false],"thumbnail":["https:\/\/turismevalles.com\/wp-content\/uploads\/2022\/07\/triar-la-bicicleta-adequada-150x150.jpg",150,150,true],"medium":["https:\/\/turismevalles.com\/wp-content\/uploads\/2022\/07\/triar-la-bicicleta-adequada-300x200.jpg",300,200,true],"medium_large":["https:\/\/turismevalles.com\/wp-content\/uploads\/2022\/07\/triar-la-bicicleta-adequada-768x512.jpg",768,512,true],"large":["https:\/\/turismevalles.com\/wp-content\/uploads\/2022\/07\/triar-la-bicicleta-adequada-1024x683.jpg",1024,683,true],"thumblist":["https:\/\/turismevalles.com\/wp-content\/uploads\/2022\/07\/triar-la-bicicleta-adequada-300x300.jpg",300,300,true],"meccarouselthumb":["https:\/\/turismevalles.com\/wp-content\/uploads\/2022\/07\/triar-la-bicicleta-adequada-474x324.jpg",474,324,true],"gridsquare":["https:\/\/turismevalles.com\/wp-content\/uploads\/2022\/07\/triar-la-bicicleta-adequada-391x260.jpg",391,260,true],"tileview":["https:\/\/turismevalles.com\/wp-content\/uploads\/2022\/07\/triar-la-bicicleta-adequada-300x400.jpg",300,400,true],"1536x1536":["https:\/\/turismevalles.com\/wp-content\/uploads\/2022\/07\/triar-la-bicicleta-adequada-1536x1024.jpg",1536,1024,true],"2048x2048":["https:\/\/turismevalles.com\/wp-content\/uploads\/2022\/07\/triar-la-bicicleta-adequada-2048x1365.jpg",2048,1365,true]},"uagb_author_info":{"display_name":"Turisme Valles","author_link":"https:\/\/turismevalles.com\/fr\/author\/turismevallesoriental\/"},"uagb_comment_info":0,"uagb_excerpt":"La diversit\u00e9 du territoire du Vall\u00e8s fait que, parfois, il puisse \u00eatre difficile de choisir la bicyclette ad\u00e9quate. Les weekends, on p\u00e9dale dans les chemins ... Veure m\u00e9s","_links":{"self":[{"href":"https:\/\/turismevalles.com\/fr\/wp-json\/wp\/v2\/posts\/24990","targetHints":{"allow":["GET"]}}],"collection":[{"href":"https:\/\/turismevalles.com\/fr\/wp-json\/wp\/v2\/posts"}],"about":[{"href":"https:\/\/turismevalles.com\/fr\/wp-json\/wp\/v2\/types\/post"}],"author":[{"embeddable":true,"href":"https:\/\/turismevalles.com\/fr\/wp-json\/wp\/v2\/users\/5"}],"replies":[{"embeddable":true,"href":"https:\/\/turismevalles.com\/fr\/wp-json\/wp\/v2\/comments?post=24990"}],"version-history":[{"count":0,"href":"https:\/\/turismevalles.com\/fr\/wp-json\/wp\/v2\/posts\/24990\/revisions"}],"wp:featuredmedia":[{"embeddable":true,"href":"https:\/\/turismevalles.com\/fr\/wp-json\/wp\/v2\/media\/20108"}],"wp:attachment":[{"href":"https:\/\/turismevalles.com\/fr\/wp-json\/wp\/v2\/media?parent=24990"}],"wp:term":[{"taxonomy":"category","embeddable":true,"href":"https:\/\/turismevalles.com\/fr\/wp-json\/wp\/v2\/categories?post=24990"},{"taxonomy":"post_tag","embeddable":true,"href":"https:\/\/turismevalles.com\/fr\/wp-json\/wp\/v2\/tags?post=24990"}],"curies":[{"name":"wp","href":"https:\/\/api.w.org\/{rel}","templated":true}]}}