{"id":25030,"date":"2023-02-27T12:10:46","date_gmt":"2023-02-27T11:10:46","guid":{"rendered":"http:\/\/turismevalles.com.mialias.net\/?p=25030"},"modified":"2023-02-27T12:10:47","modified_gmt":"2023-02-27T11:10:47","slug":"loli-vera-un-tresor-du-valles-oriental","status":"publish","type":"post","link":"https:\/\/turismevalles.com\/fr\/loli-vera-un-tresor-du-valles-oriental\/","title":{"rendered":"L\u2019Oli Vera, un tr\u00e9sor du Vall\u00e8s Oriental"},"content":{"rendered":"\n<p>Le 26 novembre est la Journ\u00e9e Mondiale de l\u2019Olivier, et nous souhaitons marquer notre reconnaissance envers l\u2019Oli Vera, un tr\u00e9sor du Vall\u00e8s Oriental.<\/p>\n\n\n\n<p>L\u2019huile d\u2019olive est consid\u00e9r\u00e9e comme l\u2019une des graisses di\u00e9t\u00e9tiques ayant le plus de propri\u00e9t\u00e9s au niveau nutritionnel, voil\u00e0 pourquoi c\u2019est le produit-phare du r\u00e9gime m\u00e9diterran\u00e9en. Il y a beaucoup de types et vari\u00e9t\u00e9s de grande qualit\u00e9 et, dans le Vall\u00e8s Oriental, nous avons la chance d\u2019en produire un de tr\u00e8s appr\u00e9ci\u00e9&nbsp;: L\u2019Huile Vera.<\/p>\n\n\n\n<p>L\u2019huile de la vari\u00e9t\u00e9 Vera du Vall\u00e8s Oriental, peu connu du public, se caract\u00e9rise par sa long\u00e9vit\u00e9 et sa faible acidit\u00e9, ce qui le convertit en une huile de haut potentiel de qualit\u00e9. Il s\u2019agit d\u2019une huile dense au go\u00fbt fruit\u00e9, l\u00e9g\u00e8rement piquante et am\u00e8re, ce qui lui apporte un excellent \u00e9quilibre. L\u2019Huile Vera s\u2019\u00e9labore par un proc\u00e9d\u00e9 traditionnel&nbsp;: press\u00e9e \u00e0 froid, on en extrait une huile naturelle aux caract\u00e9ristiques uniques au niveau du go\u00fbt et de la qualit\u00e9.<\/p>\n\n\n\n<p>Parmi les multiples qualit\u00e9s de l\u2019Huile Vera, on peut souligner la protection contre les affections cardiaques et sa richesse en vitamines A, E et K. Ingr\u00e9dient indispensable de toute cuisine catalane, elle aide aussi \u00e0 la cicatrisation des plaies et est ad\u00e9quate pour l\u2019alimentation infantile, vu qu\u2019il s\u2019agit d\u2019une graisse non satur\u00e9e. L\u2019Huile Vera se fabrique selon un processus d\u2019\u00e9laboration traditionnelle. Press\u00e9e \u00e0 froid, on en extrait une huile naturelle aux caract\u00e9ristiques uniques au niveau du go\u00fbt et de la qualit\u00e9.<\/p>\n\n\n\n<div class=\"wp-block-image\"><figure class=\"aligncenter size-large is-resized\"><img loading=\"lazy\" decoding=\"async\" src=\"http:\/\/turismevalles.com\/wp-content\/uploads\/2021\/11\/olives-1024x768.jpg\" alt=\"\" class=\"wp-image-16858\" width=\"424\" height=\"318\" srcset=\"https:\/\/turismevalles.com\/wp-content\/uploads\/2021\/11\/olives-1024x768.jpg 1024w, https:\/\/turismevalles.com\/wp-content\/uploads\/2021\/11\/olives-300x225.jpg 300w, https:\/\/turismevalles.com\/wp-content\/uploads\/2021\/11\/olives-768x576.jpg 768w, https:\/\/turismevalles.com\/wp-content\/uploads\/2021\/11\/olives.jpg 1500w\" sizes=\"auto, (max-width: 424px) 100vw, 424px\" \/><figcaption>Olives Vari\u00e9t\u00e9 Vera.<br>Source:\u00a0<a href=\"http:\/\/veradelvalles.cat\/\" target=\"_blank\" rel=\"noreferrer noopener\">http:\/\/veradelvalles.cat\/<\/a><\/figcaption><\/figure><\/div>\n\n\n\n<p>La Coop\u00e9rative Agraire du Vall\u00e8s a \u00e9labor\u00e9 un inventaire sur commande du Conseil R\u00e9gional dans le but de conna\u00eetre l\u2019\u00e9tat des oliviers de la vari\u00e9t\u00e9 autochtone d\u2019olivier&nbsp;de la Vera des communes du Vall\u00e8s. La Coop\u00e9rative Agraire du Vall\u00e8s a demand\u00e9 \u00e0 l\u2019IRTA (Institut de Recherche et Technologie Agroalimentaires) du Mas Bov\u00e9 une \u00e9tude pour la \u00ab&nbsp;Prospection et l\u2019identification de la vari\u00e9t\u00e9 locale Vera. Caract\u00e9risation ph\u00e9notypique et mol\u00e9culaire&nbsp;\u00bb et a inscrit la vari\u00e9t\u00e9 Vera du Vall\u00e8s au registre des vari\u00e9t\u00e9s de conservation. Vous pouvez consulter les d\u00e9tails de l\u2019\u00e9tude sur la page web du&nbsp;<a href=\"https:\/\/productesdelvalles.files.wordpress.com\/2020\/09\/resultats-memoria-inventari-i-mapeig-dels-oliverars-vera-del-valles.pdf\" target=\"_blank\" rel=\"noreferrer noopener\">R\u00e9seau des Produits de la Terre du Conseil R\u00e9gional du Vall\u00e8s Oriental&nbsp;<\/a> ainsi que sur la page web du projet,&nbsp;<a href=\"http:\/\/veradelvalles.cat\/\" target=\"_blank\" rel=\"noreferrer noopener\">Oliviers de Vera del Vall\u00e8s<\/a>.<\/p>\n\n\n\n<p>Il a \u00e9t\u00e9 extrait de l\u2019\u00e9tude que les oliviers de la vari\u00e9t\u00e9 Vera se trouvent partout dans la r\u00e9gion du Vall\u00e8s Oriental et \u00e9galement, dans une moindre mesure, dans la partie Occidentale ; au total, on a localis\u00e9 38 producteurs \u00e0 Bigues, Caldes, C\u00e0noves et Samal\u00fas, Castellar del Vall\u00e8s, l\u2019Ametlla, la Garriga, les Franqueses et Sentmenat, et c\u2019est \u00e0 la Garriga qu\u2019il y a le plus de producteurs.<\/p>\n\n\n\n<p>Dans le Vall\u00e8s, la superficie occup\u00e9e pour les oliviers Vera del Vall\u00e8s est de 166,96 hectares. On a estim\u00e9 que le nombre d\u2019oliviers Vera del Vall\u00e8s est de 12.843. Nous parlons, en plus, d\u2019oliviers charg\u00e9s d\u2019histoire&nbsp;; &nbsp;\u00e0 Caldes de Montbui, on a localis\u00e9 un exemplaire de Vera del Vall\u00e8s plus que centenaires.<\/p>\n\n\n\n<div class=\"wp-block-image\"><figure class=\"aligncenter size-large\"><img loading=\"lazy\" decoding=\"async\" width=\"559\" height=\"412\" src=\"http:\/\/turismevalles.com\/wp-content\/uploads\/2021\/11\/exemplar-munumental-vera-del-valles.png\" alt=\"\" class=\"wp-image-16854\" srcset=\"https:\/\/turismevalles.com\/wp-content\/uploads\/2021\/11\/exemplar-munumental-vera-del-valles.png 559w, https:\/\/turismevalles.com\/wp-content\/uploads\/2021\/11\/exemplar-munumental-vera-del-valles-300x221.png 300w\" sizes=\"auto, (max-width: 559px) 100vw, 559px\" \/><figcaption>Oliviers de Caldes de Montbui<br>Source : Coop\u00e9rative Agraire du Vall\u00e8s SCCL<\/figcaption><\/figure><\/div>\n\n\n\n<p>Gr\u00e2ce \u00e0 cette \u00e9tude, tous les agents impliqu\u00e9s ont voulu mettre en relief les caract\u00e9ristiques uniques d\u2019une vari\u00e9t\u00e9 qui a \u00e9t\u00e9 \u00e9clips\u00e9e par les vari\u00e9t\u00e9s plus commerciales, tandis qu\u2019ils ont voulu apporter des mesures pour freiner l\u2019abandon progressif des oliviers et aider \u00e0 fomenter une gestion agricole commune. Il s\u2019agit ici de reconna\u00eetre un produit singulier et de qualit\u00e9\u00a0qui peut renforcer le tissu productif agricole.<\/p>\n\n\n\n<p>En raison de toutes ces qualit\u00e9s et caract\u00e9ristiques de l\u2019Huile Vera del Vall\u00e8s, depuis le Conseil R\u00e9gional, il y a des ann\u00e9es que l\u2019on travaille \u00e0 la r\u00e9cup\u00e9ration des oliviers de la vari\u00e9t\u00e9 Vera del Vall\u00e8s et ce \u00e9troitement avec les producteurs. Le Conseil R\u00e9gional du Vall\u00e8s Oriental veut aller plus loin et obtenir la cr\u00e9ation d\u2019une Marque de Qualit\u00e9 Huile Vera del Vall\u00e8s. On dotera ainsi l\u2019Huile Vera del Vall\u00e8s de la distinction qu\u2019elle m\u00e9rite, en la positionnant \u00e0 c\u00f4t\u00e9 des marques d\u2019huile plus r\u00e9put\u00e9es.<\/p>\n\n\n\n<p>Connaissez-vous ce tr\u00e9sor liquide de notre r\u00e9gion&nbsp;? Vous pouvez le trouver dans beaucoup de boutiques avec des produits de proximit\u00e9 de la r\u00e9gion et le d\u00e9guster \u00e0 la maison ou encore vous rendre \u00e0 la prochaine Foire de l\u2019Huile de Vera de Bigues et Riells et le savourer avec un morceau de pain artisanal.<\/p>\n","protected":false},"excerpt":{"rendered":"<p>Le 26 novembre est la Journ\u00e9e Mondiale de l\u2019Olivier, et nous souhaitons marquer notre reconnaissance envers l\u2019Oli Vera, un tr\u00e9sor du Vall\u00e8s Oriental. L\u2019huile d\u2019olive &#8230; <a title=\"L\u2019Oli Vera, un tr\u00e9sor du Vall\u00e8s Oriental\" class=\"read-more\" href=\"https:\/\/turismevalles.com\/fr\/loli-vera-un-tresor-du-valles-oriental\/\" aria-label=\"More on L\u2019Oli Vera, un tr\u00e9sor du Vall\u00e8s Oriental\">Veure m\u00e9s<\/a><\/p>\n","protected":false},"author":5,"featured_media":16849,"comment_status":"open","ping_status":"closed","sticky":false,"template":"","format":"standard","meta":{"_acf_changed":false,"inline_featured_image":false,"_uag_custom_page_level_css":"","footnotes":""},"categories":[113],"tags":[],"class_list":["post-25030","post","type-post","status-publish","format-standard","has-post-thumbnail","hentry","category-non-classifiee","generate-columns","tablet-grid-50","mobile-grid-100","grid-parent","grid-33"],"acf":[],"yoast_head":"<!-- This site is optimized with the Yoast SEO plugin v26.4 - https:\/\/yoast.com\/wordpress\/plugins\/seo\/ -->\n<title>L\u2019Oli Vera, un tr\u00e9sor du Vall\u00e8s Oriental - Turisme Vall\u00e8s<\/title>\n<meta name=\"robots\" content=\"index, follow, max-snippet:-1, max-image-preview:large, max-video-preview:-1\" \/>\n<link rel=\"canonical\" href=\"https:\/\/turismevalles.com\/fr\/loli-vera-un-tresor-du-valles-oriental\/\" \/>\n<meta property=\"og:locale\" content=\"fr_FR\" \/>\n<meta property=\"og:type\" content=\"article\" \/>\n<meta property=\"og:title\" content=\"L\u2019Oli Vera, un tr\u00e9sor du Vall\u00e8s Oriental - Turisme Vall\u00e8s\" \/>\n<meta property=\"og:description\" content=\"Le 26 novembre est la Journ\u00e9e Mondiale de l\u2019Olivier, et nous souhaitons marquer notre reconnaissance envers l\u2019Oli Vera, un tr\u00e9sor du Vall\u00e8s Oriental. L\u2019huile d\u2019olive ... Veure m\u00e9s\" \/>\n<meta property=\"og:url\" content=\"https:\/\/turismevalles.com\/fr\/loli-vera-un-tresor-du-valles-oriental\/\" \/>\n<meta property=\"og:site_name\" content=\"Turisme Vall\u00e8s\" \/>\n<meta property=\"article:published_time\" content=\"2023-02-27T11:10:46+00:00\" \/>\n<meta property=\"article:modified_time\" content=\"2023-02-27T11:10:47+00:00\" \/>\n<meta property=\"og:image\" content=\"https:\/\/turismevalles.com\/wp-content\/uploads\/2021\/11\/exemplars-vera-valles.png\" \/>\n\t<meta property=\"og:image:width\" content=\"400\" \/>\n\t<meta property=\"og:image:height\" content=\"288\" \/>\n\t<meta property=\"og:image:type\" content=\"image\/png\" \/>\n<meta name=\"author\" content=\"Turisme Valles\" \/>\n<meta name=\"twitter:card\" content=\"summary_large_image\" \/>\n<meta name=\"twitter:label1\" content=\"\u00c9crit par\" \/>\n\t<meta name=\"twitter:data1\" content=\"Turisme Valles\" \/>\n\t<meta name=\"twitter:label2\" content=\"Dur\u00e9e de lecture estim\u00e9e\" \/>\n\t<meta name=\"twitter:data2\" content=\"4 minutes\" \/>\n<script type=\"application\/ld+json\" class=\"yoast-schema-graph\">{\"@context\":\"https:\/\/schema.org\",\"@graph\":[{\"@type\":\"Article\",\"@id\":\"https:\/\/turismevalles.com\/fr\/loli-vera-un-tresor-du-valles-oriental\/#article\",\"isPartOf\":{\"@id\":\"https:\/\/turismevalles.com\/fr\/loli-vera-un-tresor-du-valles-oriental\/\"},\"author\":{\"name\":\"Turisme Valles\",\"@id\":\"https:\/\/turismevalles.com\/en\/#\/schema\/person\/da3ada7244bbe32fad8e7e8236465a16\"},\"headline\":\"L\u2019Oli Vera, un tr\u00e9sor du Vall\u00e8s Oriental\",\"datePublished\":\"2023-02-27T11:10:46+00:00\",\"dateModified\":\"2023-02-27T11:10:47+00:00\",\"mainEntityOfPage\":{\"@id\":\"https:\/\/turismevalles.com\/fr\/loli-vera-un-tresor-du-valles-oriental\/\"},\"wordCount\":846,\"commentCount\":0,\"publisher\":{\"@id\":\"https:\/\/turismevalles.com\/en\/#organization\"},\"image\":{\"@id\":\"https:\/\/turismevalles.com\/fr\/loli-vera-un-tresor-du-valles-oriental\/#primaryimage\"},\"thumbnailUrl\":\"https:\/\/turismevalles.com\/wp-content\/uploads\/2021\/11\/exemplars-vera-valles.png\",\"articleSection\":[\"Non classifi\u00e9(e)\"],\"inLanguage\":\"fr-FR\",\"potentialAction\":[{\"@type\":\"CommentAction\",\"name\":\"Comment\",\"target\":[\"https:\/\/turismevalles.com\/fr\/loli-vera-un-tresor-du-valles-oriental\/#respond\"]}]},{\"@type\":\"WebPage\",\"@id\":\"https:\/\/turismevalles.com\/fr\/loli-vera-un-tresor-du-valles-oriental\/\",\"url\":\"https:\/\/turismevalles.com\/fr\/loli-vera-un-tresor-du-valles-oriental\/\",\"name\":\"L\u2019Oli Vera, un tr\u00e9sor du Vall\u00e8s Oriental - Turisme Vall\u00e8s\",\"isPartOf\":{\"@id\":\"https:\/\/turismevalles.com\/en\/#website\"},\"primaryImageOfPage\":{\"@id\":\"https:\/\/turismevalles.com\/fr\/loli-vera-un-tresor-du-valles-oriental\/#primaryimage\"},\"image\":{\"@id\":\"https:\/\/turismevalles.com\/fr\/loli-vera-un-tresor-du-valles-oriental\/#primaryimage\"},\"thumbnailUrl\":\"https:\/\/turismevalles.com\/wp-content\/uploads\/2021\/11\/exemplars-vera-valles.png\",\"datePublished\":\"2023-02-27T11:10:46+00:00\",\"dateModified\":\"2023-02-27T11:10:47+00:00\",\"breadcrumb\":{\"@id\":\"https:\/\/turismevalles.com\/fr\/loli-vera-un-tresor-du-valles-oriental\/#breadcrumb\"},\"inLanguage\":\"fr-FR\",\"potentialAction\":[{\"@type\":\"ReadAction\",\"target\":[\"https:\/\/turismevalles.com\/fr\/loli-vera-un-tresor-du-valles-oriental\/\"]}]},{\"@type\":\"ImageObject\",\"inLanguage\":\"fr-FR\",\"@id\":\"https:\/\/turismevalles.com\/fr\/loli-vera-un-tresor-du-valles-oriental\/#primaryimage\",\"url\":\"https:\/\/turismevalles.com\/wp-content\/uploads\/2021\/11\/exemplars-vera-valles.png\",\"contentUrl\":\"https:\/\/turismevalles.com\/wp-content\/uploads\/2021\/11\/exemplars-vera-valles.png\",\"width\":400,\"height\":288},{\"@type\":\"BreadcrumbList\",\"@id\":\"https:\/\/turismevalles.com\/fr\/loli-vera-un-tresor-du-valles-oriental\/#breadcrumb\",\"itemListElement\":[{\"@type\":\"ListItem\",\"position\":1,\"name\":\"Inici\",\"item\":\"https:\/\/turismevalles.com\/fr\/\"},{\"@type\":\"ListItem\",\"position\":2,\"name\":\"L\u2019Oli Vera, un tr\u00e9sor du Vall\u00e8s Oriental\"}]},{\"@type\":\"WebSite\",\"@id\":\"https:\/\/turismevalles.com\/en\/#website\",\"url\":\"https:\/\/turismevalles.com\/en\/\",\"name\":\"Turisme Vall\u00e8s\",\"description\":\"\",\"publisher\":{\"@id\":\"https:\/\/turismevalles.com\/en\/#organization\"},\"potentialAction\":[{\"@type\":\"SearchAction\",\"target\":{\"@type\":\"EntryPoint\",\"urlTemplate\":\"https:\/\/turismevalles.com\/en\/?s={search_term_string}\"},\"query-input\":{\"@type\":\"PropertyValueSpecification\",\"valueRequired\":true,\"valueName\":\"search_term_string\"}}],\"inLanguage\":\"fr-FR\"},{\"@type\":\"Organization\",\"@id\":\"https:\/\/turismevalles.com\/en\/#organization\",\"name\":\"Turisme Vall\u00e8s\",\"url\":\"https:\/\/turismevalles.com\/en\/\",\"logo\":{\"@type\":\"ImageObject\",\"inLanguage\":\"fr-FR\",\"@id\":\"https:\/\/turismevalles.com\/en\/#\/schema\/logo\/image\/\",\"url\":\"https:\/\/turismevalles.com\/wp-content\/uploads\/2020\/08\/cropped-logo_ca-2.png\",\"contentUrl\":\"https:\/\/turismevalles.com\/wp-content\/uploads\/2020\/08\/cropped-logo_ca-2.png\",\"width\":314,\"height\":85,\"caption\":\"Turisme Vall\u00e8s\"},\"image\":{\"@id\":\"https:\/\/turismevalles.com\/en\/#\/schema\/logo\/image\/\"}},{\"@type\":\"Person\",\"@id\":\"https:\/\/turismevalles.com\/en\/#\/schema\/person\/da3ada7244bbe32fad8e7e8236465a16\",\"name\":\"Turisme Valles\",\"image\":{\"@type\":\"ImageObject\",\"inLanguage\":\"fr-FR\",\"@id\":\"https:\/\/turismevalles.com\/en\/#\/schema\/person\/image\/\",\"url\":\"https:\/\/secure.gravatar.com\/avatar\/7e16883f64cc26bc17bd484e55e43f21867385a5cb8ebdc8b94540485c823a4b?s=96&d=mm&r=g\",\"contentUrl\":\"https:\/\/secure.gravatar.com\/avatar\/7e16883f64cc26bc17bd484e55e43f21867385a5cb8ebdc8b94540485c823a4b?s=96&d=mm&r=g\",\"caption\":\"Turisme Valles\"},\"url\":\"https:\/\/turismevalles.com\/fr\/author\/turismevallesoriental\/\"}]}<\/script>\n<!-- \/ Yoast SEO plugin. -->","yoast_head_json":{"title":"L\u2019Oli Vera, un tr\u00e9sor du Vall\u00e8s Oriental - Turisme Vall\u00e8s","robots":{"index":"index","follow":"follow","max-snippet":"max-snippet:-1","max-image-preview":"max-image-preview:large","max-video-preview":"max-video-preview:-1"},"canonical":"https:\/\/turismevalles.com\/fr\/loli-vera-un-tresor-du-valles-oriental\/","og_locale":"fr_FR","og_type":"article","og_title":"L\u2019Oli Vera, un tr\u00e9sor du Vall\u00e8s Oriental - Turisme Vall\u00e8s","og_description":"Le 26 novembre est la Journ\u00e9e Mondiale de l\u2019Olivier, et nous souhaitons marquer notre reconnaissance envers l\u2019Oli Vera, un tr\u00e9sor du Vall\u00e8s Oriental. L\u2019huile d\u2019olive ... Veure m\u00e9s","og_url":"https:\/\/turismevalles.com\/fr\/loli-vera-un-tresor-du-valles-oriental\/","og_site_name":"Turisme Vall\u00e8s","article_published_time":"2023-02-27T11:10:46+00:00","article_modified_time":"2023-02-27T11:10:47+00:00","og_image":[{"width":400,"height":288,"url":"https:\/\/turismevalles.com\/wp-content\/uploads\/2021\/11\/exemplars-vera-valles.png","type":"image\/png"}],"author":"Turisme Valles","twitter_card":"summary_large_image","twitter_misc":{"\u00c9crit par":"Turisme Valles","Dur\u00e9e de lecture estim\u00e9e":"4 minutes"},"schema":{"@context":"https:\/\/schema.org","@graph":[{"@type":"Article","@id":"https:\/\/turismevalles.com\/fr\/loli-vera-un-tresor-du-valles-oriental\/#article","isPartOf":{"@id":"https:\/\/turismevalles.com\/fr\/loli-vera-un-tresor-du-valles-oriental\/"},"author":{"name":"Turisme Valles","@id":"https:\/\/turismevalles.com\/en\/#\/schema\/person\/da3ada7244bbe32fad8e7e8236465a16"},"headline":"L\u2019Oli Vera, un tr\u00e9sor du Vall\u00e8s Oriental","datePublished":"2023-02-27T11:10:46+00:00","dateModified":"2023-02-27T11:10:47+00:00","mainEntityOfPage":{"@id":"https:\/\/turismevalles.com\/fr\/loli-vera-un-tresor-du-valles-oriental\/"},"wordCount":846,"commentCount":0,"publisher":{"@id":"https:\/\/turismevalles.com\/en\/#organization"},"image":{"@id":"https:\/\/turismevalles.com\/fr\/loli-vera-un-tresor-du-valles-oriental\/#primaryimage"},"thumbnailUrl":"https:\/\/turismevalles.com\/wp-content\/uploads\/2021\/11\/exemplars-vera-valles.png","articleSection":["Non classifi\u00e9(e)"],"inLanguage":"fr-FR","potentialAction":[{"@type":"CommentAction","name":"Comment","target":["https:\/\/turismevalles.com\/fr\/loli-vera-un-tresor-du-valles-oriental\/#respond"]}]},{"@type":"WebPage","@id":"https:\/\/turismevalles.com\/fr\/loli-vera-un-tresor-du-valles-oriental\/","url":"https:\/\/turismevalles.com\/fr\/loli-vera-un-tresor-du-valles-oriental\/","name":"L\u2019Oli Vera, un tr\u00e9sor du Vall\u00e8s Oriental - Turisme Vall\u00e8s","isPartOf":{"@id":"https:\/\/turismevalles.com\/en\/#website"},"primaryImageOfPage":{"@id":"https:\/\/turismevalles.com\/fr\/loli-vera-un-tresor-du-valles-oriental\/#primaryimage"},"image":{"@id":"https:\/\/turismevalles.com\/fr\/loli-vera-un-tresor-du-valles-oriental\/#primaryimage"},"thumbnailUrl":"https:\/\/turismevalles.com\/wp-content\/uploads\/2021\/11\/exemplars-vera-valles.png","datePublished":"2023-02-27T11:10:46+00:00","dateModified":"2023-02-27T11:10:47+00:00","breadcrumb":{"@id":"https:\/\/turismevalles.com\/fr\/loli-vera-un-tresor-du-valles-oriental\/#breadcrumb"},"inLanguage":"fr-FR","potentialAction":[{"@type":"ReadAction","target":["https:\/\/turismevalles.com\/fr\/loli-vera-un-tresor-du-valles-oriental\/"]}]},{"@type":"ImageObject","inLanguage":"fr-FR","@id":"https:\/\/turismevalles.com\/fr\/loli-vera-un-tresor-du-valles-oriental\/#primaryimage","url":"https:\/\/turismevalles.com\/wp-content\/uploads\/2021\/11\/exemplars-vera-valles.png","contentUrl":"https:\/\/turismevalles.com\/wp-content\/uploads\/2021\/11\/exemplars-vera-valles.png","width":400,"height":288},{"@type":"BreadcrumbList","@id":"https:\/\/turismevalles.com\/fr\/loli-vera-un-tresor-du-valles-oriental\/#breadcrumb","itemListElement":[{"@type":"ListItem","position":1,"name":"Inici","item":"https:\/\/turismevalles.com\/fr\/"},{"@type":"ListItem","position":2,"name":"L\u2019Oli Vera, un tr\u00e9sor du Vall\u00e8s Oriental"}]},{"@type":"WebSite","@id":"https:\/\/turismevalles.com\/en\/#website","url":"https:\/\/turismevalles.com\/en\/","name":"Turisme Vall\u00e8s","description":"","publisher":{"@id":"https:\/\/turismevalles.com\/en\/#organization"},"potentialAction":[{"@type":"SearchAction","target":{"@type":"EntryPoint","urlTemplate":"https:\/\/turismevalles.com\/en\/?s={search_term_string}"},"query-input":{"@type":"PropertyValueSpecification","valueRequired":true,"valueName":"search_term_string"}}],"inLanguage":"fr-FR"},{"@type":"Organization","@id":"https:\/\/turismevalles.com\/en\/#organization","name":"Turisme Vall\u00e8s","url":"https:\/\/turismevalles.com\/en\/","logo":{"@type":"ImageObject","inLanguage":"fr-FR","@id":"https:\/\/turismevalles.com\/en\/#\/schema\/logo\/image\/","url":"https:\/\/turismevalles.com\/wp-content\/uploads\/2020\/08\/cropped-logo_ca-2.png","contentUrl":"https:\/\/turismevalles.com\/wp-content\/uploads\/2020\/08\/cropped-logo_ca-2.png","width":314,"height":85,"caption":"Turisme Vall\u00e8s"},"image":{"@id":"https:\/\/turismevalles.com\/en\/#\/schema\/logo\/image\/"}},{"@type":"Person","@id":"https:\/\/turismevalles.com\/en\/#\/schema\/person\/da3ada7244bbe32fad8e7e8236465a16","name":"Turisme Valles","image":{"@type":"ImageObject","inLanguage":"fr-FR","@id":"https:\/\/turismevalles.com\/en\/#\/schema\/person\/image\/","url":"https:\/\/secure.gravatar.com\/avatar\/7e16883f64cc26bc17bd484e55e43f21867385a5cb8ebdc8b94540485c823a4b?s=96&d=mm&r=g","contentUrl":"https:\/\/secure.gravatar.com\/avatar\/7e16883f64cc26bc17bd484e55e43f21867385a5cb8ebdc8b94540485c823a4b?s=96&d=mm&r=g","caption":"Turisme Valles"},"url":"https:\/\/turismevalles.com\/fr\/author\/turismevallesoriental\/"}]}},"uagb_featured_image_src":{"full":["https:\/\/turismevalles.com\/wp-content\/uploads\/2021\/11\/exemplars-vera-valles.png",400,288,false],"thumbnail":["https:\/\/turismevalles.com\/wp-content\/uploads\/2021\/11\/exemplars-vera-valles-150x150.png",150,150,true],"medium":["https:\/\/turismevalles.com\/wp-content\/uploads\/2021\/11\/exemplars-vera-valles-300x216.png",300,216,true],"medium_large":["https:\/\/turismevalles.com\/wp-content\/uploads\/2021\/11\/exemplars-vera-valles.png",400,288,false],"large":["https:\/\/turismevalles.com\/wp-content\/uploads\/2021\/11\/exemplars-vera-valles.png",400,288,false],"thumblist":["https:\/\/turismevalles.com\/wp-content\/uploads\/2021\/11\/exemplars-vera-valles-300x288.png",300,288,true],"meccarouselthumb":["https:\/\/turismevalles.com\/wp-content\/uploads\/2021\/11\/exemplars-vera-valles.png",400,288,false],"gridsquare":["https:\/\/turismevalles.com\/wp-content\/uploads\/2021\/11\/exemplars-vera-valles-391x260.png",391,260,true],"tileview":["https:\/\/turismevalles.com\/wp-content\/uploads\/2021\/11\/exemplars-vera-valles-300x288.png",300,288,true],"1536x1536":["https:\/\/turismevalles.com\/wp-content\/uploads\/2021\/11\/exemplars-vera-valles.png",400,288,false],"2048x2048":["https:\/\/turismevalles.com\/wp-content\/uploads\/2021\/11\/exemplars-vera-valles.png",400,288,false]},"uagb_author_info":{"display_name":"Turisme Valles","author_link":"https:\/\/turismevalles.com\/fr\/author\/turismevallesoriental\/"},"uagb_comment_info":0,"uagb_excerpt":"Le 26 novembre est la Journ\u00e9e Mondiale de l\u2019Olivier, et nous souhaitons marquer notre reconnaissance envers l\u2019Oli Vera, un tr\u00e9sor du Vall\u00e8s Oriental. L\u2019huile d\u2019olive ... Veure m\u00e9s","_links":{"self":[{"href":"https:\/\/turismevalles.com\/fr\/wp-json\/wp\/v2\/posts\/25030","targetHints":{"allow":["GET"]}}],"collection":[{"href":"https:\/\/turismevalles.com\/fr\/wp-json\/wp\/v2\/posts"}],"about":[{"href":"https:\/\/turismevalles.com\/fr\/wp-json\/wp\/v2\/types\/post"}],"author":[{"embeddable":true,"href":"https:\/\/turismevalles.com\/fr\/wp-json\/wp\/v2\/users\/5"}],"replies":[{"embeddable":true,"href":"https:\/\/turismevalles.com\/fr\/wp-json\/wp\/v2\/comments?post=25030"}],"version-history":[{"count":0,"href":"https:\/\/turismevalles.com\/fr\/wp-json\/wp\/v2\/posts\/25030\/revisions"}],"wp:featuredmedia":[{"embeddable":true,"href":"https:\/\/turismevalles.com\/fr\/wp-json\/wp\/v2\/media\/16849"}],"wp:attachment":[{"href":"https:\/\/turismevalles.com\/fr\/wp-json\/wp\/v2\/media?parent=25030"}],"wp:term":[{"taxonomy":"category","embeddable":true,"href":"https:\/\/turismevalles.com\/fr\/wp-json\/wp\/v2\/categories?post=25030"},{"taxonomy":"post_tag","embeddable":true,"href":"https:\/\/turismevalles.com\/fr\/wp-json\/wp\/v2\/tags?post=25030"}],"curies":[{"name":"wp","href":"https:\/\/api.w.org\/{rel}","templated":true}]}}