{"id":25033,"date":"2023-02-27T12:25:57","date_gmt":"2023-02-27T11:25:57","guid":{"rendered":"http:\/\/turismevalles.com.mialias.net\/?p=25033"},"modified":"2023-02-27T12:26:08","modified_gmt":"2023-02-27T11:26:08","slug":"montez-votre-oktoberfest-au-valles-oriental","status":"publish","type":"post","link":"https:\/\/turismevalles.com\/fr\/montez-votre-oktoberfest-au-valles-oriental\/","title":{"rendered":"Montez votre Oktoberfest au Vall\u00e8s Oriental"},"content":{"rendered":"\n<p>L\u2019Oktoberfest est la plus grande f\u00eate populaire d\u2019Allemagne. Ses origines remontent \u00e0 la ville de Munich en 1810 jusqu\u2019\u00e0 aujourd\u2019hui ; en raison de son succ\u00e8s ann\u00e9es apr\u00e8s ann\u00e9es, elle a \u00e9galement conquis le reste du monde.<\/p>\n\n\n\n<h3 class=\"gb-headline gb-headline-3b5ee796 gb-headline-text\">Voil\u00e0 pourquoi, depuis Tourisme Valles, nous souhaitons vous faire une proposition: <br>Montez l\u2019Oktoberfest au Vall\u00e8s Oriental.<\/h3>\n\n\n\n<p>Sans sortir de la r\u00e9gion, vous pouvez jouir d\u2019un \u00e9ventail de bi\u00e8res artisanales et de proximit\u00e9 qui, sans doute, vous surprendront. Nous avons beaucoup de producteurs locaux artisans dans la r\u00e9gion qui se consacrent \u00e0 produire des bi\u00e8res de la meilleure qualit\u00e9. Des producteurs qui prennent soin du produit et qui contribuent au d\u00e9veloppement local.<\/p>\n\n\n\n<p>Nous vous les pr\u00e9sentons, choisissez la bi\u00e8re que vous pr\u00e9f\u00e9rez et savourez-la \u00e0 la maison ou dans les brasseries de la r\u00e9gion o\u00f9 vous pourrez les trouver. Cette ann\u00e9e, dans le Vall\u00e8s, on ne renoncera pas \u00e0 l\u2019Oktoberfest !<\/p>\n\n\n\n<figure class=\"wp-block-image size-large is-resized\"><img loading=\"lazy\" decoding=\"async\" src=\"http:\/\/turismevalles.com\/wp-content\/uploads\/2021\/10\/AS-Cervesa-1024x745.jpg\" alt=\"\" class=\"wp-image-16107\" width=\"452\" height=\"329\" srcset=\"https:\/\/turismevalles.com\/wp-content\/uploads\/2021\/10\/AS-Cervesa-1024x745.jpg 1024w, https:\/\/turismevalles.com\/wp-content\/uploads\/2021\/10\/AS-Cervesa-300x218.jpg 300w, https:\/\/turismevalles.com\/wp-content\/uploads\/2021\/10\/AS-Cervesa-768x559.jpg 768w, https:\/\/turismevalles.com\/wp-content\/uploads\/2021\/10\/AS-Cervesa.jpg 1500w\" sizes=\"auto, (max-width: 452px) 100vw, 452px\" \/><\/figure>\n\n\n\n<h2 class=\"gb-headline gb-headline-a6794964 gb-headline-text\"><strong>AS Cervesa \u2013 Montorn\u00e8s del Vall\u00e8s<\/strong><\/h2>\n\n\n\n<p>As Cervesa est un petit cr\u00e9ateur de bi\u00e8re artisanale (microbrasserie) situ\u00e9 \u00e0 Montorn\u00e8s del Vall\u00e8s.<\/p>\n\n\n\n<p>Ils ont commenc\u00e9 \u00e0 produire pour d\u2019autres usines et ce jusqu\u2019en avril 2013, quand ils ont inaugur\u00e9 leur propre bi\u00e8re.<\/p>\n\n\n\n<p>Chez As Cervesa Artisanale, on dit que l\u2019on joue avec #lamagieliquide.<\/p>\n\n\n\n<p>Depuis le d\u00e9but, ils ont pari\u00e9 sur un produit de qualit\u00e9 avec une \u00e9laboration artisanale et soign\u00e9e.<\/p>\n\n\n\n<p>Aujourd\u2019hui, ils ont diff\u00e9rents styles de bi\u00e8res, de diff\u00e9rents types de fermentation et ils ont m\u00eame une gamme sans gluten et une autre sans alcool.<\/p>\n\n\n\n<p>Ce sont des bi\u00e8res sans filtrage ni pasteurisation et \u00e9labor\u00e9es avec des m\u00e9thodes traditionnelles.<\/p>\n\n\n\n<p>Vous pouvez choisir parmi une douzaine de types, organoleptiquement diff\u00e9rents (couleurs, amertumes, degr\u00e9s, ar\u00f4mes, densit\u00e9s). Il y en a en plus d\u2019autres, \u00e9labor\u00e9es pour des moments sp\u00e9ciaux, de saison ou en collaboration avec d\u2019autres brasseurs.<\/p>\n\n\n\n<p>Dans la zone du Vall\u00e8s Oriental, vous pouvez les trouver dans des \u00e9tablissements comme&nbsp;:<\/p>\n\n\n\n<p>Sputnik , Cerveceria Maps, Vermuteria La Gourmet-Teca (Montorn\u00e8s del Vall\u00e8s), Branningans (Mollet del Vall\u00e8s), Bodega Falguera (Santa Perp\u00e8tua de la Moguda), L\u2019Estanquet (El Figar\u00f3), H\u00f4tel Augusta (Vilanova del Vall\u00e8s), entre autres.<\/p>\n\n\n\n<p>\u00c9galement disponible dans la boutique online<a href=\"http:\/\/www.ascervesa.com\/\">&nbsp;d\u2019As Cervesa.<\/a><\/p>\n\n\n\n<p>Ils offrent des visites \u00e0 l\u2019usine avec d\u00e9gustation de bi\u00e8res sur rendez-vous, des ateliers d\u2019\u00e9laboration pour fabriquer la bi\u00e8re \u00e0 la maison.&nbsp;De plus, nous collaborons avec certaines associations du secteur pour la diffusion de la culture de la bi\u00e8re, telles que le GECAN (Corporation des cr\u00e9ateurs de bi\u00e8re artisanale et naturelle de Catalogne), la Pink Boots Society (Association de femmes de l\u2019industrie de la bi\u00e8re \u00e0 \u00e9chelle mondiale) et Cerveceros de Espa\u00f1a (Brasseurs d\u2019Espagne).<\/p>\n\n\n\n<p>Pendant le mois o\u00f9 se c\u00e9l\u00e8bre le fameux festival Oktoberfest, ils ont \u00e9labor\u00e9 une bi\u00e8re pour l\u2019occasion en collaboration avec d\u2019autres brasseurs (RULER). Appel\u00e9e PROST, une bi\u00e8re blonde de type M\u00e4rzen, traditionnelle de Bavi\u00e8re qui, avec une autre blonde qu\u2019ils \u00e9laborent depuis des ann\u00e9es sous le nom de Ritual Pilsner ainsi qu\u2019une autre de bl\u00e9, de style Weizen, appel\u00e9e As de Cors, sont toutes des bi\u00e8res tr\u00e8s habituelles dans ces festivals. Suivez <a href=\"https:\/\/instagram.com\/ascervesa?utm_medium=copy_link\">@ascervesa<\/a> sur Instagram&nbsp;et d\u00e9couvrez-en davantage&nbsp;!<\/p>\n\n\n\n<figure class=\"wp-block-image size-large is-resized\"><img loading=\"lazy\" decoding=\"async\" src=\"http:\/\/turismevalles.com\/wp-content\/uploads\/2021\/10\/EM-RODA-EL-CAP-620x1024.png\" alt=\"\" class=\"wp-image-16120\" width=\"258\" height=\"426\" srcset=\"https:\/\/turismevalles.com\/wp-content\/uploads\/2021\/10\/EM-RODA-EL-CAP-620x1024.png 620w, https:\/\/turismevalles.com\/wp-content\/uploads\/2021\/10\/EM-RODA-EL-CAP-182x300.png 182w, https:\/\/turismevalles.com\/wp-content\/uploads\/2021\/10\/EM-RODA-EL-CAP.png 723w\" sizes=\"auto, (max-width: 258px) 100vw, 258px\" \/><\/figure>\n\n\n\n<h2 class=\"gb-headline gb-headline-51bb1df0 gb-headline-text\"><strong>Em Roda El Cap del Celler de Can Roda \u2013 Santa Maria de Martorelles<\/strong><\/h2>\n\n\n\n<p>En plus des fabuleux vins AOC Alella dont vous pourrez jouir \u00e0 la cave \u00e0 vins de Can Roda, vous y trouverez aussi leur nouvelle bi\u00e8re artisanale.<\/p>\n\n\n\n<p>Ils travaillent dans le style des brasseurs American Pale Ale et ont cr\u00e9\u00e9 un produit naturel, sans filtrage et avec la seconde fermentation en bouteille. Le r\u00e9sultat ? Une bi\u00e8re rafra\u00eechissante, citrique, fruit\u00e9e avec des touches de malte caram\u00e9lis\u00e9e et un go\u00fbt amer agr\u00e9able. Une bi\u00e8re de qualit\u00e9, id\u00e9ale \u00e0 d\u00e9guster seul ou en bonne compagnie. Un plaisir qui vous fera perdre la t\u00eate&nbsp;!<\/p>\n\n\n\n<p>Ci-dessous la fiche technique pour les experts&nbsp;:<\/p>\n\n\n\n<p>&nbsp;ABV : 5,6 %<\/p>\n\n\n\n<p>&nbsp;EBC : 18<\/p>\n\n\n\n<p>&nbsp;TYPE DE FERMENTATION : \u00c9lev\u00e9e<\/p>\n\n\n\n<p>&nbsp;TEMP\u00c9RATURE IDOINE DE CONSOMMATION : 8-10 \u00baC<\/p>\n\n\n\n<p>&nbsp;MALTS : Pale Ale et Caram\u00e9lis\u00e9e<\/p>\n\n\n\n<p>&nbsp;HOUBLONS : Nugget, Cascade et Citra<\/p>\n\n\n\n<p>ACCORDS DE SAVEURS : Principalement ap\u00e9ritifs et repas l\u00e9gers contenant une touche d\u2019amertume.<\/p>\n\n\n\n<p>COULEUR : Dor\u00e9e avec une certaine ti\u00e9deur due \u00e0 l\u2019absence de filtrage<\/p>\n\n\n\n<p>AR\u00d4ME : Profond\u00e9ment fruit\u00e9 et citrique, fourni par le houblon Citra<\/p>\n\n\n\n<p>GO\u00dbT : Carbonatation moyennement cors\u00e9e et juste. De pr\u00e9f\u00e9rence malteuse avec un fond citrique et \u00e9quilibr\u00e9 avec une amertume mod\u00e9r\u00e9e.<\/p>\n\n\n\n<p>Vous souhaitez les d\u00e9guster ? Dans la cave, vous trouverez le Winebar o\u00f9 vous pourrez go\u00fbter les bi\u00e8res les weekends et les savourer avec les tapas les mieux assorties.<\/p>\n\n\n\n<p>Vous pourrez trouver votre bi\u00e8re \u00e0 la boutique de la cave : Cellier Can Roda : BV-5006, 08106 Santa Maria de Martorelles, Barcelona, ou encore \u00e0 la boutique online du<a href=\"https:\/\/cellercanroda.cat\/ca\/botiga\/\">&nbsp;Celler de Can Roda<\/a>.<\/p>\n\n\n\n<p>Ne ratez aucune d\u00e9gustation et suivez-les sur Instagram&nbsp;:&nbsp;<a href=\"https:\/\/instagram.com\/cellercanroda?utm_medium=copy_link\">@cellercanroda<\/a><\/p>\n\n\n\n<figure class=\"wp-block-image size-large is-resized\"><img loading=\"lazy\" decoding=\"async\" src=\"http:\/\/turismevalles.com\/wp-content\/uploads\/2021\/10\/ART-2-1024x1024.jpg\" alt=\"\" class=\"wp-image-16191\" width=\"331\" height=\"331\" srcset=\"https:\/\/turismevalles.com\/wp-content\/uploads\/2021\/10\/ART-2-1024x1024.jpg 1024w, https:\/\/turismevalles.com\/wp-content\/uploads\/2021\/10\/ART-2-300x300.jpg 300w, https:\/\/turismevalles.com\/wp-content\/uploads\/2021\/10\/ART-2-150x150.jpg 150w, https:\/\/turismevalles.com\/wp-content\/uploads\/2021\/10\/ART-2-768x768.jpg 768w, https:\/\/turismevalles.com\/wp-content\/uploads\/2021\/10\/ART-2-1536x1536.jpg 1536w, https:\/\/turismevalles.com\/wp-content\/uploads\/2021\/10\/ART-2-2048x2048.jpg 2048w\" sizes=\"auto, (max-width: 331px) 100vw, 331px\" \/><\/figure>\n\n\n\n<h2 class=\"gb-headline gb-headline-0fd948b8 gb-headline-text\"><strong>ART Cervesers \u2013 Lli\u00e7\u00e0 d\u2019Amunt<\/strong><\/h2>\n\n\n\n<p>Art Cervesers est le r\u00e9sultat d\u2019une longue trajectoire dans le monde de la bi\u00e8re artisanale en Catalogne. Consid\u00e9rant la bi\u00e8re comme un produit enracin\u00e9 dans le territoire, Art Cervesers a d\u00e9cid\u00e9 de conjuguer dans ses recettes les ingr\u00e9dients cultiv\u00e9s par les agriculteurs du coin.<\/p>\n\n\n\n<p>En outre, l\u2019Espai Rural Gallecs (l\u2019Espace rural de Gallecs) leur a propos\u00e9 un d\u00e9fi en 2010 de faire une bi\u00e8re avec l\u2019\u00e9peautre \u00e9cologique cultiv\u00e9e par les paysans de Gallecs. Fruit de cette collaboration et des efforts pour certifier la brasserie pour l\u2019\u00e9laboration du produit \u00e9cologique, est n\u00e9e une nouvelle bi\u00e8re d\u2019\u00e9peautre. Bi\u00e8re&nbsp;: Une touche d\u2019\u00e9peautre Gallecs :&nbsp;Weissbier<\/p>\n\n\n\n<p>Ils ont collabor\u00e9 avec d\u2019autres, comme les paysans de Gallecs, et de l\u00e0 sont issues d\u2019autres bi\u00e8res uniques.<\/p>\n\n\n\n<p>Sur leur web, ils offrent un assortiment de 3 styles de bi\u00e8res diff\u00e9rentes&nbsp;: l\u2019\u00c0lber, la Franceska et la Indiana.<\/p>\n\n\n\n<p>De plus, ils se sont adapt\u00e9s et offrent sur le web&nbsp;<a href=\"https:\/\/artcervesers.com\/ca\/prod\/experiencies\/\">d\u2019Art Cervesers<\/a>&nbsp;une d\u00e9gustation de bi\u00e8res online avec des accords de saveurs afin que vous les savouriez comme un expert&nbsp;!<\/p>\n\n\n\n<p>Vous les trouverez \u00e9galement sur les r\u00e9seaux\u00e0 <a href=\"https:\/\/instagram.com\/artcervesers?utm_medium=copy_link\">@artcervesers<\/a>&nbsp;o\u00f9 vous apprendrez tout ce que font ces grands producteurs.<\/p>\n\n\n\n<figure class=\"wp-block-image size-large is-resized\"><img loading=\"lazy\" decoding=\"async\" src=\"http:\/\/turismevalles.com\/wp-content\/uploads\/2021\/10\/SANT-JORDI.png\" alt=\"\" class=\"wp-image-16128\" width=\"476\" height=\"243\" srcset=\"https:\/\/turismevalles.com\/wp-content\/uploads\/2021\/10\/SANT-JORDI.png 903w, https:\/\/turismevalles.com\/wp-content\/uploads\/2021\/10\/SANT-JORDI-300x153.png 300w, https:\/\/turismevalles.com\/wp-content\/uploads\/2021\/10\/SANT-JORDI-768x392.png 768w\" sizes=\"auto, (max-width: 476px) 100vw, 476px\" \/><\/figure>\n\n\n\n<h2 class=\"gb-headline gb-headline-24d2964a gb-headline-text\"><strong>Cervesa SANT JORDI \u2013 Cardedeu<\/strong><\/h2>\n\n\n\n<p>C\u2019est une entreprise familiale qui \u00e9labore de la bi\u00e8re artisanale et naturelle dans l\u2019entrep\u00f4t &nbsp;de Cal Pe\u00f3, un b\u00e2timent art-nouveau de M.J. Raspall (1910). On a donn\u00e9 vie \u00e0 un nouveau b\u00e2timent moderniste dont le promoteur fut l\u2019arri\u00e8re-grand-p\u00e8re de la copropri\u00e9taire Raquel Clavell. L\u2019objectif est de r\u00e9cup\u00e9rer l\u2019essence de l\u2019\u00e9difice. Ils n\u2019y vendent plus les c\u00e9r\u00e9ales comme jadis mais ils l\u2019ont transform\u00e9 en un processus qui les passionne, l\u2019\u00e9laboration de bi\u00e8re artisanale.<\/p>\n\n\n\n<p>Cervesa Sant Jordi est un&nbsp;<em>brewpub<\/em>&nbsp;(usine de bi\u00e8re artisanale et bar), ils disposent de 10 pompes \u00e0 bi\u00e8re propres et pr\u00e9sentent des bi\u00e8res d\u2019autres producteurs catalans. Dans le&nbsp;<em>brewpub, <\/em>on sert des hamburgers, des tapas et des suggestions, en t\u00e2chant d\u2019utiliser des mati\u00e8res premi\u00e8re de proximit\u00e9 avec de la cuisine de saison.<\/p>\n\n\n\n<p>Ils font partie de la GECAN (la Corporation des cr\u00e9ateurs de bi\u00e8re artisanale et naturelle) et ont \u00e9t\u00e9 les gagnants du prix PITA 2014 (Prix \u00e0 l\u2019innovation technologique et agroalimentaire) avec le distinctif de qualit\u00e9 touristique SICTED (Compromis de qualit\u00e9 touristique).<\/p>\n\n\n\n<p>Ils \u00e9laborent 6 vari\u00e9t\u00e9s de bi\u00e8res, chacune avec une caract\u00e9ristique diff\u00e9rente, dont certaines ont \u00e9t\u00e9 r\u00e9compens\u00e9es&nbsp;! D\u00e9couvrez-les sur le web de&nbsp;<a href=\"https:\/\/www.cervesasantjordi.cat\/\">Cervesa Sant Jordi.<\/a><\/p>\n\n\n\n<p>Bon nombres d\u2019activit\u00e9s sont pr\u00e9par\u00e9es pour d\u00e9guster leurs bi\u00e8res. Venez les voir un jeudi et vous connaitrez les \u00ab&nbsp;jeudis de d\u00e9gustation&nbsp;\u00bb&nbsp;!&nbsp;<\/p>\n\n\n\n<p>Ou pouvez \u00e9galement go\u00fbter l\u2019alternative au vermouth qu\u2019ils proposent. Nous inaugurons les <em>Beermuts<\/em>&nbsp;musicaux les weekends.<\/p>\n\n\n\n<p>Il est aussi possible de profiter de visites guid\u00e9es avec d\u00e9gustation de bi\u00e8res.<\/p>\n\n\n\n<p>Ne ratez aucune activit\u00e9 et suivez-vous <a href=\"https:\/\/instagram.com\/cervesasantjordi?utm_medium=copy_link\">@cervesasantjordi<\/a> sur Instagram.<\/p>\n\n\n\n<figure class=\"wp-block-image size-large is-resized\"><img loading=\"lazy\" decoding=\"async\" src=\"http:\/\/turismevalles.com\/wp-content\/uploads\/2021\/10\/KOM-BEER.jpeg\" alt=\"\" class=\"wp-image-16136\" width=\"334\" height=\"357\" srcset=\"https:\/\/turismevalles.com\/wp-content\/uploads\/2021\/10\/KOM-BEER.jpeg 690w, https:\/\/turismevalles.com\/wp-content\/uploads\/2021\/10\/KOM-BEER-280x300.jpeg 280w\" sizes=\"auto, (max-width: 334px) 100vw, 334px\" \/><\/figure>\n\n\n\n<h2 class=\"gb-headline gb-headline-6c833340 gb-headline-text\"><strong>KOM Beer du Bar La Pla\u00e7a \u2013 La Garriga<\/strong><\/h2>\n\n\n\n<p>Le projet KOMbeer nait de l\u2019illusion de connaitre comment on fait un style de bi\u00e8res tr\u00e8s concret, les Neipa.<\/p>\n\n\n\n<p>Ces bi\u00e8res sont un sous-style des IPA traditionnelles, qui se travaillent avec une levure diff\u00e9rente, le New England (c\u2019est pourquoi on la nomme la N.E.ipa), et le r\u00e9sultat en est une bi\u00e8re tr\u00e8s houblonn\u00e9e, fruit\u00e9e, ti\u00e8de, orang\u00e9e et soyeuse.<\/p>\n\n\n\n<p>C\u2019est dans ce but qu\u2019ils ont commenc\u00e9 \u00e0 \u00e9tudier avec Aleix Forts et Albert Raurell et qu\u2019ils ont mis la main \u00e0 la p\u00e2te. Actuellement, ils vous offrent au Barla de La Garriga, o\u00f9 ils ont 3 pompes fixes de bi\u00e8re, dont une pompe qui leur est propre, ainsi qu\u2019un frigo plein de canettes de ces bi\u00e8res, du type Neipa et d\u2019artisans du monde entier. Actuellement, au Barla, mis \u00e0 part les classiques \u00ab&nbsp;boines&nbsp;\u00bb au pain rustique du Four du Bach, on vous propose aussi des omelettes \u00e9labor\u00e9es sur le moment et pour tous les go\u00fbts, et ceci avec des ingr\u00e9dients locaux et de proximit\u00e9, comme les \u0153ufs de Can Gual Agroturisme ou les boudins de Ca l\u2019Oliveras, qui se marient tr\u00e8s bien avec les Neipas artisanales qu\u2019ils proposent&nbsp;!<\/p>\n\n\n\n<p>Les 25,26 et 27 novembre, on f\u00eatera au Barla l\u2019Oktoberfest avec 3 bi\u00e8res diff\u00e9rentes KOMbeer et on organisera des activit\u00e9s durant toute la semaine, comme une d\u00e9gustation et des petites jeux d\u2019habilit\u00e9 (les fl\u00e9chettes, par exemple) bien que l\u2019acte principal sera un concert de Jazz dimanche \u00e0 midi o\u00f9 l\u2019on pr\u00e9sentera la premi\u00e8re canette de KOM en collaboration avec les musiciens, o\u00f9 la canette sera le disque. Chaque canette poss\u00e9dera un QR code o\u00f9 on pourra t\u00e9l\u00e9charger le disque, c\u2019est-\u00e0-dire, \u00e0 l\u2019achat d\u2019une canette de bi\u00e8re, vous ach\u00e8terez un cd de musique&nbsp;!<\/p>\n\n\n\n<p>Vous pouvez les suivre sur Instagram&nbsp;: <a href=\"https:\/\/instagram.com\/kom.beer?utm_medium=copy_link\">@KOM.beer<\/a>&nbsp;et <a href=\"https:\/\/instagram.com\/barla_lagarriga?utm_medium=copy_link\">@barla_lagarriga<\/a>.<\/p>\n\n\n\n<p>Et leur rendre visite quand vous voulez au Barla : C\/Centre 35, 08530 La Garriga<\/p>\n\n\n\n<figure class=\"wp-block-image size-large is-resized\"><img loading=\"lazy\" decoding=\"async\" src=\"http:\/\/turismevalles.com\/wp-content\/uploads\/2021\/10\/QUANA-FOTO-2.png\" alt=\"\" class=\"wp-image-16164\" width=\"422\" height=\"263\" srcset=\"https:\/\/turismevalles.com\/wp-content\/uploads\/2021\/10\/QUANA-FOTO-2.png 957w, https:\/\/turismevalles.com\/wp-content\/uploads\/2021\/10\/QUANA-FOTO-2-300x187.png 300w, https:\/\/turismevalles.com\/wp-content\/uploads\/2021\/10\/QUANA-FOTO-2-768x479.png 768w\" sizes=\"auto, (max-width: 422px) 100vw, 422px\" \/><\/figure>\n\n\n\n<h2 class=\"gb-headline gb-headline-1b7af894 gb-headline-text\"><strong>Quana Beer \u2013 L\u2019Ametlla del Vall\u00e8s<\/strong><\/h2>\n\n\n\n<p>Quana est un projet familial depuis que, mus par la passion et l\u2019amusement, ils ont commenc\u00e9 \u00e0 \u00e9laborer une bi\u00e8re \u00e0 la maison pour leur consommation personnelle. Il se trouve que ce passe-temps et cette passion ont grandi au fil du temps et les a pouss\u00e9s \u00e0 monter, en 2015, leur propre <em>microbrasserie<\/em> \u00e0 l\u2019Ametlla del Vall\u00e8s.<\/p>\n\n\n\n<p>Parall\u00e8lement, ils ont travaill\u00e9 la culture de l\u2019orge dans leur propre champ, situ\u00e9 dans le quartier de Can Quana de Canovelles, qu\u2019ils envoient malter et qui est la mati\u00e8re premi\u00e8re avec laquelle s\u2019\u00e9laborent leurs bi\u00e8res. De l\u00e0 le nom de la marque, \u00e9tant la terre d\u2019origine de leurs bi\u00e8res.<\/p>\n\n\n\n<p>Chez Quana, ils optent pur des productions petites et continues, offrant ainsi un produit frais, proche et de cat\u00e9gorie et cela pour la qualit\u00e9 de la mati\u00e8re premi\u00e8re qu\u2019ils utilisent, pour la qualit\u00e9 du contr\u00f4le de production et celle de la conservation que leurs installations permettent.<\/p>\n\n\n\n<p>Chez Quana, on parie sur le produit naturel afin de pr\u00e9server l\u2019environnement, autant au niveau des \u00e9nergies renouvelables que de la r\u00e9utilisation de la bagasse, produit de la mac\u00e9ration, et de la r\u00e9utilisation de l\u2019eau employ\u00e9e et cela pour son refroidissement dans le but d\u2019un nettoyage post\u00e9rieur, ainsi que le r\u00e9emploi de mat\u00e9riel divers de&nbsp;<em>packaging.<\/em><\/p>\n\n\n\n<p>Les facteurs de valeur de leur produit sont la qualit\u00e9 et la proximit\u00e9, \u00e9l\u00e9ments qui se voient r\u00e9fl\u00e9chis dans le r\u00e9sultat final.<\/p>\n\n\n\n<p>Sur leur web, vous trouverez 5 types de bi\u00e8re Quana, chacune avec un style diff\u00e9rent. Si vous d\u00e9sirez les gouter, vous pouvez passer une commande chez&nbsp;<a href=\"http:\/\/www.quanabeer.com\/producte.php\">Quana Beer<\/a> et d\u00e9guster leurs vari\u00e9t\u00e9s.&nbsp;<\/p>\n\n\n\n<p>Possibilit\u00e9 de r\u00e9aliser des visites et d\u00e9gustations dans leur <em>microbrasserie<\/em> situ\u00e9e dans le Poligone Montguit de l\u2019Ametlla del Vall\u00e8s, sur rendez-vous. Contactez <a href=\"mailto:iwannabeer@quanabeer.com\">iwannabeer@quanabeer.com<\/a>.<\/p>\n\n\n\n<p>Suivez-les de tr\u00e8s pr\u00e8s sur Instagram&nbsp;: <a href=\"https:\/\/instagram.com\/quanabeer?utm_medium=copy_link\">@quanabeer<\/a>.<\/p>\n\n\n\n<figure class=\"wp-block-image size-large\"><img loading=\"lazy\" decoding=\"async\" width=\"320\" height=\"269\" src=\"http:\/\/turismevalles.com\/wp-content\/uploads\/2021\/10\/LAURO.jpeg\" alt=\"\" class=\"wp-image-16160\" srcset=\"https:\/\/turismevalles.com\/wp-content\/uploads\/2021\/10\/LAURO.jpeg 320w, https:\/\/turismevalles.com\/wp-content\/uploads\/2021\/10\/LAURO-300x252.jpeg 300w\" sizes=\"auto, (max-width: 320px) 100vw, 320px\" \/><\/figure>\n\n\n\n<h2 class=\"gb-headline gb-headline-0a8568f0 gb-headline-text\"><strong>Cervesa Lauro de Can Candelich \u2013 C\u00e0noves i Samal\u00fas<\/strong><\/h2>\n\n\n\n<p>Lauro est une bi\u00e8re pens\u00e9e pour faire honneur \u00e0 notre pass\u00e9 ib\u00e8re. \u00c0 C\u00e0noves et Samal\u00fas, se trouvent les ruines d\u2019un village ib\u00e8re&nbsp;; la cit\u00e9 perdue de Lauro, dont est issu son nom. Et <em>La seca<\/em>&nbsp;? &nbsp;Parce que c&rsquo;est l\u00e0 que la pi\u00e8ce a \u00e9t\u00e9 frapp\u00e9e.<\/p>\n\n\n\n<p>Des arch\u00e9ologues ont collabor\u00e9 sur ce projet et on a voulu faire une bi\u00e8re qui rappelle l\u2019h\u00e9ritage des Ib\u00e8res de l\u2019Antiquit\u00e9, comme les herbes aromatiques des bois de C\u00e0noves i Samal\u00fas. Une bonne fa\u00e7on de d\u00e9guster l\u2019histoire.<\/p>\n\n\n\n<p>La bi\u00e8re est produite dans une coop\u00e9rative de bi\u00e8res o\u00f9 participent divers ma\u00eetres brasseurs ainsi que l\u2019artisan brasseur \u00ab Barret \u00bb, dont l\u2019exp\u00e9rience lui permet de la fabriquer gr\u00e2ce \u00e0 la recette de Can Caldelich.<\/p>\n\n\n\n<p>La bi\u00e8re Lauro est de type Ale et, bien qu\u2019elle soit noire, elle n\u2019en est pas forte pour autant. La r\u00e9glisse, l\u2019armoise et la sauge lui donnent un ar\u00f4me in\u00e9galable.<\/p>\n\n\n\n<p>Vous pourrez la d\u00e9guster au restaurant Can Candelich, accompagn\u00e9e d\u2019un bon repas.<\/p>\n\n\n\n<p>D\u00e9couvrez ainsi la bi\u00e8re Lauro de m\u00eame que le restaurant dont le projet est issu et connectez-vous avec les racines sur les r\u00e9seaux sociaux&nbsp;: @cancandelich sur Instagram<a href=\"https:\/\/instagram.com\/cancandelich?utm_medium=copy_link\">.<\/a><\/p>\n\n\n\n<figure class=\"wp-block-image size-large is-resized\"><img loading=\"lazy\" decoding=\"async\" src=\"http:\/\/turismevalles.com\/wp-content\/uploads\/2021\/10\/HOBAC-3-1024x684.jpeg\" alt=\"\" class=\"wp-image-16172\" width=\"419\" height=\"280\" srcset=\"https:\/\/turismevalles.com\/wp-content\/uploads\/2021\/10\/HOBAC-3-1024x684.jpeg 1024w, https:\/\/turismevalles.com\/wp-content\/uploads\/2021\/10\/HOBAC-3-300x200.jpeg 300w, https:\/\/turismevalles.com\/wp-content\/uploads\/2021\/10\/HOBAC-3-768x513.jpeg 768w, https:\/\/turismevalles.com\/wp-content\/uploads\/2021\/10\/HOBAC-3-391x260.jpeg 391w, https:\/\/turismevalles.com\/wp-content\/uploads\/2021\/10\/HOBAC-3-1536x1026.jpeg 1536w, https:\/\/turismevalles.com\/wp-content\/uploads\/2021\/10\/HOBAC-3.jpeg 2048w\" sizes=\"auto, (max-width: 419px) 100vw, 419px\" \/><\/figure>\n\n\n\n<h2 class=\"gb-headline gb-headline-59d61747 gb-headline-text\"><strong>HOBAC d\u2019Illa Cervesers \u2013 Santa Maria de Martorelles<\/strong><\/h2>\n\n\n\n<p>Hobac vient au monde gr\u00e2ce \u00e0 Illa Cervesers, un projet qui nait de la passion en commun&nbsp;: l\u2019amour de la bonne bi\u00e8re. Il s\u2019agit d\u2019une petite entreprise situ\u00e9e \u00e0 Santa Maria de Martorelles, perch\u00e9e sur l\u2019ubac de la chaine de montagne du littoral, d\u2019o\u00f9 son nom, Hobac.<\/p>\n\n\n\n<p>C\u2019est une entreprise rurale et c\u2019est ainsi qu\u2019elle marque son territoire&nbsp;: chercher et travailler le produit local et de proximit\u00e9.<\/p>\n\n\n\n<p>Ils essaient constamment des produits diff\u00e9rents et bien \u00e9labor\u00e9s, en pr\u00e9f\u00e9rant la qualit\u00e9 \u00e0 la quantit\u00e9. Chez Hobac, ils ont une gamme fixe de bi\u00e8res tr\u00e8s appr\u00e9ci\u00e9es durant toute l\u2019ann\u00e9e et, d\u2019autre part, ils actualisent leur offre avec de nouvelles recettes am\u00e9lior\u00e9es.<\/p>\n\n\n\n<p>Si vous d\u00e9sirez gouter, vous les trouverez dans beaucoup d\u2019\u00e9tablissements de la r\u00e9gion. D\u00e9couvrez-les sur le site web <a href=\"https:\/\/hobac.cat\/#puntsdevenda\">https:\/\/hobac.cat\/#puntsdevenda<\/a><\/p>\n\n\n\n<p>Parmi leurs activit\u00e9s, ils proposent des d\u00e9gustations \u00e0 domicile en fonction de la demande et que vous pourrez concerter sur le site web. De plus, pour 2022, ils ont l\u2019intention de faire des activit\u00e9s dans le village ainsi que des visites de leur atelier.<\/p>\n\n\n\n<p>Ne ratez aucune activit\u00e9, suivez-le sur Instagram&nbsp;: <a href=\"https:\/\/www.instagram.com\/hobac_cervesa\/?hl=es\">@hobac_cervesa<\/a>.<\/p>\n\n\n\n<figure class=\"wp-block-image size-large is-resized\"><img loading=\"lazy\" decoding=\"async\" src=\"http:\/\/turismevalles.com\/wp-content\/uploads\/2021\/10\/BIRRUM2-683x1024.jpg\" alt=\"\" class=\"wp-image-16186\" width=\"297\" height=\"446\" srcset=\"https:\/\/turismevalles.com\/wp-content\/uploads\/2021\/10\/BIRRUM2-683x1024.jpg 683w, https:\/\/turismevalles.com\/wp-content\/uploads\/2021\/10\/BIRRUM2-200x300.jpg 200w, https:\/\/turismevalles.com\/wp-content\/uploads\/2021\/10\/BIRRUM2-768x1152.jpg 768w, https:\/\/turismevalles.com\/wp-content\/uploads\/2021\/10\/BIRRUM2-1024x1536.jpg 1024w, https:\/\/turismevalles.com\/wp-content\/uploads\/2021\/10\/BIRRUM2-1365x2048.jpg 1365w, https:\/\/turismevalles.com\/wp-content\/uploads\/2021\/10\/BIRRUM2-scaled.jpg 1707w\" sizes=\"auto, (max-width: 297px) 100vw, 297px\" \/><\/figure>\n\n\n\n<h2 class=\"gb-headline gb-headline-54bf3882 gb-headline-text\"><strong>Birrum \u2013 Sant Celoni<\/strong><\/h2>\n\n\n\n<p>Birrum est une bi\u00e8re artisanale n\u00e9e \u00e0 Sant Celoni. Un projet de trois bons amis passionn\u00e9s de bi\u00e8re artisanale qui n\u2019\u00e9taient pas satisfaits d\u2019\u00eatre des brasseurs-maison et qui ont donc d\u00e9cid\u00e9 de fonder Birrum et de r\u00e9aliser leur r\u00eave.<\/p>\n\n\n\n<p>Ils se sont inspir\u00e9s des sept p\u00eachers capitaux et de leurs p\u00e9nitences et ils nous invitent ainsi \u00e0 p\u00e9cher et \u00e0 nous sauver avec chacune de leurs bi\u00e8res.<\/p>\n\n\n\n<p>L\u2019intention est de faire quatorze bi\u00e8res, chacune d\u2019elle \u00e9labor\u00e9e \u00e0 partir d\u2019une recette inspir\u00e9e d\u2019un style en rapport avec chaque p\u00eacher ou p\u00e9nitence. \u00ab&nbsp;Nous voulons mettre la bi\u00e8re \u00e0 la place qui lui convient, non seulement comme la boisson rafra\u00eechissante de type <em>long drink<\/em> qu\u2019elle est, mais aussi comme une boisson gastronomique capable de se marier avec n\u2019importe quel repas, m\u00eame avec les plats que le vin n\u2019accompagne pas n\u00e9cessairement, comme le fromage&nbsp;; nos bi\u00e8res sont gastronomiques&nbsp;\u00bb, d\u00e9clarent-ils.<\/p>\n\n\n\n<p>Leurs recettes et la mani\u00e8re dont ils les \u00e9laborent n\u2019entrent pas dans les param\u00e8tres standards&nbsp;; chez Birrum, on est des \u00ab&nbsp;Brasseurs nomades&nbsp;\u00bb. Afin de garantir un produit soign\u00e9 qui assure que les proc\u00e9d\u00e9s et r\u00e9sultats soient ad\u00e9quats, ils apportent leurs recettes \u00e0 des brasseries artisanales qui leur garantissent qualit\u00e9 et rigueur.<\/p>\n\n\n\n<p>Vous pouvez go\u00fbter les premiers p\u00eachers ; la Sup\u00e8rbia, une bi\u00e8re Ale de style Saison, r\u00e9compens\u00e9e par la M\u00e9daille d\u2019or de sa cat\u00e9gorie au Barcelona Beer Challenger 2019, ou la Avaritia, une Cream Ale am\u00e9ricaine pre-prohibition de bonne gorg\u00e9e qui d\u00e9montre que les Lager ne sont pas uniquement froide et am\u00e8res mais que la saveur de malt et une bonne tenue soyeuse en bouche font partie de son ADN. Ils sont en train de cr\u00e9er la Libidine et la Invida qui, prochainement, nous surprendront par leurs caract\u00e8res. &nbsp;Ne ratez aucune opportunit\u00e9 et devenez des brasseurs p\u00eacheurs et p\u00e9nitents gr\u00e2ce \u00e0 Birrum. Suivez-les sur Instagram pour \u00eatre au courant :&nbsp;<a href=\"https:\/\/www.instagram.com\/birrum_craftbeer\/?hl=es\">@birrum_craftbeer<\/a><\/p>\n\n\n\n<p>Vous d\u00e9sirez savoir o\u00f9 go\u00fbter les p\u00eachers de Birrum ? Entrez dans le web de&nbsp;<a href=\"https:\/\/www.birrum.com\/findus\">Birrum<\/a>&nbsp;et cherchez l\u2019endroit le plus proche de votre domicile.<\/p>\n\n\n\n<figure class=\"wp-block-image size-large is-resized\"><img loading=\"lazy\" decoding=\"async\" src=\"http:\/\/turismevalles.com\/wp-content\/uploads\/2021\/10\/COMIC-BLONDE.jpg\" alt=\"\" class=\"wp-image-16206\" width=\"304\" height=\"428\" srcset=\"https:\/\/turismevalles.com\/wp-content\/uploads\/2021\/10\/COMIC-BLONDE.jpg 567w, https:\/\/turismevalles.com\/wp-content\/uploads\/2021\/10\/COMIC-BLONDE-213x300.jpg 213w\" sizes=\"auto, (max-width: 304px) 100vw, 304px\" \/><figcaption>Plantilla by Pixartprinting<\/figcaption><\/figure>\n\n\n\n<h2 class=\"gb-headline gb-headline-1c7bf04f gb-headline-text\"><strong>Comic Beer \u2013 Cardedeu<\/strong><\/h2>\n\n\n\n<p>Comic Beer nait \u00e0 Cardedeu, produit de l\u2019int\u00e9r\u00eat pour la fabrication d\u2019une bi\u00e8re de consommation faite maison, ce qui va devenir une passion pour la bi\u00e8re artisanale. Apr\u00e8s beaucoup de recettes et des litres de bi\u00e8res, ils ont d\u00e9cid\u00e9 de cr\u00e9er Comic Beer, une bi\u00e8re amusante o\u00f9 chaque type de bi\u00e8re contient une histoire sur son \u00e9tiquette dont le message est le travail en \u00e9quipe pour atteindre les objectifs dans la vie.<\/p>\n\n\n\n<p>Les bi\u00e8res de Cosmic Beer, \u00e0 part un ar\u00f4me et une texture sp\u00e9ciaux, poss\u00e8dent une \u00e9tiquette sous forme de BD qui explique une histoire. L\u2019\u00e9tiquette de la Blonde&nbsp;parle des ingr\u00e9dients pour faire la bi\u00e8re, des ingr\u00e9dients qui vont \u00e0 la recherche d\u2019autres ingr\u00e9dients (l\u2019orange et le gingembre)&nbsp;; l\u2019Ambr\u00e9e \u00e9voque la cr\u00e9ation de la premi\u00e8re bi\u00e8re ambr\u00e9e de l\u2019\u00e9poque des dinosaures&nbsp;; la IPA, \u00e0 la cannelle, montre un arbre ancestral&nbsp;; et la derni\u00e8re, Saison<strong>,<\/strong>&nbsp;est une BD sur les paysans, une bi\u00e8re d\u2019\u00e9peautre de Gallecs et du houblon de G\u00e9rone, \u00e9cologique et munie du sceau ECO.<\/p>\n\n\n\n<p>Pour chaque bi\u00e8re, il existe une affiche publicitaire o\u00f9 on fait r\u00e9f\u00e9rence \u00e0 la Catalogne, vu qu\u2019il s\u2019agit d\u2019un produit de proximit\u00e9 ; sur l\u2019affiche de la Blonde, on illustre un ingr\u00e9dient de la g\u00e9ographie de la Catalogne&nbsp;; sur l\u2019Ambr\u00e9e, l\u2019image des tours humaines&nbsp;(Castellers) ; sur la IPA, on y voit des oiseaux comme la chouette ou le rouge-gorge&nbsp;; et sur la derni\u00e8re, la Saison, un paysan buvant un verre de bi\u00e8re dans les champs. Des images qui illustrent le caract\u00e8re de chaque bi\u00e8re.<\/p>\n\n\n\n<p>Ils font \u00e9galement prtie du R\u00e9seau de produits de la terre du Vall\u00e8s&nbsp;Oriental et de l\u2019Association Agro-mosa\u00efque&nbsp;(Producteurs \u00e9cologiques)<\/p>\n\n\n\n<p>&nbsp;Vous pouvez les trouver dans les \u00e9tablissements suivants dans le Vall\u00e8s&nbsp;Oriental :<\/p>\n\n\n\n<p>Granollers&nbsp;&nbsp;&nbsp;&nbsp;&nbsp;&nbsp;&nbsp;&nbsp;&nbsp;&nbsp;&nbsp;&nbsp;&nbsp;&nbsp;&nbsp;&nbsp;&nbsp;&nbsp;&nbsp;&nbsp;&nbsp;&nbsp;&nbsp;&nbsp;&nbsp;&nbsp;&nbsp;&nbsp;&nbsp;&nbsp;&nbsp;&nbsp;&nbsp;&nbsp;&nbsp;&nbsp;&nbsp;&nbsp;&nbsp; Cardedeu&nbsp;&nbsp;&nbsp;&nbsp;&nbsp;&nbsp;&nbsp;&nbsp;&nbsp;&nbsp;&nbsp;&nbsp;&nbsp;&nbsp;&nbsp;&nbsp;&nbsp;&nbsp;&nbsp;&nbsp;&nbsp;&nbsp;&nbsp;&nbsp;&nbsp;&nbsp;&nbsp;&nbsp;&nbsp;&nbsp;&nbsp;&nbsp;&nbsp;&nbsp;&nbsp;&nbsp;&nbsp;&nbsp;&nbsp;&nbsp;&nbsp; Palautordera- Montseny<\/p>\n\n\n\n<p>La Perla &nbsp;&nbsp;&nbsp;&nbsp;&nbsp;&nbsp;&nbsp;&nbsp;&nbsp;&nbsp;&nbsp;&nbsp;&nbsp;&nbsp;&nbsp;&nbsp;&nbsp;&nbsp;&nbsp;&nbsp;&nbsp;&nbsp;&nbsp;&nbsp;&nbsp;&nbsp;&nbsp;&nbsp;&nbsp;&nbsp;&nbsp;&nbsp;&nbsp;&nbsp;&nbsp;&nbsp;&nbsp;&nbsp;&nbsp;&nbsp;&nbsp;&nbsp;&nbsp; De la Granja a la Taula&nbsp;&nbsp;&nbsp;&nbsp;&nbsp;&nbsp;&nbsp;&nbsp;&nbsp;&nbsp;&nbsp;&nbsp;&nbsp;&nbsp;&nbsp;&nbsp;&nbsp; Hostal Sant Roc<\/p>\n\n\n\n<p>La Perla del Vall\u00e8s&nbsp;&nbsp;&nbsp;&nbsp;&nbsp;&nbsp;&nbsp;&nbsp;&nbsp;&nbsp;&nbsp;&nbsp;&nbsp;&nbsp;&nbsp;&nbsp;&nbsp;&nbsp;&nbsp;&nbsp;&nbsp;&nbsp;&nbsp;&nbsp;&nbsp; Rosaple&nbsp;&nbsp;&nbsp;&nbsp;&nbsp;&nbsp;&nbsp;&nbsp;&nbsp;&nbsp;&nbsp;&nbsp;&nbsp;&nbsp;&nbsp;&nbsp;&nbsp;&nbsp;&nbsp;&nbsp;&nbsp;&nbsp;&nbsp;&nbsp;&nbsp;&nbsp;&nbsp;&nbsp;&nbsp;&nbsp;&nbsp;&nbsp;&nbsp;&nbsp;&nbsp;&nbsp;&nbsp;&nbsp;&nbsp;&nbsp;&nbsp;&nbsp;&nbsp;&nbsp; Can Nena<\/p>\n\n\n\n<p>La Clotxa&nbsp;&nbsp;&nbsp;&nbsp;&nbsp;&nbsp;&nbsp;&nbsp;&nbsp;&nbsp;&nbsp;&nbsp;&nbsp;&nbsp;&nbsp;&nbsp;&nbsp;&nbsp;&nbsp;&nbsp;&nbsp;&nbsp;&nbsp;&nbsp;&nbsp;&nbsp;&nbsp;&nbsp;&nbsp;&nbsp;&nbsp;&nbsp;&nbsp;&nbsp;&nbsp;&nbsp;&nbsp;&nbsp;&nbsp;&nbsp;&nbsp; Tarambana&nbsp;&nbsp;&nbsp;&nbsp;&nbsp;&nbsp;&nbsp;&nbsp;&nbsp;&nbsp;&nbsp;&nbsp;&nbsp;&nbsp;&nbsp;&nbsp;&nbsp;&nbsp;&nbsp;&nbsp;&nbsp;&nbsp;&nbsp;&nbsp;&nbsp;&nbsp;&nbsp;&nbsp;&nbsp;&nbsp;&nbsp;&nbsp;&nbsp;&nbsp;&nbsp;&nbsp;&nbsp; Les flors del Montseny<\/p>\n\n\n\n<p>Cooperativa de les Franqueses&nbsp;&nbsp;&nbsp; Associaci\u00f3 La Fresca&nbsp;&nbsp;&nbsp;&nbsp;&nbsp;&nbsp;&nbsp;&nbsp;&nbsp;&nbsp;&nbsp;&nbsp;&nbsp;&nbsp;&nbsp;&nbsp;&nbsp;&nbsp;&nbsp;&nbsp;&nbsp; Ca\u2019L Virol<\/p>\n\n\n\n<p>El Crestall&nbsp;&nbsp;&nbsp;&nbsp;&nbsp;&nbsp;&nbsp;&nbsp;&nbsp;&nbsp;&nbsp;&nbsp;&nbsp;&nbsp;&nbsp;&nbsp;&nbsp;&nbsp;&nbsp;&nbsp;&nbsp;&nbsp;&nbsp;&nbsp;&nbsp;&nbsp;&nbsp;&nbsp;&nbsp;&nbsp;&nbsp;&nbsp;&nbsp;&nbsp;&nbsp;&nbsp;&nbsp;&nbsp;&nbsp;&nbsp; La Bodeguita&nbsp;&nbsp;&nbsp;&nbsp;&nbsp;&nbsp;&nbsp;&nbsp;&nbsp;&nbsp;&nbsp;&nbsp;&nbsp;&nbsp;&nbsp;&nbsp;&nbsp;&nbsp;&nbsp;&nbsp;&nbsp;&nbsp;&nbsp;&nbsp;&nbsp;&nbsp;&nbsp;&nbsp;&nbsp;&nbsp;&nbsp;&nbsp;&nbsp;&nbsp; Tur\u00f3 de l\u2019Home<\/p>\n\n\n\n<p>Hort del Palau&nbsp;&nbsp;&nbsp;&nbsp;&nbsp;&nbsp;&nbsp;&nbsp;&nbsp;&nbsp;&nbsp;&nbsp;&nbsp;&nbsp;&nbsp;&nbsp;&nbsp;&nbsp;&nbsp;&nbsp;&nbsp;&nbsp;&nbsp;&nbsp;&nbsp;&nbsp;&nbsp;&nbsp;&nbsp;&nbsp;&nbsp;&nbsp; Origen&nbsp;&nbsp;&nbsp;&nbsp;&nbsp;&nbsp;&nbsp;&nbsp;&nbsp;&nbsp;&nbsp;&nbsp;&nbsp;&nbsp;&nbsp;&nbsp;&nbsp;&nbsp;&nbsp;&nbsp;&nbsp;&nbsp;&nbsp;&nbsp;&nbsp;&nbsp;&nbsp;&nbsp;&nbsp;&nbsp;&nbsp;&nbsp;&nbsp;&nbsp;&nbsp;&nbsp;&nbsp;&nbsp;&nbsp;&nbsp;&nbsp;&nbsp;&nbsp;&nbsp;&nbsp;&nbsp; Can Cuera<\/p>\n\n\n\n<p>Carnisseria&nbsp;Sararols&nbsp;&nbsp;&nbsp;&nbsp;&nbsp;&nbsp;&nbsp;&nbsp;&nbsp;&nbsp;&nbsp;&nbsp;&nbsp;&nbsp;&nbsp;&nbsp;&nbsp;&nbsp;&nbsp;&nbsp;&nbsp;&nbsp; Torre Rosa&nbsp;&nbsp;&nbsp;&nbsp;&nbsp;&nbsp;&nbsp;&nbsp;&nbsp;&nbsp;&nbsp;&nbsp;&nbsp;&nbsp;&nbsp;&nbsp;&nbsp;&nbsp;&nbsp;&nbsp;&nbsp;&nbsp;&nbsp;&nbsp;&nbsp;&nbsp;&nbsp;&nbsp;&nbsp;&nbsp;&nbsp;&nbsp;&nbsp;&nbsp;&nbsp;&nbsp;&nbsp;&nbsp; Celler Montseny<\/p>\n\n\n\n<p>Ils sont \u00e9galement pr\u00e9sents dans bon nombre de foires et d\u2019activit\u00e9s&nbsp;:<\/p>\n\n\n\n<p>Fira Tardor \u2013 Montseny -31 Octobre<\/p>\n\n\n\n<p>Fira Cervesa Artesana \u2013 Torrelles de Llobregar \u2013 13 Novembre<\/p>\n\n\n\n<p>Jornades Teatre Social \u2013 Cardedeu \u2013 26-27-28 Novembre<\/p>\n\n\n\n<p>Fira Nadal \u2013 Cardedeu \u2013 10-11-12 D\u00e9cembre<\/p>\n\n\n\n<p>Ils r\u00e9alisent des d\u00e9gustations de bi\u00e8res et des alliances de saveurs pour les restaurants, les foires et g\u00eetes ruraux.<\/p>\n\n\n\n<p>Lors de la d\u00e9gustation, on explique le processus d\u2019\u00e9laboration de la bi\u00e8re, les diff\u00e9rents types, l\u2019histoire de certains styles pour en apprendre un peu plus sur cet art.<\/p>\n\n\n\n<p>Entrez dans leur web et d\u00e9couvrez les histoires et les saveurs de&nbsp;<a href=\"https:\/\/www.comicbeer.com\/\">Comic Beer<\/a>.<\/p>\n\n\n\n<p>Ou bien tenez-vous au courant de leurs nouveaut\u00e9s sur Instagram&nbsp;: <a href=\"https:\/\/www.instagram.com\/ilovecomicbeer\/?hl=es\">@ilovecomicbeer<\/a>.<\/p>\n\n\n\n<p>Vous connaissez \u00e0 pr\u00e9sent les producteurs locaux de bi\u00e8res artisanales.<\/p>\n\n\n\n<p>Consommer des produits locaux contribue \u00e0 maintenir et \u00e0 d\u00e9velopper l\u2019\u00e9conomie de notre zone g\u00e9ographique. Il ne s\u2019agit pas seulement d\u2019appuyer nos entrepreneurs r\u00e9gionaux mais aussi d\u2019aider \u00e0 pr\u00e9server l\u2019environnement et de contribuer \u00e0 une multitude de facteurs dont on peut tous profiter.<\/p>\n\n\n\n<p>Choisissez-vous donc un bon assortiment et go\u00fbtez-les chez vous ou rendez-vous dans les brasseries de la r\u00e9gion et jouissez-en&nbsp;!<\/p>\n\n\n\n<p>Dans le Vall\u00e8s Oriental, on ne ratera pas l\u2019Oktoberfest !<\/p>\n","protected":false},"excerpt":{"rendered":"<p>L\u2019Oktoberfest est la plus grande f\u00eate populaire d\u2019Allemagne. Ses origines remontent \u00e0 la ville de Munich en 1810 jusqu\u2019\u00e0 aujourd\u2019hui ; en raison de son &#8230; <a title=\"Montez votre Oktoberfest au Vall\u00e8s Oriental\" class=\"read-more\" href=\"https:\/\/turismevalles.com\/fr\/montez-votre-oktoberfest-au-valles-oriental\/\" aria-label=\"More on Montez votre Oktoberfest au Vall\u00e8s Oriental\">Veure m\u00e9s<\/a><\/p>\n","protected":false},"author":5,"featured_media":16213,"comment_status":"open","ping_status":"closed","sticky":false,"template":"","format":"standard","meta":{"_acf_changed":false,"inline_featured_image":false,"_uag_custom_page_level_css":"","footnotes":""},"categories":[113],"tags":[],"class_list":["post-25033","post","type-post","status-publish","format-standard","has-post-thumbnail","hentry","category-non-classifiee","generate-columns","tablet-grid-50","mobile-grid-100","grid-parent","grid-33"],"acf":[],"yoast_head":"<!-- This site is optimized with the Yoast SEO plugin v26.4 - https:\/\/yoast.com\/wordpress\/plugins\/seo\/ -->\n<title>Montez votre Oktoberfest au Vall\u00e8s Oriental - Turisme Vall\u00e8s<\/title>\n<meta name=\"robots\" content=\"index, follow, max-snippet:-1, max-image-preview:large, max-video-preview:-1\" \/>\n<link rel=\"canonical\" href=\"https:\/\/turismevalles.com\/fr\/montez-votre-oktoberfest-au-valles-oriental\/\" \/>\n<meta property=\"og:locale\" content=\"fr_FR\" \/>\n<meta property=\"og:type\" content=\"article\" \/>\n<meta property=\"og:title\" content=\"Montez votre Oktoberfest au Vall\u00e8s Oriental - Turisme Vall\u00e8s\" \/>\n<meta property=\"og:description\" content=\"L\u2019Oktoberfest est la plus grande f\u00eate populaire d\u2019Allemagne. Ses origines remontent \u00e0 la ville de Munich en 1810 jusqu\u2019\u00e0 aujourd\u2019hui ; en raison de son ... Veure m\u00e9s\" \/>\n<meta property=\"og:url\" content=\"https:\/\/turismevalles.com\/fr\/montez-votre-oktoberfest-au-valles-oriental\/\" \/>\n<meta property=\"og:site_name\" content=\"Turisme Vall\u00e8s\" \/>\n<meta property=\"article:published_time\" content=\"2023-02-27T11:25:57+00:00\" \/>\n<meta property=\"article:modified_time\" content=\"2023-02-27T11:26:08+00:00\" \/>\n<meta property=\"og:image\" content=\"https:\/\/turismevalles.com\/wp-content\/uploads\/2021\/10\/IMG_2024.jpg\" \/>\n\t<meta property=\"og:image:width\" content=\"2400\" \/>\n\t<meta property=\"og:image:height\" content=\"1600\" \/>\n\t<meta property=\"og:image:type\" content=\"image\/jpeg\" \/>\n<meta name=\"author\" content=\"Turisme Valles\" \/>\n<meta name=\"twitter:card\" content=\"summary_large_image\" \/>\n<meta name=\"twitter:label1\" content=\"\u00c9crit par\" \/>\n\t<meta name=\"twitter:data1\" content=\"Turisme Valles\" \/>\n\t<meta name=\"twitter:label2\" content=\"Dur\u00e9e de lecture estim\u00e9e\" \/>\n\t<meta name=\"twitter:data2\" content=\"16 minutes\" \/>\n<script type=\"application\/ld+json\" class=\"yoast-schema-graph\">{\"@context\":\"https:\/\/schema.org\",\"@graph\":[{\"@type\":\"Article\",\"@id\":\"https:\/\/turismevalles.com\/fr\/montez-votre-oktoberfest-au-valles-oriental\/#article\",\"isPartOf\":{\"@id\":\"https:\/\/turismevalles.com\/fr\/montez-votre-oktoberfest-au-valles-oriental\/\"},\"author\":{\"name\":\"Turisme Valles\",\"@id\":\"https:\/\/turismevalles.com\/en\/#\/schema\/person\/da3ada7244bbe32fad8e7e8236465a16\"},\"headline\":\"Montez votre Oktoberfest au Vall\u00e8s Oriental\",\"datePublished\":\"2023-02-27T11:25:57+00:00\",\"dateModified\":\"2023-02-27T11:26:08+00:00\",\"mainEntityOfPage\":{\"@id\":\"https:\/\/turismevalles.com\/fr\/montez-votre-oktoberfest-au-valles-oriental\/\"},\"wordCount\":4130,\"commentCount\":0,\"publisher\":{\"@id\":\"https:\/\/turismevalles.com\/en\/#organization\"},\"image\":{\"@id\":\"https:\/\/turismevalles.com\/fr\/montez-votre-oktoberfest-au-valles-oriental\/#primaryimage\"},\"thumbnailUrl\":\"https:\/\/turismevalles.com\/wp-content\/uploads\/2021\/10\/IMG_2024.jpg\",\"articleSection\":[\"Non classifi\u00e9(e)\"],\"inLanguage\":\"fr-FR\",\"potentialAction\":[{\"@type\":\"CommentAction\",\"name\":\"Comment\",\"target\":[\"https:\/\/turismevalles.com\/fr\/montez-votre-oktoberfest-au-valles-oriental\/#respond\"]}]},{\"@type\":\"WebPage\",\"@id\":\"https:\/\/turismevalles.com\/fr\/montez-votre-oktoberfest-au-valles-oriental\/\",\"url\":\"https:\/\/turismevalles.com\/fr\/montez-votre-oktoberfest-au-valles-oriental\/\",\"name\":\"Montez votre Oktoberfest au Vall\u00e8s Oriental - Turisme Vall\u00e8s\",\"isPartOf\":{\"@id\":\"https:\/\/turismevalles.com\/en\/#website\"},\"primaryImageOfPage\":{\"@id\":\"https:\/\/turismevalles.com\/fr\/montez-votre-oktoberfest-au-valles-oriental\/#primaryimage\"},\"image\":{\"@id\":\"https:\/\/turismevalles.com\/fr\/montez-votre-oktoberfest-au-valles-oriental\/#primaryimage\"},\"thumbnailUrl\":\"https:\/\/turismevalles.com\/wp-content\/uploads\/2021\/10\/IMG_2024.jpg\",\"datePublished\":\"2023-02-27T11:25:57+00:00\",\"dateModified\":\"2023-02-27T11:26:08+00:00\",\"breadcrumb\":{\"@id\":\"https:\/\/turismevalles.com\/fr\/montez-votre-oktoberfest-au-valles-oriental\/#breadcrumb\"},\"inLanguage\":\"fr-FR\",\"potentialAction\":[{\"@type\":\"ReadAction\",\"target\":[\"https:\/\/turismevalles.com\/fr\/montez-votre-oktoberfest-au-valles-oriental\/\"]}]},{\"@type\":\"ImageObject\",\"inLanguage\":\"fr-FR\",\"@id\":\"https:\/\/turismevalles.com\/fr\/montez-votre-oktoberfest-au-valles-oriental\/#primaryimage\",\"url\":\"https:\/\/turismevalles.com\/wp-content\/uploads\/2021\/10\/IMG_2024.jpg\",\"contentUrl\":\"https:\/\/turismevalles.com\/wp-content\/uploads\/2021\/10\/IMG_2024.jpg\",\"width\":2400,\"height\":1600},{\"@type\":\"BreadcrumbList\",\"@id\":\"https:\/\/turismevalles.com\/fr\/montez-votre-oktoberfest-au-valles-oriental\/#breadcrumb\",\"itemListElement\":[{\"@type\":\"ListItem\",\"position\":1,\"name\":\"Inici\",\"item\":\"https:\/\/turismevalles.com\/fr\/\"},{\"@type\":\"ListItem\",\"position\":2,\"name\":\"Montez votre Oktoberfest au Vall\u00e8s Oriental\"}]},{\"@type\":\"WebSite\",\"@id\":\"https:\/\/turismevalles.com\/en\/#website\",\"url\":\"https:\/\/turismevalles.com\/en\/\",\"name\":\"Turisme Vall\u00e8s\",\"description\":\"\",\"publisher\":{\"@id\":\"https:\/\/turismevalles.com\/en\/#organization\"},\"potentialAction\":[{\"@type\":\"SearchAction\",\"target\":{\"@type\":\"EntryPoint\",\"urlTemplate\":\"https:\/\/turismevalles.com\/en\/?s={search_term_string}\"},\"query-input\":{\"@type\":\"PropertyValueSpecification\",\"valueRequired\":true,\"valueName\":\"search_term_string\"}}],\"inLanguage\":\"fr-FR\"},{\"@type\":\"Organization\",\"@id\":\"https:\/\/turismevalles.com\/en\/#organization\",\"name\":\"Turisme Vall\u00e8s\",\"url\":\"https:\/\/turismevalles.com\/en\/\",\"logo\":{\"@type\":\"ImageObject\",\"inLanguage\":\"fr-FR\",\"@id\":\"https:\/\/turismevalles.com\/en\/#\/schema\/logo\/image\/\",\"url\":\"https:\/\/turismevalles.com\/wp-content\/uploads\/2020\/08\/cropped-logo_ca-2.png\",\"contentUrl\":\"https:\/\/turismevalles.com\/wp-content\/uploads\/2020\/08\/cropped-logo_ca-2.png\",\"width\":314,\"height\":85,\"caption\":\"Turisme Vall\u00e8s\"},\"image\":{\"@id\":\"https:\/\/turismevalles.com\/en\/#\/schema\/logo\/image\/\"}},{\"@type\":\"Person\",\"@id\":\"https:\/\/turismevalles.com\/en\/#\/schema\/person\/da3ada7244bbe32fad8e7e8236465a16\",\"name\":\"Turisme Valles\",\"image\":{\"@type\":\"ImageObject\",\"inLanguage\":\"fr-FR\",\"@id\":\"https:\/\/turismevalles.com\/en\/#\/schema\/person\/image\/\",\"url\":\"https:\/\/secure.gravatar.com\/avatar\/7e16883f64cc26bc17bd484e55e43f21867385a5cb8ebdc8b94540485c823a4b?s=96&d=mm&r=g\",\"contentUrl\":\"https:\/\/secure.gravatar.com\/avatar\/7e16883f64cc26bc17bd484e55e43f21867385a5cb8ebdc8b94540485c823a4b?s=96&d=mm&r=g\",\"caption\":\"Turisme Valles\"},\"url\":\"https:\/\/turismevalles.com\/fr\/author\/turismevallesoriental\/\"}]}<\/script>\n<!-- \/ Yoast SEO plugin. -->","yoast_head_json":{"title":"Montez votre Oktoberfest au Vall\u00e8s Oriental - Turisme Vall\u00e8s","robots":{"index":"index","follow":"follow","max-snippet":"max-snippet:-1","max-image-preview":"max-image-preview:large","max-video-preview":"max-video-preview:-1"},"canonical":"https:\/\/turismevalles.com\/fr\/montez-votre-oktoberfest-au-valles-oriental\/","og_locale":"fr_FR","og_type":"article","og_title":"Montez votre Oktoberfest au Vall\u00e8s Oriental - Turisme Vall\u00e8s","og_description":"L\u2019Oktoberfest est la plus grande f\u00eate populaire d\u2019Allemagne. Ses origines remontent \u00e0 la ville de Munich en 1810 jusqu\u2019\u00e0 aujourd\u2019hui ; en raison de son ... Veure m\u00e9s","og_url":"https:\/\/turismevalles.com\/fr\/montez-votre-oktoberfest-au-valles-oriental\/","og_site_name":"Turisme Vall\u00e8s","article_published_time":"2023-02-27T11:25:57+00:00","article_modified_time":"2023-02-27T11:26:08+00:00","og_image":[{"width":2400,"height":1600,"url":"https:\/\/turismevalles.com\/wp-content\/uploads\/2021\/10\/IMG_2024.jpg","type":"image\/jpeg"}],"author":"Turisme Valles","twitter_card":"summary_large_image","twitter_misc":{"\u00c9crit par":"Turisme Valles","Dur\u00e9e de lecture estim\u00e9e":"16 minutes"},"schema":{"@context":"https:\/\/schema.org","@graph":[{"@type":"Article","@id":"https:\/\/turismevalles.com\/fr\/montez-votre-oktoberfest-au-valles-oriental\/#article","isPartOf":{"@id":"https:\/\/turismevalles.com\/fr\/montez-votre-oktoberfest-au-valles-oriental\/"},"author":{"name":"Turisme Valles","@id":"https:\/\/turismevalles.com\/en\/#\/schema\/person\/da3ada7244bbe32fad8e7e8236465a16"},"headline":"Montez votre Oktoberfest au Vall\u00e8s Oriental","datePublished":"2023-02-27T11:25:57+00:00","dateModified":"2023-02-27T11:26:08+00:00","mainEntityOfPage":{"@id":"https:\/\/turismevalles.com\/fr\/montez-votre-oktoberfest-au-valles-oriental\/"},"wordCount":4130,"commentCount":0,"publisher":{"@id":"https:\/\/turismevalles.com\/en\/#organization"},"image":{"@id":"https:\/\/turismevalles.com\/fr\/montez-votre-oktoberfest-au-valles-oriental\/#primaryimage"},"thumbnailUrl":"https:\/\/turismevalles.com\/wp-content\/uploads\/2021\/10\/IMG_2024.jpg","articleSection":["Non classifi\u00e9(e)"],"inLanguage":"fr-FR","potentialAction":[{"@type":"CommentAction","name":"Comment","target":["https:\/\/turismevalles.com\/fr\/montez-votre-oktoberfest-au-valles-oriental\/#respond"]}]},{"@type":"WebPage","@id":"https:\/\/turismevalles.com\/fr\/montez-votre-oktoberfest-au-valles-oriental\/","url":"https:\/\/turismevalles.com\/fr\/montez-votre-oktoberfest-au-valles-oriental\/","name":"Montez votre Oktoberfest au Vall\u00e8s Oriental - Turisme Vall\u00e8s","isPartOf":{"@id":"https:\/\/turismevalles.com\/en\/#website"},"primaryImageOfPage":{"@id":"https:\/\/turismevalles.com\/fr\/montez-votre-oktoberfest-au-valles-oriental\/#primaryimage"},"image":{"@id":"https:\/\/turismevalles.com\/fr\/montez-votre-oktoberfest-au-valles-oriental\/#primaryimage"},"thumbnailUrl":"https:\/\/turismevalles.com\/wp-content\/uploads\/2021\/10\/IMG_2024.jpg","datePublished":"2023-02-27T11:25:57+00:00","dateModified":"2023-02-27T11:26:08+00:00","breadcrumb":{"@id":"https:\/\/turismevalles.com\/fr\/montez-votre-oktoberfest-au-valles-oriental\/#breadcrumb"},"inLanguage":"fr-FR","potentialAction":[{"@type":"ReadAction","target":["https:\/\/turismevalles.com\/fr\/montez-votre-oktoberfest-au-valles-oriental\/"]}]},{"@type":"ImageObject","inLanguage":"fr-FR","@id":"https:\/\/turismevalles.com\/fr\/montez-votre-oktoberfest-au-valles-oriental\/#primaryimage","url":"https:\/\/turismevalles.com\/wp-content\/uploads\/2021\/10\/IMG_2024.jpg","contentUrl":"https:\/\/turismevalles.com\/wp-content\/uploads\/2021\/10\/IMG_2024.jpg","width":2400,"height":1600},{"@type":"BreadcrumbList","@id":"https:\/\/turismevalles.com\/fr\/montez-votre-oktoberfest-au-valles-oriental\/#breadcrumb","itemListElement":[{"@type":"ListItem","position":1,"name":"Inici","item":"https:\/\/turismevalles.com\/fr\/"},{"@type":"ListItem","position":2,"name":"Montez votre Oktoberfest au Vall\u00e8s Oriental"}]},{"@type":"WebSite","@id":"https:\/\/turismevalles.com\/en\/#website","url":"https:\/\/turismevalles.com\/en\/","name":"Turisme Vall\u00e8s","description":"","publisher":{"@id":"https:\/\/turismevalles.com\/en\/#organization"},"potentialAction":[{"@type":"SearchAction","target":{"@type":"EntryPoint","urlTemplate":"https:\/\/turismevalles.com\/en\/?s={search_term_string}"},"query-input":{"@type":"PropertyValueSpecification","valueRequired":true,"valueName":"search_term_string"}}],"inLanguage":"fr-FR"},{"@type":"Organization","@id":"https:\/\/turismevalles.com\/en\/#organization","name":"Turisme Vall\u00e8s","url":"https:\/\/turismevalles.com\/en\/","logo":{"@type":"ImageObject","inLanguage":"fr-FR","@id":"https:\/\/turismevalles.com\/en\/#\/schema\/logo\/image\/","url":"https:\/\/turismevalles.com\/wp-content\/uploads\/2020\/08\/cropped-logo_ca-2.png","contentUrl":"https:\/\/turismevalles.com\/wp-content\/uploads\/2020\/08\/cropped-logo_ca-2.png","width":314,"height":85,"caption":"Turisme Vall\u00e8s"},"image":{"@id":"https:\/\/turismevalles.com\/en\/#\/schema\/logo\/image\/"}},{"@type":"Person","@id":"https:\/\/turismevalles.com\/en\/#\/schema\/person\/da3ada7244bbe32fad8e7e8236465a16","name":"Turisme Valles","image":{"@type":"ImageObject","inLanguage":"fr-FR","@id":"https:\/\/turismevalles.com\/en\/#\/schema\/person\/image\/","url":"https:\/\/secure.gravatar.com\/avatar\/7e16883f64cc26bc17bd484e55e43f21867385a5cb8ebdc8b94540485c823a4b?s=96&d=mm&r=g","contentUrl":"https:\/\/secure.gravatar.com\/avatar\/7e16883f64cc26bc17bd484e55e43f21867385a5cb8ebdc8b94540485c823a4b?s=96&d=mm&r=g","caption":"Turisme Valles"},"url":"https:\/\/turismevalles.com\/fr\/author\/turismevallesoriental\/"}]}},"uagb_featured_image_src":{"full":["https:\/\/turismevalles.com\/wp-content\/uploads\/2021\/10\/IMG_2024.jpg",2400,1600,false],"thumbnail":["https:\/\/turismevalles.com\/wp-content\/uploads\/2021\/10\/IMG_2024-150x150.jpg",150,150,true],"medium":["https:\/\/turismevalles.com\/wp-content\/uploads\/2021\/10\/IMG_2024-300x200.jpg",300,200,true],"medium_large":["https:\/\/turismevalles.com\/wp-content\/uploads\/2021\/10\/IMG_2024-768x512.jpg",768,512,true],"large":["https:\/\/turismevalles.com\/wp-content\/uploads\/2021\/10\/IMG_2024-1024x683.jpg",1024,683,true],"thumblist":["https:\/\/turismevalles.com\/wp-content\/uploads\/2021\/10\/IMG_2024-300x300.jpg",300,300,true],"meccarouselthumb":["https:\/\/turismevalles.com\/wp-content\/uploads\/2021\/10\/IMG_2024-474x324.jpg",474,324,true],"gridsquare":["https:\/\/turismevalles.com\/wp-content\/uploads\/2021\/10\/IMG_2024-391x260.jpg",391,260,true],"tileview":["https:\/\/turismevalles.com\/wp-content\/uploads\/2021\/10\/IMG_2024-300x400.jpg",300,400,true],"1536x1536":["https:\/\/turismevalles.com\/wp-content\/uploads\/2021\/10\/IMG_2024-1536x1024.jpg",1536,1024,true],"2048x2048":["https:\/\/turismevalles.com\/wp-content\/uploads\/2021\/10\/IMG_2024-2048x1365.jpg",2048,1365,true]},"uagb_author_info":{"display_name":"Turisme Valles","author_link":"https:\/\/turismevalles.com\/fr\/author\/turismevallesoriental\/"},"uagb_comment_info":0,"uagb_excerpt":"L\u2019Oktoberfest est la plus grande f\u00eate populaire d\u2019Allemagne. Ses origines remontent \u00e0 la ville de Munich en 1810 jusqu\u2019\u00e0 aujourd\u2019hui ; en raison de son ... Veure m\u00e9s","_links":{"self":[{"href":"https:\/\/turismevalles.com\/fr\/wp-json\/wp\/v2\/posts\/25033","targetHints":{"allow":["GET"]}}],"collection":[{"href":"https:\/\/turismevalles.com\/fr\/wp-json\/wp\/v2\/posts"}],"about":[{"href":"https:\/\/turismevalles.com\/fr\/wp-json\/wp\/v2\/types\/post"}],"author":[{"embeddable":true,"href":"https:\/\/turismevalles.com\/fr\/wp-json\/wp\/v2\/users\/5"}],"replies":[{"embeddable":true,"href":"https:\/\/turismevalles.com\/fr\/wp-json\/wp\/v2\/comments?post=25033"}],"version-history":[{"count":0,"href":"https:\/\/turismevalles.com\/fr\/wp-json\/wp\/v2\/posts\/25033\/revisions"}],"wp:featuredmedia":[{"embeddable":true,"href":"https:\/\/turismevalles.com\/fr\/wp-json\/wp\/v2\/media\/16213"}],"wp:attachment":[{"href":"https:\/\/turismevalles.com\/fr\/wp-json\/wp\/v2\/media?parent=25033"}],"wp:term":[{"taxonomy":"category","embeddable":true,"href":"https:\/\/turismevalles.com\/fr\/wp-json\/wp\/v2\/categories?post=25033"},{"taxonomy":"post_tag","embeddable":true,"href":"https:\/\/turismevalles.com\/fr\/wp-json\/wp\/v2\/tags?post=25033"}],"curies":[{"name":"wp","href":"https:\/\/api.w.org\/{rel}","templated":true}]}}