{"id":54855,"date":"2024-03-28T11:04:15","date_gmt":"2024-03-28T10:04:15","guid":{"rendered":"http:\/\/turismevalles.com.mialias.net\/?p=54855"},"modified":"2024-03-28T11:04:15","modified_gmt":"2024-03-28T10:04:15","slug":"entre-le-ciel-et-la-terre-roman-valles-oriental","status":"publish","type":"post","link":"https:\/\/turismevalles.com\/fr\/entre-le-ciel-et-la-terre-roman-valles-oriental\/","title":{"rendered":"Entre le Ciel et la Terre"},"content":{"rendered":"\n<h2 class=\"gb-headline gb-headline-037c4a8a gb-headline-text\">Roman dans El Vall\u00e8s Oriental, pour \u00eatre entre le Ciel et la Terre<\/h2>\n\n\n\n<p>Depuis le d\u00e9but de l&rsquo;humanit\u00e9, les hommes ont regard\u00e9 le ciel pour essayer de voir au-del\u00e0. Toutes les civilisations ont eu leurs religions, leurs dieux et leurs croyances. En l&rsquo;honneur de ces divinit\u00e9s, des temples ont \u00e9t\u00e9 \u00e9rig\u00e9s, des \u0153uvres artistiques cr\u00e9\u00e9es, des chants et des pri\u00e8res \u00e9crits. C&rsquo;est pr\u00e9cis\u00e9ment ce qui reste pour la post\u00e9rit\u00e9, ce que nous, les humains, avons fait pour \u00eatre entre le Ciel et la Terre.<\/p>\n\n\n\n<p>Il y a plusieurs de ces vestiges dans El Vall\u00e8s Oriental, et pas des moindres ! Des dolmens et menhirs pr\u00e9historiques aux \u00e9glises construites au si\u00e8cle dernier. Mais si nous nous concentrons sur la p\u00e9riode de l&rsquo;ann\u00e9e que nous vivons actuellement, P\u00e2ques, nous pensons aux \u00e9glises et aux ermitages romans qui ont un charme particulier.<\/p>\n\n\n\n<p>La r\u00e9gion compte des \u00e9difices religieux qui remontent au d\u00e9but du dernier mill\u00e9naire, aux Xe et XIe si\u00e8cles. Voici un petit itin\u00e9raire avec quelques exemples de ces ermitages et \u00e9glises romanes du Vall\u00e8s Oriental que vous pourrez visiter en profitant des vacances de P\u00e2ques. En suivant le roman de El Vall\u00e8s Oriental vous serez entre le Ciel et la Terre <\/p>\n\n\n\n<h2 class=\"gb-headline gb-headline-05fc74a7 gb-headline-text\">Roman \u00e0 <a href=\"https:\/\/www.canovelles.cat\/\">Canovelles<\/a><\/h2>\n\n\n\n<p>Nous commen\u00e7ons par l&rsquo;une des plus c\u00e9l\u00e8bres de la r\u00e9gion, Sant F\u00e8lix de Canovelles. Cette \u00e9glise romane du XIe si\u00e8cle, \u00e9galement connue sous le nom de Sant Feliu, est l&rsquo;un des rares \u00e9difices du premier art roman en Catalogne. Elle est construite avec une seule nef allong\u00e9e et des bandes lombardes sur toute la fa\u00e7ade.<\/p>\n\n\n\n<h2 class=\"gb-headline gb-headline-de7d2874 gb-headline-text\">Roman \u00e0 <a href=\"https:\/\/www.biguesiriells.cat\/ca\/index.htm\">Bigues i Riells del Fai<\/a><\/h2>\n\n\n\n<p>Au milieu des Falaises du Bert\u00ed se trouve l&rsquo;ensemble monumental de Sant Miquel del Fai, compos\u00e9 de la maison prieurale, de style gothique et fond\u00e9e en 997, et de l&rsquo;\u00e9glise de Sant Miquel, entour\u00e9e d&rsquo;un paysage spectaculaire form\u00e9 gr\u00e2ce \u00e0 l&rsquo;action de l&rsquo;eau. Sant Miquel del Fai est le temple troglodytique le plus vaste et le mieux conserv\u00e9 de Catalogne. Pour le visiter, il est tr\u00e8s important de consulter le site web (cliquez <a href=\"https:\/\/parcs.diba.cat\/web\/cinglesberti\/\"><em>ici<\/em><\/a>) pour conna\u00eetre les heures de visite et faire une r\u00e9servation !<\/p>\n\n\n\n<h2 class=\"gb-headline gb-headline-79ac65fa gb-headline-text\">Roman \u00e0 <a href=\"https:\/\/www.lagarriga.cat\/\">La Garriga<\/a><\/h2>\n\n\n\n<p>Tout pr\u00e8s du centre de La Garriga se trouve l&rsquo;\u00e9glise de La Doma. Outre l&rsquo;ancienne \u00e9glise paroissiale, on y trouve les b\u00e2timents et l&rsquo;ancien cimeti\u00e8re. La partie la plus ancienne de l&rsquo;\u00e9glise actuelle est la nef centrale romane, construite au XIIe si\u00e8cle, qui conserve un magnifique retable gothique de Sant Esteve, de la fin du XVe si\u00e8cle, une pi\u00e8ce artistique exceptionnelle qui ne vous laissera pas indiff\u00e9rent.<\/p>\n\n\n\t\t\t\t\t<div\n\t\t\t\t\t\tclass=\"wp-block-uagb-image-gallery uagb-block-9f6419f0     \"\n\t\t\t\t\t\tstyle=\"\"\n\t\t\t\t\t>\n\t\t\t\t\t\t\t\t\t\t\t<div class=\"spectra-image-gallery spectra-image-gallery__layout--grid spectra-image-gallery__layout--grid-col-3 spectra-image-gallery__layout--grid-col-tab-3 spectra-image-gallery__layout--grid-col-mob-2\">\n\t\t\t\t\t\t\t\t\t\t\t<div class='spectra-image-gallery__media-wrapper' data-spectra-gallery-image-id='11010' tabindex=\"0\">\n\t\t\t\t\t\t\t<div class=\"spectra-image-gallery__media spectra-image-gallery__media--grid\">\n\t\t\t\t<picture>\n\t\t\t\t\t<source media=\"(min-width: 1024px)\" srcset=\"http:\/\/turismevalles.com\/wp-content\/uploads\/2019\/01\/a34ac-200px-canovelles-sant_feliu-7014-01-1.jpg\">\n\t\t\t\t\t<source media=\"(min-width: 768px)\" srcset=\"http:\/\/turismevalles.com\/wp-content\/uploads\/2019\/01\/a34ac-200px-canovelles-sant_feliu-7014-01-1.jpg\">\n\t\t\t\t\t<img decoding=\"async\" class=\"spectra-image-gallery__media-thumbnail spectra-image-gallery__media-thumbnail--grid\" src=\"http:\/\/turismevalles.com\/wp-content\/uploads\/2019\/01\/a34ac-200px-canovelles-sant_feliu-7014-01-1.jpg\" alt=\"\" loading=\"lazy\" \/>\n\t\t\t\t<\/picture>\n\t\t\t\t<div class=\"spectra-image-gallery__media-thumbnail-blurrer\"><\/div>\n\t\t\t\t\t\t\t\t\t\t\t<div class=\"spectra-image-gallery__media-thumbnail-caption-wrapper spectra-image-gallery__media-thumbnail-caption-wrapper--overlay\">\n\t\t\t\t\t\t\t\t\t\t\t<div class=\"spectra-image-gallery__media-thumbnail-caption spectra-image-gallery__media-thumbnail-caption--overlay\">\n\t\t\t\t\tSant F\u00e8lix de Canovelles\t\t\t\t<\/div>\n\t\t\t\t\t\t\t\t\t\t<\/div>\n\t\t\t\t\t\t\t\t\t<\/div>\n\t\t\t\t\t\t<\/div>\n\t\t\t\t\t\t<div class='spectra-image-gallery__media-wrapper' data-spectra-gallery-image-id='53913' tabindex=\"0\">\n\t\t\t\t\t\t\t<div class=\"spectra-image-gallery__media spectra-image-gallery__media--grid\">\n\t\t\t\t<picture>\n\t\t\t\t\t<source media=\"(min-width: 1024px)\" srcset=\"http:\/\/turismevalles.com\/wp-content\/uploads\/2023\/11\/StMiquelFai-XSM-1-1024x683.jpg\">\n\t\t\t\t\t<source media=\"(min-width: 768px)\" srcset=\"http:\/\/turismevalles.com\/wp-content\/uploads\/2023\/11\/StMiquelFai-XSM-1-1024x683.jpg\">\n\t\t\t\t\t<img decoding=\"async\" class=\"spectra-image-gallery__media-thumbnail spectra-image-gallery__media-thumbnail--grid\" src=\"http:\/\/turismevalles.com\/wp-content\/uploads\/2023\/11\/StMiquelFai-XSM-1-300x200.jpg\" alt=\"st miquel del fai\" loading=\"lazy\" \/>\n\t\t\t\t<\/picture>\n\t\t\t\t<div class=\"spectra-image-gallery__media-thumbnail-blurrer\"><\/div>\n\t\t\t\t\t\t\t\t\t\t\t<div class=\"spectra-image-gallery__media-thumbnail-caption-wrapper spectra-image-gallery__media-thumbnail-caption-wrapper--overlay\">\n\t\t\t\t\t\t\t\t\t\t\t<div class=\"spectra-image-gallery__media-thumbnail-caption spectra-image-gallery__media-thumbnail-caption--overlay\">\n\t\t\t\t\tSant Miquel del Fai\t\t\t\t<\/div>\n\t\t\t\t\t\t\t\t\t\t<\/div>\n\t\t\t\t\t\t\t\t\t<\/div>\n\t\t\t\t\t\t<\/div>\n\t\t\t\t\t\t<div class='spectra-image-gallery__media-wrapper' data-spectra-gallery-image-id='53928' tabindex=\"0\">\n\t\t\t\t\t\t\t<div class=\"spectra-image-gallery__media spectra-image-gallery__media--grid\">\n\t\t\t\t<picture>\n\t\t\t\t\t<source media=\"(min-width: 1024px)\" srcset=\"http:\/\/turismevalles.com\/wp-content\/uploads\/2024\/02\/LaDoma-AjGarriga-1024x950.jpg\">\n\t\t\t\t\t<source media=\"(min-width: 768px)\" srcset=\"http:\/\/turismevalles.com\/wp-content\/uploads\/2024\/02\/LaDoma-AjGarriga-1024x950.jpg\">\n\t\t\t\t\t<img decoding=\"async\" class=\"spectra-image-gallery__media-thumbnail spectra-image-gallery__media-thumbnail--grid\" src=\"http:\/\/turismevalles.com\/wp-content\/uploads\/2024\/02\/LaDoma-AjGarriga-300x278.jpg\" alt=\"la doma\" loading=\"lazy\" \/>\n\t\t\t\t<\/picture>\n\t\t\t\t<div class=\"spectra-image-gallery__media-thumbnail-blurrer\"><\/div>\n\t\t\t\t\t\t\t\t\t\t\t<div class=\"spectra-image-gallery__media-thumbnail-caption-wrapper spectra-image-gallery__media-thumbnail-caption-wrapper--overlay\">\n\t\t\t\t\t\t\t\t\t\t\t<div class=\"spectra-image-gallery__media-thumbnail-caption spectra-image-gallery__media-thumbnail-caption--overlay\">\n\t\t\t\t\tLa Doma de La Garriga\t\t\t\t<\/div>\n\t\t\t\t\t\t\t\t\t\t<\/div>\n\t\t\t\t\t\t\t\t\t<\/div>\n\t\t\t\t\t\t<\/div>\n\t\t\t\t\t\t<div class='spectra-image-gallery__media-wrapper' data-spectra-gallery-image-id='53969' tabindex=\"0\">\n\t\t\t\t\t\t\t<div class=\"spectra-image-gallery__media spectra-image-gallery__media--grid\">\n\t\t\t\t<picture>\n\t\t\t\t\t<source media=\"(min-width: 1024px)\" srcset=\"http:\/\/turismevalles.com\/wp-content\/uploads\/2024\/02\/StaJusta-XSM-1024x683.jpg\">\n\t\t\t\t\t<source media=\"(min-width: 768px)\" srcset=\"http:\/\/turismevalles.com\/wp-content\/uploads\/2024\/02\/StaJusta-XSM-1024x683.jpg\">\n\t\t\t\t\t<img decoding=\"async\" class=\"spectra-image-gallery__media-thumbnail spectra-image-gallery__media-thumbnail--grid\" src=\"http:\/\/turismevalles.com\/wp-content\/uploads\/2024\/02\/StaJusta-XSM-300x200.jpg\" alt=\"ermita rom\u00e0nica de santa justa i santa rufina\" loading=\"lazy\" \/>\n\t\t\t\t<\/picture>\n\t\t\t\t<div class=\"spectra-image-gallery__media-thumbnail-blurrer\"><\/div>\n\t\t\t\t\t\t\t\t\t\t\t<div class=\"spectra-image-gallery__media-thumbnail-caption-wrapper spectra-image-gallery__media-thumbnail-caption-wrapper--overlay\">\n\t\t\t\t\t\t\t\t\t\t\t<div class=\"spectra-image-gallery__media-thumbnail-caption spectra-image-gallery__media-thumbnail-caption--overlay\">\n\t\t\t\t\tSanta Justa i Santa Rufina\t\t\t\t<\/div>\n\t\t\t\t\t\t\t\t\t\t<\/div>\n\t\t\t\t\t\t\t\t\t<\/div>\n\t\t\t\t\t\t<\/div>\n\t\t\t\t\t\t<div class='spectra-image-gallery__media-wrapper' data-spectra-gallery-image-id='53983' tabindex=\"0\">\n\t\t\t\t\t\t\t<div class=\"spectra-image-gallery__media spectra-image-gallery__media--grid\">\n\t\t\t\t<picture>\n\t\t\t\t\t<source media=\"(min-width: 1024px)\" srcset=\"http:\/\/turismevalles.com\/wp-content\/uploads\/2024\/02\/StaMariaGallecsXSM-2-1024x546.jpg\">\n\t\t\t\t\t<source media=\"(min-width: 768px)\" srcset=\"http:\/\/turismevalles.com\/wp-content\/uploads\/2024\/02\/StaMariaGallecsXSM-2-1024x546.jpg\">\n\t\t\t\t\t<img decoding=\"async\" class=\"spectra-image-gallery__media-thumbnail spectra-image-gallery__media-thumbnail--grid\" src=\"http:\/\/turismevalles.com\/wp-content\/uploads\/2024\/02\/StaMariaGallecsXSM-2-300x160.jpg\" alt=\"sta maria gallecs\" loading=\"lazy\" \/>\n\t\t\t\t<\/picture>\n\t\t\t\t<div class=\"spectra-image-gallery__media-thumbnail-blurrer\"><\/div>\n\t\t\t\t\t\t\t\t\t\t\t<div class=\"spectra-image-gallery__media-thumbnail-caption-wrapper spectra-image-gallery__media-thumbnail-caption-wrapper--overlay\">\n\t\t\t\t\t\t\t\t\t\t\t<div class=\"spectra-image-gallery__media-thumbnail-caption spectra-image-gallery__media-thumbnail-caption--overlay\">\n\t\t\t\t\tSanta maria de Gallecs\t\t\t\t<\/div>\n\t\t\t\t\t\t\t\t\t\t<\/div>\n\t\t\t\t\t\t\t\t\t<\/div>\n\t\t\t\t\t\t<\/div>\n\t\t\t\t\t\t<div class='spectra-image-gallery__media-wrapper' data-spectra-gallery-image-id='54820' tabindex=\"0\">\n\t\t\t\t\t\t\t<div class=\"spectra-image-gallery__media spectra-image-gallery__media--grid\">\n\t\t\t\t<picture>\n\t\t\t\t\t<source media=\"(min-width: 1024px)\" srcset=\"http:\/\/turismevalles.com\/wp-content\/uploads\/2024\/03\/StaMariaTagamanent-Manel-Cuesta-1024x685.jpg\">\n\t\t\t\t\t<source media=\"(min-width: 768px)\" srcset=\"http:\/\/turismevalles.com\/wp-content\/uploads\/2024\/03\/StaMariaTagamanent-Manel-Cuesta-1024x685.jpg\">\n\t\t\t\t\t<img decoding=\"async\" class=\"spectra-image-gallery__media-thumbnail spectra-image-gallery__media-thumbnail--grid\" src=\"http:\/\/turismevalles.com\/wp-content\/uploads\/2024\/03\/StaMariaTagamanent-Manel-Cuesta-300x201.jpg\" alt=\"\" loading=\"lazy\" \/>\n\t\t\t\t<\/picture>\n\t\t\t\t<div class=\"spectra-image-gallery__media-thumbnail-blurrer\"><\/div>\n\t\t\t\t\t\t\t\t\t\t\t<div class=\"spectra-image-gallery__media-thumbnail-caption-wrapper spectra-image-gallery__media-thumbnail-caption-wrapper--overlay\">\n\t\t\t\t\t\t\t\t\t\t\t<div class=\"spectra-image-gallery__media-thumbnail-caption spectra-image-gallery__media-thumbnail-caption--overlay\">\n\t\t\t\t\tSanta Maria de Tagamanent\t\t\t\t<\/div>\n\t\t\t\t\t\t\t\t\t\t<\/div>\n\t\t\t\t\t\t\t\t\t<\/div>\n\t\t\t\t\t\t<\/div>\n\t\t\t\t\t\t\t\t\t\t<\/div>\n\t\t\t\t\t\t\t\t\t\t\t\t\t\t\t\t\t\t<\/div>\n\t\t\t\t\t\t\t\t\t\n\n\n<h2 class=\"gb-headline gb-headline-71569fed gb-headline-text\">Roman \u00e0 <a href=\"https:\/\/www.llicamunt.cat\/\">Lli\u00e7\u00e0 d&rsquo;Amunt<\/a><\/h2>\n\n\n\n<p>Au nord de Lli\u00e7\u00e0 d&rsquo;Amunt, au milieu d&rsquo;un petit bois en bordure de route, se trouve la chapelle romane de Santa Justa et Santa Rufina, avec un clocher et une abside aux arcs lombards. Le site sur lequel se trouve la chapelle est tr\u00e8s ancien et \u00e9tait d\u00e9j\u00e0 habit\u00e9 \u00e0 l&rsquo;\u00e9poque romaine. On ne sait pas quand l&rsquo;\u00e9difice roman a \u00e9t\u00e9 construit, bien qu&rsquo;il soit mentionn\u00e9 d\u00e8s 1071. Il pr\u00e9sente une particularit\u00e9 tr\u00e8s int\u00e9ressante, le mur qui ferme le presbyt\u00e8re, ce qui est tr\u00e8s inhabituel en Catalogne.<\/p>\n\n\n\n<h2 class=\"gb-headline gb-headline-905a3d68 gb-headline-text\">Roman \u00e0 <a href=\"https:\/\/www.molletvalles.cat\/\">Mollet del Vall\u00e8s<\/a><\/h2>\n\n\n\n<p>L&rsquo;Espai Rural de Gallecs est situ\u00e9 \u00e0 Mollet del Vall\u00e8s. Dans cette zone unique et importante pour la r\u00e9gion, vous trouverez Santa Maria de Gallecs, une chapelle romane datant du XIIe si\u00e8cle, dont les origines remontent \u00e0 un \u00e9difice pr\u00e9roman, mentionn\u00e9 d\u00e8s 1007. En outre, autour de l&rsquo;ermitage, vous trouverez des fermes d&rsquo;un grand int\u00e9r\u00eat architectural. <\/p>\n\n\n\n<h2 class=\"gb-headline gb-headline-e88f709e gb-headline-text\">Roman \u00e0 <a href=\"https:\/\/www.tagamanent.cat\/\">Tagamanent<\/a><\/h2>\n\n\n\n<p>Enfin, l&rsquo;\u00e9glise romane de Santa Maria de Tagamanent n&rsquo;est pas en reste. Situ\u00e9e au sommet de la colline du m\u00eame nom, il s&rsquo;agissait d&rsquo;une ancienne chapelle rurale li\u00e9e au ch\u00e2teau qui n&rsquo;existe plus. Cette fortification est mentionn\u00e9e pour la premi\u00e8re fois en 993, et l&rsquo;\u00e9glise en 1009. Cependant, il ne reste aucune trace de semences. L&rsquo;\u00e9difice actuel, qui date du XIIe si\u00e8cle, est le r\u00e9sultat de transformations et de reconstructions tardives.<\/p>\n\n\n\n<h2 class=\"gb-headline gb-headline-3b71c5c9 gb-headline-text\">Maintenant, profitons-en!<\/h2>\n\n\n\n<p>Nous vous recommandons de v\u00e9rifier les dates et heures de visite avant de vous rendre sur l&rsquo;un ou l&rsquo;autre des sites. Nous esp\u00e9rons \u00e9galement que vous en profiterez le plus possible, tout en respectant l&rsquo;environnement et les voisins. Sortez donc de chez vous et profitez du roman dans El Vall\u00e8s Oriental \u00e0 votre rythme pour \u00eatre entre le Ciel et la Terre!<\/p>\n\n\n\n<p>D&rsquo;ailleurs, n&rsquo;oubliez pas de consulter <a href=\"http:\/\/turismevalles.com\/events\/\">l&rsquo;agenda de Turisme Vall\u00e8s<\/a> pour conna\u00eetre tous les \u00e9v\u00e9nements et activit\u00e9s de la Semaine Sainte que nous avons r\u00e9partis dans toutes les villages de la r\u00e9gion !<\/p>\n","protected":false},"excerpt":{"rendered":"<p>Roman dans El Vall\u00e8s Oriental, pour \u00eatre entre le Ciel et la Terre Depuis le d\u00e9but de l&rsquo;humanit\u00e9, les hommes ont regard\u00e9 le ciel pour &#8230; <a title=\"Entre le Ciel et la Terre\" class=\"read-more\" href=\"https:\/\/turismevalles.com\/fr\/entre-le-ciel-et-la-terre-roman-valles-oriental\/\" aria-label=\"More on Entre le Ciel et la Terre\">Veure m\u00e9s<\/a><\/p>\n","protected":false},"author":5,"featured_media":54867,"comment_status":"open","ping_status":"closed","sticky":false,"template":"","format":"standard","meta":{"_acf_changed":false,"inline_featured_image":false,"_uag_custom_page_level_css":"","footnotes":""},"categories":[2598,2592,2594,2596,2599,2597,2595,113,2593],"tags":[1138,2600],"class_list":["post-54855","post","type-post","status-publish","format-standard","has-post-thumbnail","hentry","category-bigues-i-riells-fr","category-canovelles-fr","category-culture-fr","category-la-garriga-fr","category-llica-damunt-fr","category-mollet-del-valles-fr","category-moyen-age","category-non-classifiee","category-tagamanent-fr","tag-cultura-fr","tag-roman","generate-columns","tablet-grid-50","mobile-grid-100","grid-parent","grid-33"],"acf":[],"yoast_head":"<!-- This site is optimized with the Yoast SEO plugin v26.4 - https:\/\/yoast.com\/wordpress\/plugins\/seo\/ -->\n<title>Entre le Ciel et la Terre - Turisme Vall\u00e8s<\/title>\n<meta name=\"description\" content=\"Toutes les civilisations ont eu leurs religions. En l&#039;honneur de ces divinit\u00e9s, des temples ont \u00e9t\u00e9 \u00e9rig\u00e9s pour \u00eatre entre Ciel et Terre.\" \/>\n<meta name=\"robots\" content=\"index, follow, max-snippet:-1, max-image-preview:large, max-video-preview:-1\" \/>\n<link rel=\"canonical\" href=\"https:\/\/turismevalles.com\/fr\/entre-le-ciel-et-la-terre-roman-valles-oriental\/\" \/>\n<meta property=\"og:locale\" content=\"fr_FR\" \/>\n<meta property=\"og:type\" content=\"article\" \/>\n<meta property=\"og:title\" content=\"Entre le Ciel et la Terre - Turisme Vall\u00e8s\" \/>\n<meta property=\"og:description\" content=\"Toutes les civilisations ont eu leurs religions. En l&#039;honneur de ces divinit\u00e9s, des temples ont \u00e9t\u00e9 \u00e9rig\u00e9s pour \u00eatre entre Ciel et Terre.\" \/>\n<meta property=\"og:url\" content=\"https:\/\/turismevalles.com\/fr\/entre-le-ciel-et-la-terre-roman-valles-oriental\/\" \/>\n<meta property=\"og:site_name\" content=\"Turisme Vall\u00e8s\" \/>\n<meta property=\"article:published_time\" content=\"2024-03-28T10:04:15+00:00\" \/>\n<meta property=\"og:image\" content=\"https:\/\/turismevalles.com\/wp-content\/uploads\/2024\/03\/Banner4-1024x576.png\" \/>\n\t<meta property=\"og:image:width\" content=\"1024\" \/>\n\t<meta property=\"og:image:height\" content=\"576\" \/>\n\t<meta property=\"og:image:type\" content=\"image\/png\" \/>\n<meta name=\"author\" content=\"Turisme Valles\" \/>\n<meta name=\"twitter:card\" content=\"summary_large_image\" \/>\n<meta name=\"twitter:label1\" content=\"\u00c9crit par\" \/>\n\t<meta name=\"twitter:data1\" content=\"Turisme Valles\" \/>\n\t<meta name=\"twitter:label2\" content=\"Dur\u00e9e de lecture estim\u00e9e\" \/>\n\t<meta name=\"twitter:data2\" content=\"1 minute\" \/>\n<script type=\"application\/ld+json\" class=\"yoast-schema-graph\">{\"@context\":\"https:\/\/schema.org\",\"@graph\":[{\"@type\":\"Article\",\"@id\":\"https:\/\/turismevalles.com\/fr\/entre-le-ciel-et-la-terre-roman-valles-oriental\/#article\",\"isPartOf\":{\"@id\":\"https:\/\/turismevalles.com\/fr\/entre-le-ciel-et-la-terre-roman-valles-oriental\/\"},\"author\":{\"name\":\"Turisme Valles\",\"@id\":\"https:\/\/turismevalles.com\/en\/#\/schema\/person\/da3ada7244bbe32fad8e7e8236465a16\"},\"headline\":\"Entre le Ciel et la Terre\",\"datePublished\":\"2024-03-28T10:04:15+00:00\",\"mainEntityOfPage\":{\"@id\":\"https:\/\/turismevalles.com\/fr\/entre-le-ciel-et-la-terre-roman-valles-oriental\/\"},\"wordCount\":843,\"commentCount\":0,\"publisher\":{\"@id\":\"https:\/\/turismevalles.com\/en\/#organization\"},\"image\":{\"@id\":\"https:\/\/turismevalles.com\/fr\/entre-le-ciel-et-la-terre-roman-valles-oriental\/#primaryimage\"},\"thumbnailUrl\":\"https:\/\/turismevalles.com\/wp-content\/uploads\/2024\/03\/Banner4.png\",\"keywords\":[\"Cultura\",\"roman\"],\"articleSection\":[\"Bigues i Riells\",\"Canovelles\",\"Culture\",\"La Garriga\",\"Lli\u00e7\u00e0 d'Amunt\",\"Mollet del Vall\u00e8s\",\"Moyen \u00c2ge\",\"Non classifi\u00e9(e)\",\"Tagamanent\"],\"inLanguage\":\"fr-FR\",\"potentialAction\":[{\"@type\":\"CommentAction\",\"name\":\"Comment\",\"target\":[\"https:\/\/turismevalles.com\/fr\/entre-le-ciel-et-la-terre-roman-valles-oriental\/#respond\"]}]},{\"@type\":\"WebPage\",\"@id\":\"https:\/\/turismevalles.com\/fr\/entre-le-ciel-et-la-terre-roman-valles-oriental\/\",\"url\":\"https:\/\/turismevalles.com\/fr\/entre-le-ciel-et-la-terre-roman-valles-oriental\/\",\"name\":\"Entre le Ciel et la Terre - Turisme Vall\u00e8s\",\"isPartOf\":{\"@id\":\"https:\/\/turismevalles.com\/en\/#website\"},\"primaryImageOfPage\":{\"@id\":\"https:\/\/turismevalles.com\/fr\/entre-le-ciel-et-la-terre-roman-valles-oriental\/#primaryimage\"},\"image\":{\"@id\":\"https:\/\/turismevalles.com\/fr\/entre-le-ciel-et-la-terre-roman-valles-oriental\/#primaryimage\"},\"thumbnailUrl\":\"https:\/\/turismevalles.com\/wp-content\/uploads\/2024\/03\/Banner4.png\",\"datePublished\":\"2024-03-28T10:04:15+00:00\",\"description\":\"Toutes les civilisations ont eu leurs religions. En l'honneur de ces divinit\u00e9s, des temples ont \u00e9t\u00e9 \u00e9rig\u00e9s pour \u00eatre entre Ciel et Terre.\",\"breadcrumb\":{\"@id\":\"https:\/\/turismevalles.com\/fr\/entre-le-ciel-et-la-terre-roman-valles-oriental\/#breadcrumb\"},\"inLanguage\":\"fr-FR\",\"potentialAction\":[{\"@type\":\"ReadAction\",\"target\":[\"https:\/\/turismevalles.com\/fr\/entre-le-ciel-et-la-terre-roman-valles-oriental\/\"]}]},{\"@type\":\"ImageObject\",\"inLanguage\":\"fr-FR\",\"@id\":\"https:\/\/turismevalles.com\/fr\/entre-le-ciel-et-la-terre-roman-valles-oriental\/#primaryimage\",\"url\":\"https:\/\/turismevalles.com\/wp-content\/uploads\/2024\/03\/Banner4.png\",\"contentUrl\":\"https:\/\/turismevalles.com\/wp-content\/uploads\/2024\/03\/Banner4.png\",\"width\":4400,\"height\":2475,\"caption\":\"Entre le Ciel et la Terre\"},{\"@type\":\"BreadcrumbList\",\"@id\":\"https:\/\/turismevalles.com\/fr\/entre-le-ciel-et-la-terre-roman-valles-oriental\/#breadcrumb\",\"itemListElement\":[{\"@type\":\"ListItem\",\"position\":1,\"name\":\"Inici\",\"item\":\"https:\/\/turismevalles.com\/fr\/\"},{\"@type\":\"ListItem\",\"position\":2,\"name\":\"Entre le Ciel et la Terre\"}]},{\"@type\":\"WebSite\",\"@id\":\"https:\/\/turismevalles.com\/en\/#website\",\"url\":\"https:\/\/turismevalles.com\/en\/\",\"name\":\"Turisme Vall\u00e8s\",\"description\":\"\",\"publisher\":{\"@id\":\"https:\/\/turismevalles.com\/en\/#organization\"},\"potentialAction\":[{\"@type\":\"SearchAction\",\"target\":{\"@type\":\"EntryPoint\",\"urlTemplate\":\"https:\/\/turismevalles.com\/en\/?s={search_term_string}\"},\"query-input\":{\"@type\":\"PropertyValueSpecification\",\"valueRequired\":true,\"valueName\":\"search_term_string\"}}],\"inLanguage\":\"fr-FR\"},{\"@type\":\"Organization\",\"@id\":\"https:\/\/turismevalles.com\/en\/#organization\",\"name\":\"Turisme Vall\u00e8s\",\"url\":\"https:\/\/turismevalles.com\/en\/\",\"logo\":{\"@type\":\"ImageObject\",\"inLanguage\":\"fr-FR\",\"@id\":\"https:\/\/turismevalles.com\/en\/#\/schema\/logo\/image\/\",\"url\":\"https:\/\/turismevalles.com\/wp-content\/uploads\/2020\/08\/cropped-logo_ca-2.png\",\"contentUrl\":\"https:\/\/turismevalles.com\/wp-content\/uploads\/2020\/08\/cropped-logo_ca-2.png\",\"width\":314,\"height\":85,\"caption\":\"Turisme Vall\u00e8s\"},\"image\":{\"@id\":\"https:\/\/turismevalles.com\/en\/#\/schema\/logo\/image\/\"}},{\"@type\":\"Person\",\"@id\":\"https:\/\/turismevalles.com\/en\/#\/schema\/person\/da3ada7244bbe32fad8e7e8236465a16\",\"name\":\"Turisme Valles\",\"image\":{\"@type\":\"ImageObject\",\"inLanguage\":\"fr-FR\",\"@id\":\"https:\/\/turismevalles.com\/en\/#\/schema\/person\/image\/\",\"url\":\"https:\/\/secure.gravatar.com\/avatar\/7e16883f64cc26bc17bd484e55e43f21867385a5cb8ebdc8b94540485c823a4b?s=96&d=mm&r=g\",\"contentUrl\":\"https:\/\/secure.gravatar.com\/avatar\/7e16883f64cc26bc17bd484e55e43f21867385a5cb8ebdc8b94540485c823a4b?s=96&d=mm&r=g\",\"caption\":\"Turisme Valles\"},\"url\":\"https:\/\/turismevalles.com\/fr\/author\/turismevallesoriental\/\"}]}<\/script>\n<!-- \/ Yoast SEO plugin. -->","yoast_head_json":{"title":"Entre le Ciel et la Terre - Turisme Vall\u00e8s","description":"Toutes les civilisations ont eu leurs religions. En l'honneur de ces divinit\u00e9s, des temples ont \u00e9t\u00e9 \u00e9rig\u00e9s pour \u00eatre entre Ciel et Terre.","robots":{"index":"index","follow":"follow","max-snippet":"max-snippet:-1","max-image-preview":"max-image-preview:large","max-video-preview":"max-video-preview:-1"},"canonical":"https:\/\/turismevalles.com\/fr\/entre-le-ciel-et-la-terre-roman-valles-oriental\/","og_locale":"fr_FR","og_type":"article","og_title":"Entre le Ciel et la Terre - Turisme Vall\u00e8s","og_description":"Toutes les civilisations ont eu leurs religions. En l'honneur de ces divinit\u00e9s, des temples ont \u00e9t\u00e9 \u00e9rig\u00e9s pour \u00eatre entre Ciel et Terre.","og_url":"https:\/\/turismevalles.com\/fr\/entre-le-ciel-et-la-terre-roman-valles-oriental\/","og_site_name":"Turisme Vall\u00e8s","article_published_time":"2024-03-28T10:04:15+00:00","og_image":[{"width":1024,"height":576,"url":"https:\/\/turismevalles.com\/wp-content\/uploads\/2024\/03\/Banner4-1024x576.png","type":"image\/png"}],"author":"Turisme Valles","twitter_card":"summary_large_image","twitter_misc":{"\u00c9crit par":"Turisme Valles","Dur\u00e9e de lecture estim\u00e9e":"1 minute"},"schema":{"@context":"https:\/\/schema.org","@graph":[{"@type":"Article","@id":"https:\/\/turismevalles.com\/fr\/entre-le-ciel-et-la-terre-roman-valles-oriental\/#article","isPartOf":{"@id":"https:\/\/turismevalles.com\/fr\/entre-le-ciel-et-la-terre-roman-valles-oriental\/"},"author":{"name":"Turisme Valles","@id":"https:\/\/turismevalles.com\/en\/#\/schema\/person\/da3ada7244bbe32fad8e7e8236465a16"},"headline":"Entre le Ciel et la Terre","datePublished":"2024-03-28T10:04:15+00:00","mainEntityOfPage":{"@id":"https:\/\/turismevalles.com\/fr\/entre-le-ciel-et-la-terre-roman-valles-oriental\/"},"wordCount":843,"commentCount":0,"publisher":{"@id":"https:\/\/turismevalles.com\/en\/#organization"},"image":{"@id":"https:\/\/turismevalles.com\/fr\/entre-le-ciel-et-la-terre-roman-valles-oriental\/#primaryimage"},"thumbnailUrl":"https:\/\/turismevalles.com\/wp-content\/uploads\/2024\/03\/Banner4.png","keywords":["Cultura","roman"],"articleSection":["Bigues i Riells","Canovelles","Culture","La Garriga","Lli\u00e7\u00e0 d'Amunt","Mollet del Vall\u00e8s","Moyen \u00c2ge","Non classifi\u00e9(e)","Tagamanent"],"inLanguage":"fr-FR","potentialAction":[{"@type":"CommentAction","name":"Comment","target":["https:\/\/turismevalles.com\/fr\/entre-le-ciel-et-la-terre-roman-valles-oriental\/#respond"]}]},{"@type":"WebPage","@id":"https:\/\/turismevalles.com\/fr\/entre-le-ciel-et-la-terre-roman-valles-oriental\/","url":"https:\/\/turismevalles.com\/fr\/entre-le-ciel-et-la-terre-roman-valles-oriental\/","name":"Entre le Ciel et la Terre - Turisme Vall\u00e8s","isPartOf":{"@id":"https:\/\/turismevalles.com\/en\/#website"},"primaryImageOfPage":{"@id":"https:\/\/turismevalles.com\/fr\/entre-le-ciel-et-la-terre-roman-valles-oriental\/#primaryimage"},"image":{"@id":"https:\/\/turismevalles.com\/fr\/entre-le-ciel-et-la-terre-roman-valles-oriental\/#primaryimage"},"thumbnailUrl":"https:\/\/turismevalles.com\/wp-content\/uploads\/2024\/03\/Banner4.png","datePublished":"2024-03-28T10:04:15+00:00","description":"Toutes les civilisations ont eu leurs religions. En l'honneur de ces divinit\u00e9s, des temples ont \u00e9t\u00e9 \u00e9rig\u00e9s pour \u00eatre entre Ciel et Terre.","breadcrumb":{"@id":"https:\/\/turismevalles.com\/fr\/entre-le-ciel-et-la-terre-roman-valles-oriental\/#breadcrumb"},"inLanguage":"fr-FR","potentialAction":[{"@type":"ReadAction","target":["https:\/\/turismevalles.com\/fr\/entre-le-ciel-et-la-terre-roman-valles-oriental\/"]}]},{"@type":"ImageObject","inLanguage":"fr-FR","@id":"https:\/\/turismevalles.com\/fr\/entre-le-ciel-et-la-terre-roman-valles-oriental\/#primaryimage","url":"https:\/\/turismevalles.com\/wp-content\/uploads\/2024\/03\/Banner4.png","contentUrl":"https:\/\/turismevalles.com\/wp-content\/uploads\/2024\/03\/Banner4.png","width":4400,"height":2475,"caption":"Entre le Ciel et la Terre"},{"@type":"BreadcrumbList","@id":"https:\/\/turismevalles.com\/fr\/entre-le-ciel-et-la-terre-roman-valles-oriental\/#breadcrumb","itemListElement":[{"@type":"ListItem","position":1,"name":"Inici","item":"https:\/\/turismevalles.com\/fr\/"},{"@type":"ListItem","position":2,"name":"Entre le Ciel et la Terre"}]},{"@type":"WebSite","@id":"https:\/\/turismevalles.com\/en\/#website","url":"https:\/\/turismevalles.com\/en\/","name":"Turisme Vall\u00e8s","description":"","publisher":{"@id":"https:\/\/turismevalles.com\/en\/#organization"},"potentialAction":[{"@type":"SearchAction","target":{"@type":"EntryPoint","urlTemplate":"https:\/\/turismevalles.com\/en\/?s={search_term_string}"},"query-input":{"@type":"PropertyValueSpecification","valueRequired":true,"valueName":"search_term_string"}}],"inLanguage":"fr-FR"},{"@type":"Organization","@id":"https:\/\/turismevalles.com\/en\/#organization","name":"Turisme Vall\u00e8s","url":"https:\/\/turismevalles.com\/en\/","logo":{"@type":"ImageObject","inLanguage":"fr-FR","@id":"https:\/\/turismevalles.com\/en\/#\/schema\/logo\/image\/","url":"https:\/\/turismevalles.com\/wp-content\/uploads\/2020\/08\/cropped-logo_ca-2.png","contentUrl":"https:\/\/turismevalles.com\/wp-content\/uploads\/2020\/08\/cropped-logo_ca-2.png","width":314,"height":85,"caption":"Turisme Vall\u00e8s"},"image":{"@id":"https:\/\/turismevalles.com\/en\/#\/schema\/logo\/image\/"}},{"@type":"Person","@id":"https:\/\/turismevalles.com\/en\/#\/schema\/person\/da3ada7244bbe32fad8e7e8236465a16","name":"Turisme Valles","image":{"@type":"ImageObject","inLanguage":"fr-FR","@id":"https:\/\/turismevalles.com\/en\/#\/schema\/person\/image\/","url":"https:\/\/secure.gravatar.com\/avatar\/7e16883f64cc26bc17bd484e55e43f21867385a5cb8ebdc8b94540485c823a4b?s=96&d=mm&r=g","contentUrl":"https:\/\/secure.gravatar.com\/avatar\/7e16883f64cc26bc17bd484e55e43f21867385a5cb8ebdc8b94540485c823a4b?s=96&d=mm&r=g","caption":"Turisme Valles"},"url":"https:\/\/turismevalles.com\/fr\/author\/turismevallesoriental\/"}]}},"uagb_featured_image_src":{"full":["https:\/\/turismevalles.com\/wp-content\/uploads\/2024\/03\/Banner4.png",4400,2475,false],"thumbnail":["https:\/\/turismevalles.com\/wp-content\/uploads\/2024\/03\/Banner4-150x150.png",150,150,true],"medium":["https:\/\/turismevalles.com\/wp-content\/uploads\/2024\/03\/Banner4-300x169.png",300,169,true],"medium_large":["https:\/\/turismevalles.com\/wp-content\/uploads\/2024\/03\/Banner4-768x432.png",768,432,true],"large":["https:\/\/turismevalles.com\/wp-content\/uploads\/2024\/03\/Banner4-1024x576.png",1024,576,true],"thumblist":["https:\/\/turismevalles.com\/wp-content\/uploads\/2024\/03\/Banner4-300x300.png",300,300,true],"meccarouselthumb":["https:\/\/turismevalles.com\/wp-content\/uploads\/2024\/03\/Banner4-474x324.png",474,324,true],"gridsquare":["https:\/\/turismevalles.com\/wp-content\/uploads\/2024\/03\/Banner4-391x260.png",391,260,true],"tileview":["https:\/\/turismevalles.com\/wp-content\/uploads\/2024\/03\/Banner4-300x400.png",300,400,true],"1536x1536":["https:\/\/turismevalles.com\/wp-content\/uploads\/2024\/03\/Banner4-1536x864.png",1536,864,true],"2048x2048":["https:\/\/turismevalles.com\/wp-content\/uploads\/2024\/03\/Banner4-2048x1152.png",2048,1152,true]},"uagb_author_info":{"display_name":"Turisme Valles","author_link":"https:\/\/turismevalles.com\/fr\/author\/turismevallesoriental\/"},"uagb_comment_info":0,"uagb_excerpt":"Roman dans El Vall\u00e8s Oriental, pour \u00eatre entre le Ciel et la Terre Depuis le d\u00e9but de l&rsquo;humanit\u00e9, les hommes ont regard\u00e9 le ciel pour ... Veure m\u00e9s","_links":{"self":[{"href":"https:\/\/turismevalles.com\/fr\/wp-json\/wp\/v2\/posts\/54855","targetHints":{"allow":["GET"]}}],"collection":[{"href":"https:\/\/turismevalles.com\/fr\/wp-json\/wp\/v2\/posts"}],"about":[{"href":"https:\/\/turismevalles.com\/fr\/wp-json\/wp\/v2\/types\/post"}],"author":[{"embeddable":true,"href":"https:\/\/turismevalles.com\/fr\/wp-json\/wp\/v2\/users\/5"}],"replies":[{"embeddable":true,"href":"https:\/\/turismevalles.com\/fr\/wp-json\/wp\/v2\/comments?post=54855"}],"version-history":[{"count":0,"href":"https:\/\/turismevalles.com\/fr\/wp-json\/wp\/v2\/posts\/54855\/revisions"}],"wp:featuredmedia":[{"embeddable":true,"href":"https:\/\/turismevalles.com\/fr\/wp-json\/wp\/v2\/media\/54867"}],"wp:attachment":[{"href":"https:\/\/turismevalles.com\/fr\/wp-json\/wp\/v2\/media?parent=54855"}],"wp:term":[{"taxonomy":"category","embeddable":true,"href":"https:\/\/turismevalles.com\/fr\/wp-json\/wp\/v2\/categories?post=54855"},{"taxonomy":"post_tag","embeddable":true,"href":"https:\/\/turismevalles.com\/fr\/wp-json\/wp\/v2\/tags?post=54855"}],"curies":[{"name":"wp","href":"https:\/\/api.w.org\/{rel}","templated":true}]}}